{"id":5424,"date":"2023-10-16T00:11:50","date_gmt":"2023-10-15T22:11:50","guid":{"rendered":"https:\/\/comenascelacostituzione.it\/?p=5424"},"modified":"2023-12-08T23:50:34","modified_gmt":"2023-12-08T22:50:34","slug":"lunedi-27-gennaio-1947","status":"publish","type":"post","link":"https:\/\/comenascelacostituzione.it\/?p=5424","title":{"rendered":"LUNED\u00cc 27 GENNAIO 1947 (seconda sezione)"},"content":{"rendered":"\t\t<div data-elementor-type=\"wp-post\" data-elementor-id=\"5424\" class=\"elementor elementor-5424\" data-elementor-post-type=\"post\">\n\t\t\t\t\t\t<section class=\"elementor-section elementor-top-section elementor-element elementor-element-4c994ca elementor-section-full_width elementor-section-height-default elementor-section-height-default\" data-id=\"4c994ca\" data-element_type=\"section\">\n\t\t\t\t\t\t<div class=\"elementor-container elementor-column-gap-default\">\n\t\t\t\t\t<div class=\"elementor-column elementor-col-100 elementor-top-column elementor-element elementor-element-074857a\" data-id=\"074857a\" data-element_type=\"column\">\n\t\t\t<div class=\"elementor-widget-wrap elementor-element-populated\">\n\t\t\t\t\t\t<div class=\"elementor-element elementor-element-df2dbd2 elementor-align-right elementor-widget elementor-widget-button\" data-id=\"df2dbd2\" data-element_type=\"widget\" data-widget_type=\"button.default\">\n\t\t\t\t<div class=\"elementor-widget-container\">\n\t\t\t\t\t\t\t\t\t<div class=\"elementor-button-wrapper\">\n\t\t\t\t\t<a class=\"elementor-button elementor-button-link elementor-size-sm\" href=\"https:\/\/comenascelacostituzione.it\/wp-content\/uploads\/2023\/12\/19470127sed024ss.pdf\" target=\"_blank\">\n\t\t\t\t\t\t<span class=\"elementor-button-content-wrapper\">\n\t\t\t\t\t\t<span class=\"elementor-button-icon\">\n\t\t\t\t<i aria-hidden=\"true\" class=\"icon icon-view\"><\/i>\t\t\t<\/span>\n\t\t\t\t\t\t\t\t\t<span class=\"elementor-button-text\">Versione PDF<\/span>\n\t\t\t\t\t<\/span>\n\t\t\t\t\t<\/a>\n\t\t\t\t<\/div>\n\t\t\t\t\t\t\t\t<\/div>\n\t\t\t\t<\/div>\n\t\t\t\t<div class=\"elementor-element elementor-element-6edf856 elementor-widget elementor-widget-text-editor\" data-id=\"6edf856\" data-element_type=\"widget\" data-widget_type=\"text-editor.default\">\n\t\t\t\t<div class=\"elementor-widget-container\">\n\t\t\t\t\t\t\t\t\t<p>ASSEMBLEA COSTITUENTE<\/p><p>COMMISSIONE PER LA COSTITUZIONE<\/p><p>SECONDA SOTTOCOMMISSIONE<br \/>(SECONDA SEZIONE)<\/p><p>24.<\/p><p>RESOCONTO SOMMARIO<\/p><p>DELLA SEDUTA DI LUNED\u00cc 27 GENNAIO 1947<\/p><p>PRESIDENZA DEL PRESIDENTE <strong>CONTI<\/strong><\/p><p><strong>INDICE<\/strong><\/p><p><strong>Avvocatura dello Stato e Corti d\u2019assise<\/strong> (<em>Discussione<\/em>)<\/p><p>Ambrosini \u2013 Farini \u2013 Cappi \u2013 Targetti \u2013 Presidente \u2013 Mannironi \u2013 Bozzi \u2013 Bulloni.<\/p><p>La seduta comincia alle 16.<\/p><p>Discussione sull\u2019Avvocatura generale dello Stato e sulle Corti d\u2019assise.<\/p><p>AMBROSINI propone un articolo sulla Avvocatura generale dello Stato, cos\u00ec formulato:<\/p><p>\u00abL\u2019Avvocatura dello Stato provvede alla consulenza legale e alla difesa in giudizio dello Stato e degli altri enti indicati dalla legge anche davanti alla Corte costituzionale.<\/p><p>\u00abAgli avvocati e procuratori dello Stato competono garanzie adeguate per assicurarne l\u2019indipendenza nell\u2019esercizio della loro funzione\u00bb.<\/p><p>FARINI non pensa che l\u2019articolo possa essere preso in esame dalla Sezione, in quanto l\u2019Avvocatura dello Stato non \u00e8 uno organo del potere giudiziario, bens\u00ec uno speciale organo di cui lo Stato si serve per la sua difesa, in confronto di terzi, in caso di controversie di carattere giudiziario. Non crede che dell\u2019istituto si debba far cenno nella Carta costituzionale; tutt\u2019al pi\u00f9 si potrebbe semplicemente dire che all\u2019Avvocatura generale sar\u00e0 affidata la difesa in giudizio degli interessi dello Stato.<\/p><p>CAPPI, concordando con le osservazioni dell\u2019onorevole Farini, propone di aggiungere un\u2019appendice all\u2019ultimo articolo riguardante la Corte costituzionale, cos\u00ec formulato:<\/p><p>\u00abAvanti alla Corte costituzionale la rappresentanza dello Stato \u00e8 affidata all\u2019Avvocatura generale\u00bb.<\/p><p>TARGETTI \u00e8 contrario a che la Sezione si occupi della questione della Avvocatura dello Stato, in quanto tale istituto non ha nulla a che vedere con il potere giudiziario, che costituisce l\u2019oggetto del suo mandato.<\/p><p>PRESIDENTE crede necessario che la Sezione approvi un articolo sull\u2019Avvocatura dello Stato, affidando poi al Comitato di redazione il compito di trovargli adeguato posto nella Costituzione. Si avr\u00e0 cos\u00ec nozione dell\u2019esistenza dell\u2019istituto che provvede alla difesa dello Stato avanti a tutte le giurisdizioni e quindi anche avanti alla Corte Suprema costituzionale.<\/p><p>Pone pertanto in votazione la pregiudiziale che si debba inserire nella Carta costituzionale un articolo riguardante l\u2019Avvocatura dello Stato.<\/p><p>(<em>\u00c8 approvata<\/em>).<\/p><p>Avverte che l\u2019articolo proposto dall\u2019onorevole Ambrosini sar\u00e0 trasmesso al Comitato di redazione.<\/p><p>Ricorda che la Sezione deve deliberare sulla questione della Corte di assise, di cui gi\u00e0 si tratt\u00f2 in una precedente seduta.<\/p><p>TARGETTI, anche a nome degli onorevoli Bocconi, Ravagnan, Farini, Laconi, presenta la seguente proposta di articolo:<\/p><p>\u00abIl popolo partecipa direttamente alla amministrazione della giustizia mediante l\u2019istituto della giuria nei processi di Corte d\u2019assise e con la nomina delle magistrature minori elettive che la legge potr\u00e0 costituire\u00bb.<\/p><p>Chiarisce che tale proposta tende sia a fissare una norma in merito ai giurati, sia a realizzare un\u2019antica aspirazione di tutti i partiti democratici circa l\u2019elettivit\u00e0 dei giudici. Pur riconoscendo che l\u2019innovazione potrebbe sembrare ardita e dar luogo a preoccupazioni forse maggiori di quelle che non comportino altre riforme che sono state progettate, ritiene che non si debba chiudere la strada alla possibilit\u00e0 di creare delle magistrature elettive, sia pur limitandola alle minori, senza che per far ci\u00f2 occorra rivedere la Costituzione.<\/p><p>FARINI rileva che la proposta ha soprattutto valore come indirizzo e aspirazione per il futuro.<\/p><p>AMBROSINI, senza rinnegare alcun principio democratico, pensa che il problema della creazione di magistrature elettive non sia attuale e che non si debba quindi pregiudicare l\u2019avvenire della legislazione. Accogliere infatti nella Costituzione una norma come quella proposta significherebbe in realt\u00e0 sospingere il legislatore a procedere in breve tempo alla sua attuazione. A suo avviso, se nel futuro tale esigenza sar\u00e0 particolarmente sentita, spetter\u00e0 al legislatore di tenerla presente e di provvedere in conseguenza; ma non ritiene che ci\u00f2 sia necessario in sede di formazione della Costituzione.<\/p><p>MANNIRONI fa presente che, se in teoria la norma offre una certa attrattiva, per passare alla sua pratica applicazione si incontrerebbero indubbiamente non lievi difficolt\u00e0.<\/p><p>BOZZI chiede all\u2019onorevole Targetti il significato esatto del termine \u00abdirettamente\u00bb.<\/p><p>TARGETTI chiarisce che, mentre nelle nomine dei magistrati il popolo non ha ingerenza alcuna, i giurati provengono dal popolo. Dichiara tuttavia di essere disposto a sopprimere tale termine.<\/p><p>PRESIDENTE avverte che l\u2019articolo sar\u00e0 posto in votazione per divisione, cominciando dalla prima parte:<\/p><p>\u00abIl popolo partecipa all\u2019amministrazione della giustizia mediante l\u2019istituto della giuria nei processi di Corte d\u2019assise\u00bb.<\/p><p>CAPPI \u00e8 contrario a questa disposizione, a meno che non sia limitata ai processi avanti la Corte d\u2019assise in materia politica.<\/p><p>MANNIRONI si associa alla dichiarazione dell\u2019onorevole Cappi e, dato che non era presente nella seduta nella quale fu discusso l\u2019argomento, dichiara di essere contrario all\u2019istituzione della giuria popolare e favorevole ad una forma di integrazione popolare del giudice ordinario, soltanto al fine di consentire il giudizio di secondo grado anche per i reati giudicati dalla Corte d\u2019assise.<\/p><p>BULLONI dichiara di essere favorevole all\u2019istituzione della giuria popolare, perch\u00e9 ritiene che l\u2019istituto valga a garantire il giudice togato nella pi\u00f9 assoluta indipendenza delle sue funzioni, sottraendo alla sua competenza i reati che abbiano sfondo politico, quali i reati contro personalit\u00e0 dello Stato e i reati che pi\u00f9 appassionano la pubblica opinione.<\/p><p>FARINI dichiara, anche a nome dei suoi colleghi di partito, di non poter aderire all\u2019emendamento limitativo proposto dall\u2019onorevole Cappi.<\/p><p>PRESIDENTE pone in votazione il principio limitativo proposto dall\u2019onorevole Cappi.<\/p><p>(<em>Non \u00e8 approvato<\/em>).<\/p><p>Pone in votazione la prima parte dell\u2019articolo proposto dall\u2019onorevole Targetti.<\/p><p>(<em>\u00c8 approvata<\/em>).<\/p><p>D\u00e0 lettura della seconda parte:<\/p><p>\u00ab&#8230;e con la nomina delle magistrature minori elettive che la legge potr\u00e0 costituire.\u00bb.<\/p><p>BULLONI, condividendo pienamente in via teorica l\u2019aspirazione dell\u2019onorevole Targetti all\u2019elezione delle magistrature minori da parte del popolo, fa le sue riserve sull\u2019applicazione pratica del nuovo istituto, soprattutto in considerazione delle particolari condizioni attuali del nostro Paese. Osserva inoltre che, se si introducesse il principio dell\u2019elezione per le magistrature minori, analogo sistema dovrebbe essere adottato anche per tutte le altre.<\/p><p>PRESIDENTE pone ai voti la seconda parte della proposta Targetti.<\/p><p>(<em>Non \u00e8 approvata<\/em>).<\/p><p>Comunica che con l\u2019approvazione di quest\u2019ultimo articolo \u00e8 terminato l\u2019esame delle materie assegnate alla seconda Sezione, che ha quindi esaurito i suoi lavori.<\/p><p>La seduta termina alle 17.<\/p><p><em>Erano presenti:<\/em> Ambrosini, Bocconi, Bozzi, Bulloni, Cappi, Conti, Farini, Mannironi, Ravagnan, Targetti, Uberti.<\/p><p><em>Assenti:<\/em> Calamandrei, Castiglia, Di Giovanni, Laconi, Leone Giovanni, Porzio.<\/p>\t\t\t\t\t\t\t\t<\/div>\n\t\t\t\t<\/div>\n\t\t\t\t\t<\/div>\n\t\t<\/div>\n\t\t\t\t\t<\/div>\n\t\t<\/section>\n\t\t\t\t<\/div>\n\t\t","protected":false},"excerpt":{"rendered":"<p>Versione PDF ASSEMBLEA COSTITUENTE COMMISSIONE PER LA COSTITUZIONE SECONDA SOTTOCOMMISSIONE(SECONDA SEZIONE) 24. RESOCONTO SOMMARIO DELLA SEDUTA DI LUNED\u00cc 27 GENNAIO 1947 PRESIDENZA DEL PRESIDENTE CONTI INDICE Avvocatura dello Stato e Corti d\u2019assise (Discussione) Ambrosini \u2013 Farini \u2013 Cappi \u2013 Targetti \u2013 Presidente \u2013 Mannironi \u2013 Bozzi \u2013 Bulloni. La seduta comincia alle 16. Discussione sull\u2019Avvocatura [&hellip;]<\/p>\n","protected":false},"author":1,"featured_media":0,"comment_status":"closed","ping_status":"closed","sticky":false,"template":"","format":"standard","meta":{"_relevanssi_hide_post":"","_relevanssi_hide_content":"","_relevanssi_pin_for_all":"","_relevanssi_pin_keywords":"","_relevanssi_unpin_keywords":"","_relevanssi_related_keywords":"","_relevanssi_related_include_ids":"","_relevanssi_related_exclude_ids":"","_relevanssi_related_no_append":"","_relevanssi_related_not_related":"","_relevanssi_related_posts":"2390,2017,2114,2388,5190,5168","_relevanssi_noindex_reason":"","_monsterinsights_skip_tracking":false,"_monsterinsights_sitenote_active":false,"_monsterinsights_sitenote_note":"","_monsterinsights_sitenote_category":0,"footnotes":""},"categories":[127,70],"tags":[],"post_folder":[126],"class_list":["post-5424","post","type-post","status-publish","format-standard","hentry","category-1947-01ss","category-seconda-sottocommissione"],"aioseo_notices":[],"_links":{"self":[{"href":"https:\/\/comenascelacostituzione.it\/index.php?rest_route=\/wp\/v2\/posts\/5424","targetHints":{"allow":["GET"]}}],"collection":[{"href":"https:\/\/comenascelacostituzione.it\/index.php?rest_route=\/wp\/v2\/posts"}],"about":[{"href":"https:\/\/comenascelacostituzione.it\/index.php?rest_route=\/wp\/v2\/types\/post"}],"author":[{"embeddable":true,"href":"https:\/\/comenascelacostituzione.it\/index.php?rest_route=\/wp\/v2\/users\/1"}],"replies":[{"embeddable":true,"href":"https:\/\/comenascelacostituzione.it\/index.php?rest_route=%2Fwp%2Fv2%2Fcomments&post=5424"}],"version-history":[{"count":9,"href":"https:\/\/comenascelacostituzione.it\/index.php?rest_route=\/wp\/v2\/posts\/5424\/revisions"}],"predecessor-version":[{"id":10707,"href":"https:\/\/comenascelacostituzione.it\/index.php?rest_route=\/wp\/v2\/posts\/5424\/revisions\/10707"}],"wp:attachment":[{"href":"https:\/\/comenascelacostituzione.it\/index.php?rest_route=%2Fwp%2Fv2%2Fmedia&parent=5424"}],"wp:term":[{"taxonomy":"category","embeddable":true,"href":"https:\/\/comenascelacostituzione.it\/index.php?rest_route=%2Fwp%2Fv2%2Fcategories&post=5424"},{"taxonomy":"post_tag","embeddable":true,"href":"https:\/\/comenascelacostituzione.it\/index.php?rest_route=%2Fwp%2Fv2%2Ftags&post=5424"},{"taxonomy":"post_folder","embeddable":true,"href":"https:\/\/comenascelacostituzione.it\/index.php?rest_route=%2Fwp%2Fv2%2Fpost_folder&post=5424"}],"curies":[{"name":"wp","href":"https:\/\/api.w.org\/{rel}","templated":true}]}}