{"id":4871,"date":"2023-10-15T17:38:05","date_gmt":"2023-10-15T15:38:05","guid":{"rendered":"https:\/\/comenascelacostituzione.it\/?p=4871"},"modified":"2023-10-22T21:26:02","modified_gmt":"2023-10-22T19:26:02","slug":"seduta-di-sabato-20-luglio-1946","status":"publish","type":"post","link":"https:\/\/comenascelacostituzione.it\/?p=4871","title":{"rendered":"SABATO 20 LUGLIO 1946"},"content":{"rendered":"\t\t<div data-elementor-type=\"wp-post\" data-elementor-id=\"4871\" class=\"elementor elementor-4871\" data-elementor-post-type=\"post\">\n\t\t\t\t\t\t<section class=\"elementor-section elementor-top-section elementor-element elementor-element-ef43117 elementor-section-full_width elementor-section-height-default elementor-section-height-default\" data-id=\"ef43117\" data-element_type=\"section\">\n\t\t\t\t\t\t<div class=\"elementor-container elementor-column-gap-default\">\n\t\t\t\t\t<div class=\"elementor-column elementor-col-100 elementor-top-column elementor-element elementor-element-02a8867\" data-id=\"02a8867\" data-element_type=\"column\">\n\t\t\t<div class=\"elementor-widget-wrap elementor-element-populated\">\n\t\t\t\t\t\t<div class=\"elementor-element elementor-element-5e0dd76 elementor-align-right elementor-widget elementor-widget-button\" data-id=\"5e0dd76\" data-element_type=\"widget\" data-widget_type=\"button.default\">\n\t\t\t\t<div class=\"elementor-widget-container\">\n\t\t\t\t\t\t\t\t\t<div class=\"elementor-button-wrapper\">\n\t\t\t\t\t<a class=\"elementor-button elementor-button-link elementor-size-sm\" href=\"https:\/\/comenascelacostituzione.it\/wp-content\/uploads\/2023\/10\/19460720sed001cc.pdf\" target=\"_blank\">\n\t\t\t\t\t\t<span class=\"elementor-button-content-wrapper\">\n\t\t\t\t\t\t<span class=\"elementor-button-icon\">\n\t\t\t\t<i aria-hidden=\"true\" class=\"icon icon-view\"><\/i>\t\t\t<\/span>\n\t\t\t\t\t\t\t\t\t<span class=\"elementor-button-text\">Versione PDF<\/span>\n\t\t\t\t\t<\/span>\n\t\t\t\t\t<\/a>\n\t\t\t\t<\/div>\n\t\t\t\t\t\t\t\t<\/div>\n\t\t\t\t<\/div>\n\t\t\t\t<div class=\"elementor-element elementor-element-0fb3a0a elementor-widget elementor-widget-text-editor\" data-id=\"0fb3a0a\" data-element_type=\"widget\" data-widget_type=\"text-editor.default\">\n\t\t\t\t<div class=\"elementor-widget-container\">\n\t\t\t\t\t\t\t\t\t<p>ASSEMBLEA COSTITUENTE<\/p><p><strong>COMMISSIONE PER LA COSTITUZIONE<\/strong><\/p><p><strong>ADUNANZA PLENARIA<\/strong><\/p><p>1.<\/p><p>RESOCONTO SOMMARIO<\/p><p>DELLA SEDUTA DI SABATO 20 LUGLIO 1946<\/p><p>PRESIDENZA DEL PRESIDENTE PROVVISORIO <strong>PORZIO<\/strong><\/p><p>indi<\/p><p>DEL PRESIDENTE <strong>RUINI<\/strong><\/p><p><strong>INDICE<\/strong><\/p><p><strong>Costituzione dell\u2019Ufficio di Presidenza <\/strong><\/p><p>Porzio, <em>Presidente provvisorio<\/em> \u2013 Mol\u00e8 \u2013 Tupini \u2013 Ruini, <em>Presidente<\/em><\/p><p><strong>Sui lavori della Commissione<\/strong><\/p><p>Presidente \u2013 Porzio<\/p><p>La seduta comincia alle 10.15.<\/p><p>Costituzione dell\u2019Ufficio di Presidenza.<\/p><p>PORZIO, quale decano dei presenti, assume la presidenza, assistito dalla onorevole Iotti Leonilde, quale pi\u00f9 giovane dei presenti, in funzione di segretario.<\/p><p>Invita la Commissione ad eleggere il Presidente.<\/p><p>(<em>Si procede alla votazione<\/em>)<em>.<\/em><\/p><p>Comunica l\u2019esito della votazione:<\/p><p>Presenti e votanti\u00a0\u00a0\u00a0\u00a0 61<\/p><p>Hanno ottenuto voti: Ruini 47, Mastrojanni 7, Calamandrei 1, Tupini 1, Zuccarini 1, schede bianche 4.<\/p><p>Proclama eletto Presidente l\u2019onorevole Ruini.<\/p><p>Invita la Commissione ad eleggere tre Vicepresidenti.<\/p><p>(<em>Si procede alla votazione<\/em>)<em>.<\/em><\/p><p>Comunica l\u2019esito della votazione:<\/p><p>Presenti e votanti\u00a0\u00a0\u00a0\u00a0 61<\/p><p>Hanno ottenuto voti: Tupini 27, Ghidini 21, Terracini 18, Lucifero 7, Penna Ottavio 6, Calamandrei 6, Einaudi 3, Zuccarini 2, Perassi 2, Lussu 1, Ambrosini 1, Bocconi 1, schede bianche 1.<\/p><p>Proclama eletti Vicepresidenti gli onorevoli Tupini, Ghidini e Terracini.<\/p><p>Invita la Commissione ad eleggere tre segretari:<\/p><p>(<em>Si procede alla votazione<\/em>)<em>.<\/em><\/p><p>Comunica l\u2019esito della votazione:<\/p><p>Presenti e volanti\u00a0\u00a0\u00a0\u00a0 61<\/p><p>Hanno ottenuto voti: Perassi 50, Mol\u00e8 12, Marinaro 10; La Rocca 9, Colitto 7, Pertini 2, Bozzi 1, La Pira 1, Ambrosini 1, Zuccarini 1, Pesanti 1, schede bianche 1.<\/p><p>Proclama eletti segretari gli onorevoli: Perassi, Mol\u00e8, Marinaro.<\/p><p>MOL\u00c8 dichiara, come avrebbe dichiarato prima, se coloro che hanno votato per lui lo avessero preavvertito, di non poter accettare l\u2019incarico che esige una continuit\u00e0 di prestazioni che egli non pu\u00f2 assolutamente dare per ragioni personali e di lavoro.<\/p><p>PRESIDENTE prega l\u2019onorevole Mol\u00e8 di recedere dal suo proposito.<\/p><p>MOL\u00c8 conferma di non potere accettare l\u2019incarico.<\/p><p>TUPINI si chiede se debba essere considerato eletto il candidato che, subito dopo gli eletti, ha ottenuto il maggior numero di voti, oppure se si debba procedere ad un\u2019altra votazione, secondo quanto prescrive il Regolamento della Camera dei Deputati del 1922, votazione che dovrebbe tuttavia, ai sensi dello stesso Regolamento, avvenire nella prossima riunione della Commissione.<\/p><p>MOL\u00c8 osserva che la Commissione pu\u00f2, insindacabilmente, decidere essa stessa se procedere alla nuova votazione seduta stante o in una successiva riunione.<\/p><p>PRESIDENTE propone di procedere seduta stante alla nuova votazione, e mette in votazione tale proposta.<\/p><p>(<em>\u00c8 approvata<\/em>).<\/p><p>Invita la Commissione ad eleggere un Segretario.<\/p><p>(<em>Si procede alla votazione<\/em>)<em>.<\/em><\/p><p>Comunica l\u2019esito della votazione:<\/p><p>Presenti e votanti \u00a0\u00a0\u00a0 53<\/p><p>Hanno ottenuto voti: Grassi 31, La Rocca 9, Colitto 6, Ambrosini 1, Bozzi 1, schede bianche 5.<\/p><p>Proclama eletto Segretario il Deputato Grassi.<\/p><p>Essendo presente l\u2019onorevole Ruini, lo invita ad assumere l\u2019ufficio di Presidente.<\/p><p>Presidenza del Presidente RUINI<\/p><p>PRESIDENTE non intende pronunciare un discorso d\u2019insediamento, anche perch\u00e9 vuole con l\u2019esempio mostrare che qui non si devono fare discorsi, ma soltanto osservazioni e proposte concrete, per adempiere al compito, che non \u00e8 certo lieve, di preparare in breve tempo una Costituzione buona e degna della Repubblica italiana.<\/p><p>Non ringrazia neppure i colleghi che lo hanno eletto, sebbene ne abbia molta voglia, perch\u00e9 comprende che questo lavoro, non solo per lui ma per tutti implica assenza di vacanze. Lavorer\u00e0 molto e l\u2019unico impegno che prende \u00e8 che far\u00e0 lavorare molto anche i colleghi, perch\u00e9 per esaurire il lavoro non si hanno che tre mesi, in quanto entro il 20 ottobre dovr\u00e0 esser preparato il progetto di Costituzione. Se non vi si riuscisse, si darebbe un pessimo esempio.<\/p><p>Sui lavori della Commissione.<\/p><p>PRESIDENTE non crede che sia questa l\u2019ora per iniziare una discussione generale; ma, accogliendo il suggerimento di alcuni colleghi, desidera indicare i temi che raccomanderebbe all\u2019attenzione ed alla discussione della Commissione.<\/p><p>Tre sono gli argomenti.<\/p><p>Il primo \u00e8 quello della divisione della Commissione in Sottocommissioni e dell\u2019assegnazione dei membri della Commissione alle Sottocommissioni. Si ha quasi una linea obbligata con la nomina di tre vicepresidenti; ma questa \u00e8 una considerazione di carattere formale, non sostanziale. Ritiene tuttavia sostanzialmente opportuno, che, come \u00e8 avvenuto anche in Francia ed in altre Costituenti, le Sottocommissioni siano tre. Ci\u00f2 non significa che l\u2019ordine che dovr\u00e0 avere la Costituzione sia quello dei temi delle varie Sottocommissioni; ma vale solo come prima distribuzione del lavoro.<\/p><p>La prima Sottocommissione dovrebbe trattare gli argomenti generali, e quella che in Francia, nello schema recente, \u00e8 stata chiamata la dichiarazione di diritti, ma che dovr\u00e0 essere \u2013 come dicono gli esempi della Costituzione di Weimar e di quella russa \u2013 una dichiarazione di diritti e di doveri.<\/p><p>La seconda Sottocommissione dovrebbe avere l\u2019area pi\u00f9 estesa e gli argomenti pi\u00f9 numerosi e pi\u00f9 importanti: dovrebbe trattare cio\u00e8 degli organi e delle funzioni dello Stato, che egli vede organicamente disposti in quattro temi principali da portare dinanzi a quattro sottogruppi e cio\u00e8:<\/p><p>1\u00b0) Parlamento;<\/p><p>2\u00b0) Capo dello Stato;<\/p><p>3\u00b0) Capo del Governo e Governo;<\/p><p>4\u00b0) Magistratura, Alta Corte Costituzionale, organi ausiliari dello Stato, come la Corte dei conti, il Consiglio di Stato, ecc.<\/p><p>La terza Sottocommissione dovrebbe studiare i lineamenti economico-sociali della Costituzione, perch\u00e9, come avviene gi\u00e0 in altri Paesi, la tendenza generale \u00e8 che le Costituzioni non siano pi\u00f9 soltanto, come nel 1848, composte di pochi articoli di ordine politico, ma debbano contenere anche indicazioni, seppur larghe, di ordine economico e sociale. Questa Sottocommissione avr\u00e0 da discutere molto e da concludere poco, nel senso che le sue formulazioni dovranno essere molto ristrette.<\/p><p>Ha omesso, a ragion veduta, il tema delle autonomie locali. Si deve decidere dove collocarlo. La seconda Sottocommissione \u00e8 troppo sovraccarica; e quindi lo si potrebbe affidare alla prima; comunque non crede si possano fare quattro Sottocommissioni.<\/p><p>Un altro tema su cui richiama l\u2019attenzione \u00e8 l\u2019ordine dei lavori. Crede sia necessaria una discussione generale, dopo di che le Sottocommissioni dovranno lavorare ognuna per conto proprio. Attribuirebbe molta importanza a un Comitato di coordinamento, che potrebbe essere lo stesso Comitato di presidenza integrato da qualche relatore.<\/p><p>Vi \u00e8 poi la questione pi\u00f9 importante, che \u00e8 quella dei criteri direttivi: Costituzione rigida o elastica, princip\u00ee fondamentali ed anche qualche questione di forma. Per esempio, quale importanza dovr\u00e0 avere il preambolo della Costituzione? Tutte le costituzioni hanno un preambolo, ed egli ritiene debba avere una importanza molto notevole, poich\u00e9 dovrebbe contenere tutto ci\u00f2 di cui non \u00e8 possibile dare una definizione precisa, in modo che la Costituzione sia, quanto pi\u00f9 possibile, sobria. Le Costituzioni ormai sono molto lunghe, quasi dei Codici; bisogna cercare, possibilmente, di limitarle.<\/p><p>Vi sono pure altre questioni fondamentali, come quella della monocameralit\u00e0 o bicameralit\u00e0, del tipo di governo e del potere esecutivo (repubblica presidenziale o parlamentare, ecc.).<\/p><p>Riassumendo, e senza fare precisazioni che devono essere tutte demandate alle Sottocommissioni, crede opportuno in questa discussione generale di trattare: 1<sup>o<\/sup>) la distribuzione della materia in tre Sottocommissioni; 2\u00b0) l\u2019assegnazione dei commissari a queste tre Sottocommissioni; ordine dei lavori e procedura da seguire; 3\u00b0) i criteri direttivi sui problemi pi\u00f9 importanti.<\/p><p>PORZIO concorda pienamente: la Costituzione deve essere, quanto pi\u00f9 possibile, sobria, snella e chiara e nel preambolo occorre delineare i concetti generali. Le Sottocommissioni potranno essere anche tre, ma per le autonomie locali \u00e8 d\u2019avviso che si debba costituire una Sottocommissione apposita.<\/p><p>PRESIDENTE rinvia la discussione a marted\u00ec 23 alle 9.<\/p><p>La seduta termina alle 11.50.<\/p><p><em>Erano presenti:<\/em> Ambrosini, Amendola, Bocconi, Bordon, Bozzi, Bulloni, Calamandrei, Canevari, Cappi, Caristia, Castiglia, Cevolotto, Codacci Pisanelli, Colitto, Conti, De Michele, Dossetti, Einaudi, Fabbri, Federici Maria, Ghidini, Giua, Grassi, Grieco, Iotti Leonilde, Lami Starnuti, La Pira, La Rocca, Lombardo, Lucifero, Lussu, Mancini, Mannironi, Marinaro, Mastrojanni, Merlin Lina, Merlin Umberto, Mol\u00e8, Moro, Mortati, Nobile, Noce Teresa, Paratore, Penna Ottavia, Perassi, Pertini, Pesenti, Ponti, Porzio, Rossi, Ruini, Simonini, Targetti, Ravagnan, Terracini, Togliatti, Togni, Tosato, Tupini, Vanoni, Zuccarini.<\/p><p><em>Erano assenti:<\/em> Basso, Corsanego, De Vita, Di Vittorio, Domined\u00f2, Fanfani, Finocchiaro Aprile, Fuschini, Leone, Maffi, Piccioni, Rapelli, Tavani.<\/p><p>Ha giustificato la sua assenza l\u2019onorevole Marchesi, impegnato in una riunione del Consiglio superiore dell\u2019istruzione.<\/p>\t\t\t\t\t\t\t\t<\/div>\n\t\t\t\t<\/div>\n\t\t\t\t\t<\/div>\n\t\t<\/div>\n\t\t\t\t\t<\/div>\n\t\t<\/section>\n\t\t\t\t<\/div>\n\t\t","protected":false},"excerpt":{"rendered":"<p>Versione PDF ASSEMBLEA COSTITUENTE COMMISSIONE PER LA COSTITUZIONE ADUNANZA PLENARIA 1. RESOCONTO SOMMARIO DELLA SEDUTA DI SABATO 20 LUGLIO 1946 PRESIDENZA DEL PRESIDENTE PROVVISORIO PORZIO indi DEL PRESIDENTE RUINI INDICE Costituzione dell\u2019Ufficio di Presidenza Porzio, Presidente provvisorio \u2013 Mol\u00e8 \u2013 Tupini \u2013 Ruini, Presidente Sui lavori della Commissione Presidente \u2013 Porzio La seduta comincia alle [&hellip;]<\/p>\n","protected":false},"author":1,"featured_media":0,"comment_status":"closed","ping_status":"closed","sticky":false,"template":"","format":"standard","meta":{"_relevanssi_hide_post":"","_relevanssi_hide_content":"","_relevanssi_pin_for_all":"","_relevanssi_pin_keywords":"","_relevanssi_unpin_keywords":"","_relevanssi_related_keywords":"","_relevanssi_related_include_ids":"","_relevanssi_related_exclude_ids":"","_relevanssi_related_no_append":"","_relevanssi_related_not_related":"","_relevanssi_related_posts":"595,2017,574,572,2364,1646","_relevanssi_noindex_reason":"","_monsterinsights_skip_tracking":false,"_monsterinsights_sitenote_active":false,"_monsterinsights_sitenote_note":"","_monsterinsights_sitenote_category":0,"footnotes":""},"categories":[73,72],"tags":[],"post_folder":[104],"class_list":["post-4871","post","type-post","status-publish","format-standard","hentry","category-1946-07cc","category-commissione-per-la-costituzione"],"aioseo_notices":[],"_links":{"self":[{"href":"https:\/\/comenascelacostituzione.it\/index.php?rest_route=\/wp\/v2\/posts\/4871","targetHints":{"allow":["GET"]}}],"collection":[{"href":"https:\/\/comenascelacostituzione.it\/index.php?rest_route=\/wp\/v2\/posts"}],"about":[{"href":"https:\/\/comenascelacostituzione.it\/index.php?rest_route=\/wp\/v2\/types\/post"}],"author":[{"embeddable":true,"href":"https:\/\/comenascelacostituzione.it\/index.php?rest_route=\/wp\/v2\/users\/1"}],"replies":[{"embeddable":true,"href":"https:\/\/comenascelacostituzione.it\/index.php?rest_route=%2Fwp%2Fv2%2Fcomments&post=4871"}],"version-history":[{"count":8,"href":"https:\/\/comenascelacostituzione.it\/index.php?rest_route=\/wp\/v2\/posts\/4871\/revisions"}],"predecessor-version":[{"id":7607,"href":"https:\/\/comenascelacostituzione.it\/index.php?rest_route=\/wp\/v2\/posts\/4871\/revisions\/7607"}],"wp:attachment":[{"href":"https:\/\/comenascelacostituzione.it\/index.php?rest_route=%2Fwp%2Fv2%2Fmedia&parent=4871"}],"wp:term":[{"taxonomy":"category","embeddable":true,"href":"https:\/\/comenascelacostituzione.it\/index.php?rest_route=%2Fwp%2Fv2%2Fcategories&post=4871"},{"taxonomy":"post_tag","embeddable":true,"href":"https:\/\/comenascelacostituzione.it\/index.php?rest_route=%2Fwp%2Fv2%2Ftags&post=4871"},{"taxonomy":"post_folder","embeddable":true,"href":"https:\/\/comenascelacostituzione.it\/index.php?rest_route=%2Fwp%2Fv2%2Fpost_folder&post=4871"}],"curies":[{"name":"wp","href":"https:\/\/api.w.org\/{rel}","templated":true}]}}