{"id":2117,"date":"2023-09-17T11:33:40","date_gmt":"2023-09-17T09:33:40","guid":{"rendered":"https:\/\/comenascelacostituzione.it\/?p=2117"},"modified":"2023-10-21T19:09:10","modified_gmt":"2023-10-21T17:09:10","slug":"antimeridiana-di-giovedi-18-settembre-1947","status":"publish","type":"post","link":"https:\/\/comenascelacostituzione.it\/?p=2117","title":{"rendered":"ANTIMERIDIANA DI GIOVED\u00cc 18 SETTEMBRE 1947"},"content":{"rendered":"\t\t<div data-elementor-type=\"wp-post\" data-elementor-id=\"2117\" class=\"elementor elementor-2117\" data-elementor-post-type=\"post\">\n\t\t\t\t\t\t<section class=\"elementor-section elementor-top-section elementor-element elementor-element-a18ff9e elementor-section-full_width elementor-section-height-default elementor-section-height-default\" data-id=\"a18ff9e\" data-element_type=\"section\">\n\t\t\t\t\t\t<div class=\"elementor-container elementor-column-gap-default\">\n\t\t\t\t\t<div class=\"elementor-column elementor-col-100 elementor-top-column elementor-element elementor-element-2ea3888\" data-id=\"2ea3888\" data-element_type=\"column\">\n\t\t\t<div class=\"elementor-widget-wrap elementor-element-populated\">\n\t\t\t\t\t\t<div class=\"elementor-element elementor-element-0421d11 elementor-align-right elementor-widget elementor-widget-button\" data-id=\"0421d11\" data-element_type=\"widget\" data-widget_type=\"button.default\">\n\t\t\t\t<div class=\"elementor-widget-container\">\n\t\t\t\t\t\t\t\t\t<div class=\"elementor-button-wrapper\">\n\t\t\t\t\t<a class=\"elementor-button elementor-button-link elementor-size-sm\" href=\"https:\/\/comenascelacostituzione.it\/wp-content\/uploads\/2023\/09\/19470918_1.pdf\" target=\"_blank\">\n\t\t\t\t\t\t<span class=\"elementor-button-content-wrapper\">\n\t\t\t\t\t\t<span class=\"elementor-button-icon\">\n\t\t\t\t<i aria-hidden=\"true\" class=\"icon icon-view\"><\/i>\t\t\t<\/span>\n\t\t\t\t\t\t\t\t\t<span class=\"elementor-button-text\">Versione PDF<\/span>\n\t\t\t\t\t<\/span>\n\t\t\t\t\t<\/a>\n\t\t\t\t<\/div>\n\t\t\t\t\t\t\t\t<\/div>\n\t\t\t\t<\/div>\n\t\t\t\t<div class=\"elementor-element elementor-element-68f2848 elementor-widget elementor-widget-text-editor\" data-id=\"68f2848\" data-element_type=\"widget\" data-widget_type=\"text-editor.default\">\n\t\t\t\t<div class=\"elementor-widget-container\">\n\t\t\t\t\t\t\t\t\t<p>ASSEMBLEA COSTITUENTE<\/p><p>CCXXIII.<\/p><p>SEDUTA ANTIMERIDIANA DI GIOVED\u00cc 18 SETTEMBRE 1947<\/p><p>PRESIDENZA DEL VICEPRESIDENTE <strong>TARGETTI<\/strong><\/p><p><strong>INDICE<\/strong><\/p><p><strong>Sul processo verbale:<\/strong><\/p><p>Russo Perez<\/p><p><strong>Disegno di legge: Norme per la disciplina dell\u2019elettorato attivo e per la tenuta e la revisione annuale delle liste elettorali <\/strong>(<em>Seguito della discussione<\/em>)<strong>:<\/strong><\/p><p>Presidente<\/p><p>Moro<\/p><p>Schiavetti<\/p><p>Uberti,<em> Relatore<\/em><\/p><p>Marazza, <em>Sottosegretario di Stato per l\u2019interno<\/em><\/p><p>Russo Perez<\/p><p>Negarville<\/p><p>Taviani<\/p><p><strong>Votazione nominale:<\/strong><\/p><p>Presidente<\/p><p><strong>Risultato della votazione nominale:<\/strong><\/p><p>Presidente<\/p><p>La seduta comincia alle 11.<\/p><p>COVELLI, <em>Segretario<\/em>, legge il processo verbale della precedente seduta antimeridiana.<\/p><p>Sul processo verbale.<\/p><p>RUSSO PEREZ. Chiedo di parlare sul processo verbale.<\/p><p>PRESIDENTE. Ne ha facolt\u00e0.<\/p><p>RUSSO PEREZ. Onorevoli colleghi, mi avvalgo del Regolamento per prendere la parola sul processo verbale, onde chiarire un mio pensiero quale risulterebbe da quel documento. Il pensiero espresso ieri da me con qualche interruzione e con delle precise dichiarazioni, credo che fosse molto chiaro.<\/p><p>Io chiesi perch\u00e9 mai fosse stata scelta la data del gennaio 1925 e non la data del novembre 1922. Intendevo fare il rimprovero, a molti fieri \u00abantifascisti della prima ora\u00bb e dei sempre presenti in quest\u2019aula, di avere escluso quel periodo nel quale essi fecero atto di adesione al regime&#8230; Che Mussolini fosse un dittatore non fu scoperto solo nel gennaio 1925! La marcia su Roma non aveva detto nulla a costoro? E l\u2019approvazione della legge sui pieni poteri?! E quando Mussolini qui, in quest\u2019aula \u00absorda e grigia\u00bb (cos\u00ec qualificata da lui), disse che avrebbe potuto fare di essa un bivacco dei suoi manipoli, io non ero presente, ma so che di tutta quella selva di uomini uno solo ebbe il coraggio di gridare: \u00abViva il Parlamento!\u00bb. Fu Modigliani. Onore a lui, il quale ha diritto di essere qualificato un antifascista di sempre; e non soltanto voi delle sinistre, ma anche noi delle destre abbiamo il dovere di onorarlo come un uomo che \u00e8 stato sempre fedele al suo pensiero. Ma tanti fieri antifascisti di oggi, come quel mio amico Dante Veroni, che ha tutto l\u2019aspetto di un cavaliere spagnolo (<em>Si ride<\/em>), e credo che abbia la coscienza per lo meno abbastanza conservatrice quanto il suo nobile aspetto, che ha proposto persino l\u2019inasprimento di codeste disposizioni!&#8230;<\/p><p>VERONI. Ma se \u00e8 stato approvato!<\/p><p>RUSSO PEREZ. Prego l\u2019amico Veroni, che stimo, di non insistere in proposte di codesto genere&#8230; Si ricordi che nel suo collegio c\u2019era quel tale Visocchi, che, se non fosse stata approvata la sua proposta di ieri, potrebbe essere nuovamente candidato.<\/p><p>Innalziamoci al disopra di ci\u00f2. Ho presa la parola perch\u00e9 sventuratamente la mia ironia non \u00e8 stata compresa nemmeno dai nostri giornali. \u00c8 stata semi compresa dal redattore dell\u2019<em>Unit\u00e0<\/em>, che ha scritto: \u00abRusso Perez con un sorriso amaro&#8230;\u00bb. Ho detto semi compreso, perch\u00e9 il mio sorriso non era \u00abamaro\u00bb ma leggermente ironico. Ad evitare equivoci, affinch\u00e9 qualcuno non si ostini a fingere di capire che io abbia, ieri, fatto quella proposta sul serio, sia detto ancora una volta e ben chiaro che io ed i miei colleghi di Gruppo abbiamo votato e voteremo contro tutte le esclusioni, non per spirito fascista o antifascista, ma perch\u00e9 siamo contro ogni persecuzione improducente e perch\u00e9 \u00e8 necessario che una buona volta si ponga fine a questa catena di violenze (<em>Rumori<\/em> <em>a sinistra<\/em>), ed i miei colleghi della sinistra dovrebbero pensare che, se ci sar\u00e0, domani, un Governo reazionario, esso potr\u00e0 approvare un\u2019altra legge in cui si dica che quelli che hanno votato ora per l\u2019esclusione dall\u2019elettorato di alcune categorie di fascisti sono a loro volta esclusi dal diritto di elettorato attivo e passivo&#8230; (<em>Vivi rumori a sinistra<\/em>). Faccio osservare un\u2019altra cosa: io comprenderei che si escludessero dal diritto di eleggibilit\u00e0 coloro che si ritiene abbiano peccato, perch\u00e9 essere nominati deputati o senatori \u00e8 certamente un privilegio; ma quello di votare \u00e8 un dovere, dato che la legge pone una sanzione per gli astensionisti, sul cui certificato penale si scrive: non ha votato. Quindi voi impedite ad alcuni, a molti cittadini, l\u2019esercizio di un dovere. Stando cos\u00ec le cose, perch\u00e9 non impedite loro di andare sotto le armi, perch\u00e9 anche quello \u00e8 un dovere?!<\/p><p>Per queste ragioni voteremo contro, perch\u00e9 noi vogliamo un\u2019opera di pacificazione ed auspichiamo ardentemente quel giorno in cui la madre del partigiano ucciso e la madre del fascista ucciso si ricongiungano a pregare sulla tomba dei loro cari. (<em>Applausi a destra \u2013 Vivi rumori a sinistra<\/em>).<\/p><p>PRESIDENTE. Non essendovi altre osservazioni, il processo verbale s\u2019intende approvato.<\/p><p>(<em>\u00c8 approvato<\/em>)<em>.<\/em><\/p><p>Seguito della discussione sul disegno di legge: Norme per la disciplina dell\u2019elettorato attivo e per la tenuta e la revisione annuale delle liste elettorali. (16).<\/p><p>PRESIDENTE. L\u2019ordine del giorno reca: Seguito della discussione sul disegno di legge:<\/p><p>Norme per la disciplina dell\u2019elettorato attivo e per la tenuta e la revisione annuale delle liste elettorali. (16).<\/p><p>Chiedo all\u2019onorevole Moro se insiste nella domanda di appello nominale avanzata ieri.<\/p><p>MORO. Mi dispiace di dover insistere nella richiesta di appello nominale.<\/p><p>PRESIDENTE. Chiedo all\u2019onorevole Schiavetti se insiste nel suo emendamento.<\/p><p>SCHIAVETTI. Insisto, ma per disincagliare la discussione, proporrei di rimandare a pi\u00f9 tardi la votazione di questa lettera <em>f<\/em>) che ha suscitato tanti contrasti, e di continuare con l\u2019esame dell\u2019articolo, per guadagnare tempo.<\/p><p>PRESIDENTE. Se non vi sono obiezioni, si pu\u00f2 accogliere la proposta dell\u2019onorevole Schiavetti di accantonare la votazione sulla lettera <em>f<\/em>), restando d\u2019accordo che l\u2019appello nominale, chiesto ieri, non \u00e8 stato finora ritirato.<\/p><p>MORO. Sono d\u2019accordo.<\/p><p>(<em>Cos\u00ec rimane stabilito<\/em>).<\/p><p>PRESIDENTE. Allora continuiamo l\u2019esame dell\u2019art colo 47.<\/p><p>Relativamente alla lettera <em>f<\/em>) in discussione, \u00e8 stato presentato un emendamento aggiuntivo dagli onorevole Crispo e Rubilli del seguente tenore:<\/p><p>\u00ab<em>Aggiungere alla lettera<\/em> f):<\/p><p>\u00ab<em>f-<\/em>bis) la condizione dei senatori, per i quali fu emessa sentenza di annullamento del pronunciato dell\u2019Alta Corte di giustizia, dovr\u00e0 essere riesaminata a seguito del giudizio di rinvio\u00bb.<\/p><p>Chiedo agli onorevoli Crispo e Rubilli se, dato il legame stretto che unisce questa aggiunta all\u2019emendamento Schiavetti, non ritengano opportuno di accantonare anche l\u2019esame di questo emendamento.<\/p><p>CRISPO. Sta bene.<\/p><p>(<em>Cos\u00ec rimane stabilito<\/em>)<em>.<\/em><\/p><p>PRESIDENTE. Passiamo alla lettera <em>g<\/em>), che \u00e8 del seguente tenore:<\/p><p>\u00ab<em>g<\/em>) consigliere nazionale\u00bb.<\/p><p>La pongo in votazione.<\/p><p>(<em>\u00c8 approvata<\/em>).<\/p><p>Passiamo alla lettera <em>h<\/em>), che \u00e8 del seguente tenore:<\/p><p>\u00ab<em>h<\/em>) membro del tribunale speciale per la difesa dello Stato o membro dei tribunali straordinari della pseudo repubblica sociale\u00bb.<\/p><p>La pongo in votazione.<\/p><p>(<em>\u00c8 approvata<\/em>)<\/p><p>Passiamo alla lettera <em>i<\/em>), che, nel testo governativo, \u00e8 del seguente tenore:<\/p><p>\u00ab<em>i<\/em>) prefetto o questore nominati per titoli fascisti e capo di provincia\u00bb.<\/p><p>La Commissione ha presentato il seguente emendamento:<\/p><p>\u00ab<em>Aggiungere, dopo le parole:<\/em> capo di provincia <em>le seguenti:<\/em> o questore nominato per gli stessi titoli dalla pseudo repubblica sociale\u00bb.<\/p><p>Avverto che identico emendamento \u00e8 stato proposto dall\u2019onorevole Schiavetti con la lettera <em>o<\/em>). Se nessuno domanda la parola pongo in votazione la lettera <em>i<\/em>) emendata ai sensi della proposta della Commissione, accettata dal Governo, e che assorbe l\u2019emendamento Schiavetti.<\/p><p>(<em>\u00c8 approvata<\/em>).<\/p><p>Passiamo alla lettera <em>l<\/em>) del testo governativo, che \u00e8 del seguente tenore:<\/p><p>\u00ab<em>l<\/em>) ufficiale generale od ufficiale superiore della milizia volontaria sicurezza nazionale in servizio permanente retribuito, eccettuati gli addetti ai servizi religiosi, sanitari, assistenziali e gli appartenenti alle legioni libiche, alla milizia ferroviaria, postelegrafonica, universitaria, alla G.I.L., alla D.I.C.A.T. e Da. Cos., nonch\u00e9 alla milizia forestale, stradale e portuaria\u00bb.<\/p><p>A questa lettera \u00e8 stato proposto un emendamento dall\u2019onorevole Schiavetti secondo il quale si aggiunge la categoria dei \u00abmoschettieri del duce\u00bb e si estende l\u2019esclusione a tutti gli ufficiali della milizia in genere, mentre il progetto del governo limita l\u2019esclusione agli ufficiali generali e quelli superiori.<\/p><p>SCHIAVETTI. Chiedo di parlare.<\/p><p>PRESIDENTE. Ne ha facolt\u00e0.<\/p><p>SCHIAVETTI. Questa disposizione da me proposta \u00e8 presa dalla legge elettorale per le elezioni alla Costituente.<\/p><p>PRESIDENTE. La frase \u00abin servizio permanente retribuito\u00bb \u00e8 comune al testo del Governo e all\u2019emendamento Schiavetti.<\/p><p>Prego l\u2019onorevole Relatore di esprimere il parere della Commissione.<\/p><p>UBERTI, <em>Relatore.<\/em> La Commissione che aveva approvato un suo emendamento ha poi deliberato di accettare il nuovo testo governativo. Non pu\u00f2 accettare l\u2019emendamento dell\u2019onorevole Schiavetti per tutte le ragioni che furono gi\u00e0 da me esposte, in quanto tende ad estendere le esclusioni ad un eccessivo numero di persone, anche a quelle che non sono gli elementi motori del passato regime (partito, governo, parlamento), con il duplice danno di diminuire il valore del provvedimento verso gli autentici responsabili, i veri capi, e di far solidarizzare con questi gli elementi periferici, meno responsabili. Per la categoria dei \u00abmoschettieri del duce\u00bb \u00e8 poi assai difficile rintracciarne gli appartenenti.<\/p><p>PRESIDENTE. Chiedo il parere del Governo sull\u2019emendamento.<\/p><p>MARAZZA, <em>Sottosegretario di Stato per l\u2019interno.<\/em> Il Governo si associa a quanto ha detto l\u2019onorevole Uberti: tanto la Commissione, quindi, che il Governo si oppongono a questa estensione.<\/p><p>PRESIDENTE. Questo emendamento dell\u2019onorevole Schiavetti dar\u00e0 luogo a due votazioni perch\u00e9, come l\u2019Assemblea ha udito, la prima parte riguarda l\u2019inclusione della categoria dei \u00abmoschettieri del duce\u00bb, mentre l\u2019altra riguarda l\u2019estensione della norma a tutti gli ufficiali della milizia.<\/p><p>MORO. Chiedo di parlare per dichiarazione di voto.<\/p><p>PRESIDENTE. Ne ha facolt\u00e0.<\/p><p>MORO. Dichiaro che voteremo a favore dell\u2019esclusione dal diritto di voto per la categoria dei \u00abmoschettieri del duce\u00bb, mentre invece voteremo contro per quanto riguarda l\u2019estensione della sanzione a tutti gli ufficiali della milizia.<\/p><p>PRESIDENTE. Sta bene. Pongo in votazione la privazione del diritto di voto per la categoria dei \u00abmoschettieri del duce\u00bb.<\/p><p>(<em>\u00c8 approvata<\/em>).<\/p><p>Passiamo ora a votare l\u2019altra parte dell\u2019emendamento dell\u2019onorevole Schiavetti, del seguente tenore: \u00abufficiale della milizia volontaria sicurezza nazionale in servizio permanente retribuito\u00bb.<\/p><p>L\u2019Assemblea tenga presente che tutto il resto dell\u2019articolo \u00e8 invariato.<\/p><p>(<em>Dopo prova e controprova e votazione per divisione, non \u00e8 approvata<\/em>)<em>.<\/em><\/p><p>Ricordo agli onorevoli colleghi che l\u2019inclusione dei \u00abmoschettieri del duce\u00bb \u00e8 stata gi\u00e0 approvata. Cosicch\u00e9 pongo in votazione la lettera <em>l<\/em>) nel testo proposto dal Governo, che, con l\u2019aggiunta dei \u00abmoschettieri del duce\u00bb risulta cos\u00ec formulata:<\/p><ol><li><em>l<\/em>) \u00abmoschettiere del duce, ufficiale generale ed ufficiale superiore della milizia volontaria sicurezza nazionale in servizio permanente retribuito, eccettuati gli addetti ai servizi religiosi, sanitari, assistenziali e gli appartenenti alle legioni libiche, alla milizia ferroviaria, postelegrafonica, universitaria, alla G.I.L., alla D.I.C.A.T. e Da. Cos., nonch\u00e9 alla milizia forestale, stradale e portuaria\u00bb.<\/li><\/ol><p>(<em>\u00c8 approvata<\/em>).<\/p><p>Passiamo alla lettera aggiuntiva <em>f<\/em>) dell\u2019onorevole Shiavetti:<\/p><p>\u00ab<em>f<\/em>) ispettore o ispettrice federale, eccettuati coloro che abbiano esercitato funzioni esclusivamente amministrative\u00bb.<\/p><p>Su questa aggiunta domando il parere della Commissione.<\/p><p>UBERTI, <em>Relatore.<\/em> Se l\u2019onorevole Schiavetti, che fa parte della Commissione, avesse sottoposto la sua proposta, almeno nell\u2019ultima seduta di tre giorni fa, sarebbe stato possibile al Relatore di riferire la deliberazione della Commissione. Tuttavia devo rilevare che ci troviamo di fronte ad un emendamento sul quale la Commissione non ha potuto esprimere esplicitamente il suo parere, e che in ogni modo si scosta talmente dal criterio che ha ispirato la Commissione nel redigere il suo testo, che essa non pu\u00f2 non respingerlo. Alle sinistre, che ritengono di porre norme di maggiore severit\u00e0, rilevo che invece gli emendamenti dell\u2019onorevole Schiavetti rappresentano, con le sue estensioni, un\u2019attenuazione del valore della primitiva norma stabilita dalla Commissione. Perci\u00f2, interpretando lo spirito che ha animato la Commissione nello stabilire il suo testo, non posso che dichiararmi contrario.<\/p><p>PRESIDENTE. Chiedo l\u2019opinione del Governo.<\/p><p>MARAZZA, <em>Sottosegretario di Stato per l\u2019interno.<\/em> Il Governo non accetta la lettera <em>f<\/em>) dell\u2019emendamento Schiavetti.<\/p><p>PRESIDENTE. Metto in votazione la lettera <em>f<\/em>) dell\u2019emendamento Schiavetti, del seguente tenore:<\/p><p>\u00ab<em>f<\/em>) ispettore o ispettrice federale, eccettuati coloro che abbiano esercitato funzioni esclusivamente amministrative\u00bb.<\/p><p>(<em>Dopo<\/em> <em>prova e controprova, \u00e8 approvata \u2013 Proteste al centro e a destra<\/em>)<em>.<\/em><\/p><p><em>Voci.<\/em> Il computo non \u00e8 esatto!<\/p><p>PRESIDENTE. Onorevoli colleghi, faccio loro presente che la Presidenza non proclama il risultato della votazione se non quando tutti i Segretari, rappresentanti vari partiti, si sono messi d\u2019accordo sull\u2019esito della votazione. (<em>Commenti al centro e a destra<\/em>)<em>. <\/em>L\u2019Assemblea comprende che procedere ad un\u2019altra votazione sarebbe addirittura arbitrario. (<em>Rumori e proteste al centro e a destra<\/em>)<em>.<\/em><\/p><p>RUSSO PEREZ. Chiedo di parlare.<\/p><p>PRESIDENTE. Ne ha facolt\u00e0.<\/p><p>RUSSO PEREZ. Signor Presidente, non vi \u00e8 dubbio che se i Segretari hanno sbagliato&#8230; (<em>Vivi rumori a sinistra<\/em>). Ad ogni modo il parere espresso da tutta l\u2019Assemblea impone una revisione della votazione con altro sistema. (<em>Proteste a sinistra<\/em>)<em>.<\/em><\/p><p>PAJETTA GIULIANO. Ma quale Assemblea?!<\/p><p>PRESIDENTE. Onorevole Russo Perez, non saprei proprio come accontentarla.<\/p><p>RUSSO PEREZ. Signor Presidente, io dico questo: democrazia! democrazia! (<em>Vivi rumori a sinistra<\/em>)<em>.<\/em><\/p><p>PAJETTA GIULIANO. Lei parla di democrazia! (<em>Rumori in tutti i settori \u2013 Interruzioni<\/em>)<em>.<\/em><\/p><p>RUSSO PEREZ. Facciamo la politica in gaiezza, come diceva San Francesco. Perch\u00e9 siete cos\u00ec feroci?<\/p><p>L\u2019Assemblea impugna la votazione! (<em>Rumori a sinistra<\/em>).<\/p><p>PAJETTA GIULIANO. Quale Assemblea? \u00c8 lei forse l\u2019Assemblea?<\/p><p>RUSSO PEREZ. Ci dica almeno i risultati numerici, signor Presidente! (<em>Rumori a sinistra \u2013 Interruzioni<\/em>).<\/p><p>PRESIDENTE. Onorevole Russo Perez, le do lettura dell\u2019articolo del Regolamento.<\/p><p>RUSSO PEREZ. Lo conosco! Gliene faccio grazia.<\/p><p>PRESIDENTE. Onorevole Russo Perez, chiunque deve convenire che il Presidente, anche se volesse, non potrebbe condiscendere in questo caso al suo desiderio neppure se fosse espresso dall\u2019Assemblea! (<em>Rumori al centro e a destra<\/em>)<em>.<\/em><\/p><p>RUSSO PEREZ. Non sono d\u2019accordo. (<em>Rumori a sinistra<\/em>)<em>.<\/em><\/p><p>PRESIDENTE. L\u2019articolo 103 dispone: \u00abIl voto per alzata e seduta \u00e8 soggetto a riprova, se c\u2019\u00e8 chi la richieda prima della proclamazione. Il Presidente e i Segretari decidono del risultato della prova e della riprova, che possono ripetersi; se rimane ancora dubbio, si procede per divisione\u00bb.<\/p><p>RUSSO PEREZ. E la riprova?<\/p><p><em>Una voce a sinistra.<\/em> C\u2019\u00e8 stata. (<em>Interruzioni \u2013 Commenti<\/em>)<em>.<\/em><\/p><p>NEGARVILLE. Chiedo di parlare.<\/p><p>PRESIDENTE. Ne ha facolt\u00e0.<\/p><p>NEGARVILLE. Quando poco fa \u00e8 stato respinto il primo emendamento dell\u2019onorevole Schiavetti, io ho avuto l\u2019impressione, con i conti che ho fatto, che le cose non erano tanto chiare; ma mi sono guardato bene dal contestare la proclamazione del Presidente. Mi pare che introducendo, nelle nostre votazioni, un precedente di questo genere, tutti i deputati avrebbero diritto di far ripetere una votazione. Se poi teniamo conto del fatto che vi sono degli spostamenti di persone, di gente che \u00e8 nei corridoi e che non \u00e8 stata presente, e che potrebbe essere presente adesso, noi potremmo avere un risultato differente, sempre se il Presidente accondiscendesse ad una nuova votazione, cosa che \u00e8 contraria al Regolamento. Il risultato differente da quello proclamato minorerebbe l\u2019autorit\u00e0 della Presidenza, che proclama solo dopo aver consultato i Segretari.<\/p><p>Ora, io mi oppongo alla ripetizione della votazione, perch\u00e9 \u00e8 contraria al Regolamento e perch\u00e9 costituirebbe un precedente che tornerebbe a discredito dell\u2019Assemblea. (<em>Applausi a sinistra<\/em>)<em>.<\/em><\/p><p>PRESIDENTE. Quando si parla di riprova, ci si riferisce ad una nuova votazione per alzata e seduta. Quando il risultato rimanga dubbio, allora soltanto si procede per divisione. Ma l\u2019Ufficio di Presidenza \u00e8 stato unanime nel valutare l\u2019esito della votazione, dopo che gli onorevoli Segretari hanno col massimo scrupolo controllato i voti nella prova e nella riprova.<\/p><p>Prego quindi i colleghi di non voler creare difficolt\u00e0 ai nostri lavori con pretese che non hanno alcun fondamento nel Regolamento, anzi, che vi sono contrarie. Ripeto che, dopo fatta la votazione per alzata di mano, si \u00e8 fatta la riprova della votazione per alzata e seduta. I Segretari sono stati concordi nell\u2019accertamento del risultato.<\/p><p>Il Presidente ha proclamato questo risultato. Questo \u00e8 il suo compito.<\/p><p>Se mi \u00e8 lecito aggiungere qualche cosa di personale, dir\u00f2 che io sono uso a non seguire neppure il conteggio per rimettermi interamente all\u2019opinione dei Segretari, che ho sempre constatato concorde.<\/p><p>Sono sicuro di mantenermi sempre, come \u00e8 mio stretto dovere di Presidente, al di sopra della mischia. (<em>Applausi a sinistra<\/em> e <em>al centro<\/em>)<em>.<\/em><\/p><p>Segue la lettera <em>g<\/em>) dell\u2019emendamento Schiavetti, del seguente tenore:<\/p><p>\u00ab<em>g<\/em>) segretario politico del fascio o segretaria del fascio femminile di comuni con popolazione superiore ai 10.000 abitanti (censimento 1936)\u00bb.<\/p><p>Chiedo al Relatore di esprimere il parere della Commissione.<\/p><p>UBERTI, <em>Relatore.<\/em> L\u2019emendamento non fa che riprodurre il primitivo testo governativo. La Commissione all\u2019unanimit\u00e0 ha deliberato di sopprimerlo. Non capisco perch\u00e9 adesso lo si voglia riprendere. La soppressione fu approvata anche dai commissari comunisti.<\/p><p>TAVIANI. Chiedo di parlare.<\/p><p>PRESIDENTE. Ne ha facolt\u00e0.<\/p><p>TAVIANI. Chiedo la votazione per appello nominale sulla lettera <em>g<\/em>) dell\u2019emendamento Schiavetti.<\/p><p>PRESIDENTE. L\u2019onorevole Taviani ha avanzato richiesta di appello nominale. Chiedo, a norma dell\u2019articolo 97 del Regolamento, se \u00e8 appoggiata da quindici deputati.<\/p><p>(<em>\u00c8 appoggiata<\/em>).<\/p><p>Votazione nominale.<\/p><p>PRESIDENTE. Procediamo alla votazione per appello nominale, sulla lettera <em>g<\/em>) dell\u2019emendamento dell\u2019onorevole Schiavetti, test\u00e9 letto.<\/p><p>Estraggo a sorte il nome del deputato dal quale comincer\u00e0 la chiama.<\/p><p>(<em>Segue il sorteggio<\/em>).<\/p><p>Comincer\u00e0 dall\u2019onorevole Ruggieri.<\/p><p>Si faccia la chiama.<\/p><p><em>Hanno risposto<\/em> s\u00ec:<\/p><p>Allegato \u2013 Amadei \u2013 Amendola \u2013 Arata \u2013 Assennato \u2013 Azzi.<\/p><p>Baldassari \u2013 Bargagna \u2013 Barontini Anelito \u2013 Barontini Ilio \u2013 Basile \u2013 Basso \u2013 Bei Adele \u2013 Bellusci \u2013 Bianchi Bianca \u2013 Bibolotti \u2013 Bocconi \u2013Bonomelli \u2013 Bruni.<\/p><p>Cacciatore \u2013 Cairo \u2013 Canevari \u2013 Caporali \u2013 Carboni Angelo \u2013 Carpano Maglioli \u2013 Cevolotto \u2013 Chiarini \u2013 Chiostergi \u2013 Cianca \u2013 Colombi Arturo \u2013 Corbi \u2013 Corsi \u2013 Cosattini \u2013 Costa \u2013 Costantini \u2013 Cremaschi Olindo.<\/p><p>De Filpo \u2013 De Mercurio \u2013 De Michelis Paolo \u2013 Di Giovanni \u2013 Donati \u2013 D\u2019Onofrio.<\/p><p>Fantuzzi \u2013 Farini Carlo \u2013 Fedeli Aldo \u2013 Fedeli Armando \u2013 Ferrari Giacomo \u2013 Fietta \u2013 Fiore \u2013 Fiorentino \u2013 Fioritto \u2013 Foa \u2013 Fogagnolo \u2013 Fornara.<\/p><p>Gallico Spano Nadia \u2013 Gasparotto \u2013 Gavina \u2013 Gervasi \u2013 Ghidetti \u2013 Giacometti \u2013 Giolitti \u2013 Giua \u2013 Grazia Verenin \u2013 Grieco \u2013 Gullo Fausto.<\/p><p>Iotti Nilde.<\/p><p>Jacometti.<\/p><p>Laconi \u2013 Lami Starnuti \u2013 Landi \u2013 La Rocca \u2013 Lizzadri \u2013 Lombardi Riccardo \u2013 Longhena \u2013 Longo \u2013 Lozza \u2013 Luisetti \u2013 Lussu.<\/p><p>Macrelli \u2013 Magnani \u2013 Magrin \u2013 Malagugini \u2013 Maltagliati \u2013 Marchesi \u2013 Mariani Enrico \u2013 Massola \u2013 Mastino Pietro \u2013 Mazzoni \u2013 Merighi \u2013 Merlin Angelina \u2013 Mezzadra \u2013 Minella Angiola \u2013 Minio \u2013 Mol\u00e8 \u2013 Momigliano \u2013 Morandi \u2013 Moranino \u2013 Moscatelli \u2013 Musolino.<\/p><p>Negarville \u2013 Nenni \u2013 Nobile Umberto \u2013 Nobili Oro.<\/p><p>Pacciardi \u2013 Pajetta Gian Carlo \u2013 Pajetta Giuliano \u2013 Pera \u2013 Persico \u2013 Piemonte \u2013 Pieri Gino \u2013 Pratolongo \u2013 Pressinotti \u2013 Priolo.<\/p><p>Reale Eugenio \u2013 Ricci Giuseppe \u2013 Romita \u2013 Rossi Maria Maddalena \u2013 Rossi Paolo \u2013 Ruggeri Luigi.<\/p><p>Saccenti \u2013 Salerno \u2013 Sansone \u2013 Sapienza \u2013 Sardiello \u2013 Schiavetti \u2013 Scoccimarro \u2013 Scotti Alessandro \u2013 Secchia \u2013 Silipo \u2013 Simonini \u2013 Spallicci \u2013 Stampacchia \u2013 Stella.<\/p><p>Targetti \u2013 Tega \u2013 Togliatti \u2013 Tomba \u2013 Tonello \u2013 Tonetti \u2013 Treves.<\/p><p>Vernocchi \u2013 Veroni \u2013 Vigorelli \u2013 Villani.<\/p><p>Zanardi \u2013 Zappelli.<\/p><p><em>Hanno risposto<\/em> no:<\/p><p>Abozzi \u2013 Adonnino \u2013 Alberti \u2013 Aldisio \u2013 Arcaini \u2013 Arcangeli.<\/p><p>Bacciconi \u2013 Balduzzi \u2013 Baracco \u2013 Bastianetto \u2013 Bellato \u2013 Belotti \u2013 Bencivenga \u2013 Benedettini \u2013 Bergamini \u2013 Bertola \u2013 Bertone \u2013 Bettiol \u2013 Bianchini Laura \u2013 Bosco Lucarelli \u2013 Bovetti \u2013 Bozzi \u2013 Braschi \u2013 Bubbio \u2013 Burato.<\/p><p>Caccuri \u2013 Caiati \u2013 Camposarcuno \u2013 Candela \u2013 Cappa Paolo \u2013 Cappi Giuseppe \u2013 Cappugi \u2013 Capua \u2013 Carbonari \u2013 Carboni Enrico \u2013 Carignani \u2013 Caronia \u2013 Carratelli \u2013 Castelli Avolio \u2013 Cavalli \u2013 Chatrian \u2013 Chieffi \u2013 Ciampitti \u2013 Ciccolungo \u2013 Cifaldi \u2013 Cimenti \u2013 Cingolani Mario \u2013 Clerici \u2013 Coccia \u2013 Colitto \u2013 Colombo Emilio \u2013 Condorelli \u2013 Coppa Ezio \u2013 Coppi Alessandro \u2013 Corbino \u2013 Cotellessa \u2013 Covelli \u2013 Cremaschi Carlo.<\/p><p>Del Curto \u2013 Delli Castelli Filomena \u2013 De Maria \u2013 De Michele Luigi \u2013 De Palma \u2013 De Unterrichter Maria \u2013 Di Fausto \u2013 Dossetti.<\/p><p>Ermini.<\/p><p>Fabbri \u2013 Fabriani \u2013 Ferrario Celestino \u2013 Ferreri \u2013 Foresi \u2013 Franceschi \u2013 Fuschini.<\/p><p>Galati \u2013 Garlato \u2013 Giacchero \u2013 Gonella \u2013 Gortani \u2013 Gotelli Angela \u2013 Grassi \u2013 Gronchi \u2013 Guariento \u2013 Guerrieri Filippo \u2013 Guidi Cingolani Angela.<\/p><p>Jervolino.<\/p><p>Lagravinese Pasquale \u2013 La Pira \u2013 Lazzati \u2013 Leone Giovanni \u2013 Lettieri \u2013 Lizier.<\/p><p>Malvestiti \u2013 Mannironi \u2013 Marazza \u2013 Marconi \u2013 Martinelli \u2013 Mastino Gesumino \u2013 Mattarella \u2013 Mazza \u2013 Medi Enrico \u2013 Merlin Umberto \u2013 Miccolis \u2013 Monticelli \u2013 Montini \u2013 Morelli Luigi \u2013 Moro \u2013 Mortati \u2013 Murdaca \u2013 Murgia.<\/p><p>Nicotra Maria \u2013 Notarianni \u2013 Numeroso.<\/p><p>Pallastrelli \u2013 Pecorari \u2013 Perlingieri \u2013 Perugi \u2013 Piccioni \u2013 Pignedoli \u2013 Puoti.<\/p><p>Quarello \u2013 Quintieri Adolfo \u2013 Quintieri Quinto.<\/p><p>Raimondi \u2013 Rapelli \u2013 Restagno \u2013 Riccio Stefano \u2013 Rivera \u2013 Rodin\u00f2 Mario \u2013 Rodin\u00f2 Ugo \u2013 Roselli \u2013 Rubilli \u2013 Rumor \u2013 Russo Perez.<\/p><p>Saggin \u2013 Salizzoni \u2013 Salvatore \u2013 Sampietro \u2013 Sartor \u2013 Scalfaro \u2013 Schiratti \u2013 Scoca \u2013 Spataro \u2013 Sullo Fiorentino.<\/p><p>Tambroni Armaroli \u2013 Taviani \u2013 Tieri Vincenzo \u2013 Titomanlio Vittoria \u2013 Tosato \u2013 Tosi \u2013 Tozzi Condivi \u2013 Trimarchi \u2013 Tupini \u2013 Turco.<\/p><p>Uberti.<\/p><p>Valenti \u2013 Valmarana \u2013 Venditti \u2013 Viale \u2013 Vicentini \u2013 Villabruna.<\/p><p>Zerbi.<\/p><p><em>Si \u00e8 astenuto<\/em><em>:<\/em><\/p><p>Conti.<\/p><p><em>Sono in congedo<\/em><em>:<\/em><\/p><p>Badini Confalonieri.<\/p><p>Campilli \u2013 Canepa \u2013 Caso.<\/p><p>Domined\u00f2.<\/p><p>Geuna \u2013 Giannini \u2013 Gullo Rocco.<\/p><p>Jacini.<\/p><p>La Gravinese Nicola \u2013 La Malfa \u2013 Lucifero.<\/p><p>Micheli \u2013 Montemartini.<\/p><p>Paolucci \u2013 Parri \u2013 Perrone Capano.<\/p><p>Tremelloni \u2013 Tumminelli.<\/p><p>Zotta.<\/p><p>PRESIDENTE. Dichiaro chiusa la votazione ed invito gli onorevoli Segretari a procedere al computo dei voti.<\/p><p>(<em>Gli onorevoli Segretari procedono al computo dei voti<\/em>).<\/p><p>Risultato della votazione nominale.<\/p><p>PRESIDENTE. Comunico il risultato della votazione per appello nominale:<\/p><p>Presenti\u00a0\u00a0\u00a0\u00a0\u00a0\u00a0\u00a0\u00a0\u00a0\u00a0\u00a0\u00a0\u00a0\u00a0\u00a0\u00a0\u00a0 309<\/p><p>Votanti \u00a0\u00a0\u00a0\u00a0\u00a0\u00a0\u00a0\u00a0\u00a0\u00a0\u00a0\u00a0\u00a0\u00a0\u00a0\u00a0\u00a0 308<\/p><p>Maggioranza\u00a0\u00a0\u00a0\u00a0\u00a0\u00a0\u00a0\u00a0\u00a0\u00a0 155<\/p><p>Hanno risposto <em>s\u00ec<\/em>\u00a0\u00a0\u00a0\u00a0 146<\/p><p>Hanno risposto <em>no\u00a0\u00a0 <\/em>162<\/p><p>Astenuto\u00a0\u00a0\u00a0\u00a0\u00a0\u00a0\u00a0\u00a0\u00a0\u00a0\u00a0\u00a0\u00a0\u00a0\u00a0\u00a0\u00a0\u00a0 1<\/p><p>(<em>L\u2019Assemblea non approva<\/em>).<\/p><p>Il seguito della discussione \u00e8 rinviato alla seduta antimeridiana di domani. Nella seduta pomeridiana di oggi sar\u00e0 fissata l\u2019ora d\u2019inizio.<\/p><p>La seduta termina alle 13.15.<\/p>\t\t\t\t\t\t\t\t<\/div>\n\t\t\t\t<\/div>\n\t\t\t\t\t<\/div>\n\t\t<\/div>\n\t\t\t\t\t<\/div>\n\t\t<\/section>\n\t\t\t\t<\/div>\n\t\t","protected":false},"excerpt":{"rendered":"<p>Versione PDF ASSEMBLEA COSTITUENTE CCXXIII. SEDUTA ANTIMERIDIANA DI GIOVED\u00cc 18 SETTEMBRE 1947 PRESIDENZA DEL VICEPRESIDENTE TARGETTI INDICE Sul processo verbale: Russo Perez Disegno di legge: Norme per la disciplina dell\u2019elettorato attivo e per la tenuta e la revisione annuale delle liste elettorali (Seguito della discussione): Presidente Moro Schiavetti Uberti, Relatore Marazza, Sottosegretario di Stato per [&hellip;]<\/p>\n","protected":false},"author":1,"featured_media":0,"comment_status":"closed","ping_status":"closed","sticky":false,"template":"","format":"standard","meta":{"_relevanssi_hide_post":"","_relevanssi_hide_content":"","_relevanssi_pin_for_all":"","_relevanssi_pin_keywords":"","_relevanssi_unpin_keywords":"","_relevanssi_related_keywords":"","_relevanssi_related_include_ids":"","_relevanssi_related_exclude_ids":"","_relevanssi_related_no_append":"","_relevanssi_related_not_related":"","_relevanssi_related_posts":"2131,2364,2181,2390,2265,2196","_relevanssi_noindex_reason":"","_monsterinsights_skip_tracking":false,"_monsterinsights_sitenote_active":false,"_monsterinsights_sitenote_note":"","_monsterinsights_sitenote_category":0,"footnotes":""},"categories":[55,7],"tags":[],"post_folder":[54],"class_list":["post-2117","post","type-post","status-publish","format-standard","hentry","category-1947-09","category-assemblea"],"aioseo_notices":[],"_links":{"self":[{"href":"https:\/\/comenascelacostituzione.it\/index.php?rest_route=\/wp\/v2\/posts\/2117","targetHints":{"allow":["GET"]}}],"collection":[{"href":"https:\/\/comenascelacostituzione.it\/index.php?rest_route=\/wp\/v2\/posts"}],"about":[{"href":"https:\/\/comenascelacostituzione.it\/index.php?rest_route=\/wp\/v2\/types\/post"}],"author":[{"embeddable":true,"href":"https:\/\/comenascelacostituzione.it\/index.php?rest_route=\/wp\/v2\/users\/1"}],"replies":[{"embeddable":true,"href":"https:\/\/comenascelacostituzione.it\/index.php?rest_route=%2Fwp%2Fv2%2Fcomments&post=2117"}],"version-history":[{"count":6,"href":"https:\/\/comenascelacostituzione.it\/index.php?rest_route=\/wp\/v2\/posts\/2117\/revisions"}],"predecessor-version":[{"id":6699,"href":"https:\/\/comenascelacostituzione.it\/index.php?rest_route=\/wp\/v2\/posts\/2117\/revisions\/6699"}],"wp:attachment":[{"href":"https:\/\/comenascelacostituzione.it\/index.php?rest_route=%2Fwp%2Fv2%2Fmedia&parent=2117"}],"wp:term":[{"taxonomy":"category","embeddable":true,"href":"https:\/\/comenascelacostituzione.it\/index.php?rest_route=%2Fwp%2Fv2%2Fcategories&post=2117"},{"taxonomy":"post_tag","embeddable":true,"href":"https:\/\/comenascelacostituzione.it\/index.php?rest_route=%2Fwp%2Fv2%2Ftags&post=2117"},{"taxonomy":"post_folder","embeddable":true,"href":"https:\/\/comenascelacostituzione.it\/index.php?rest_route=%2Fwp%2Fv2%2Fpost_folder&post=2117"}],"curies":[{"name":"wp","href":"https:\/\/api.w.org\/{rel}","templated":true}]}}