{"id":1924,"date":"2023-09-10T21:12:13","date_gmt":"2023-09-10T19:12:13","guid":{"rendered":"https:\/\/comenascelacostituzione.it\/?p=1924"},"modified":"2023-10-21T23:25:32","modified_gmt":"2023-10-21T21:25:32","slug":"lunedi-9-giugno-1947","status":"publish","type":"post","link":"https:\/\/comenascelacostituzione.it\/?p=1924","title":{"rendered":"LUNED\u00cc 9 GIUGNO 1947"},"content":{"rendered":"\t\t<div data-elementor-type=\"wp-post\" data-elementor-id=\"1924\" class=\"elementor elementor-1924\" data-elementor-post-type=\"post\">\n\t\t\t\t\t\t<section class=\"elementor-section elementor-top-section elementor-element elementor-element-72b03cc elementor-section-full_width elementor-section-height-default elementor-section-height-default\" data-id=\"72b03cc\" data-element_type=\"section\">\n\t\t\t\t\t\t<div class=\"elementor-container elementor-column-gap-default\">\n\t\t\t\t\t<div class=\"elementor-column elementor-col-100 elementor-top-column elementor-element elementor-element-3306e8a\" data-id=\"3306e8a\" data-element_type=\"column\">\n\t\t\t<div class=\"elementor-widget-wrap elementor-element-populated\">\n\t\t\t\t\t\t<div class=\"elementor-element elementor-element-d912dd3 elementor-align-right elementor-widget elementor-widget-button\" data-id=\"d912dd3\" data-element_type=\"widget\" data-widget_type=\"button.default\">\n\t\t\t\t<div class=\"elementor-widget-container\">\n\t\t\t\t\t\t\t\t\t<div class=\"elementor-button-wrapper\">\n\t\t\t\t\t<a class=\"elementor-button elementor-button-link elementor-size-sm\" href=\"https:\/\/comenascelacostituzione.it\/wp-content\/uploads\/2023\/09\/19470609_1.pdf\" target=\"_blank\">\n\t\t\t\t\t\t<span class=\"elementor-button-content-wrapper\">\n\t\t\t\t\t\t<span class=\"elementor-button-icon\">\n\t\t\t\t<i aria-hidden=\"true\" class=\"icon icon-view\"><\/i>\t\t\t<\/span>\n\t\t\t\t\t\t\t\t\t<span class=\"elementor-button-text\">Versione PDF<\/span>\n\t\t\t\t\t<\/span>\n\t\t\t\t\t<\/a>\n\t\t\t\t<\/div>\n\t\t\t\t\t\t\t\t<\/div>\n\t\t\t\t<\/div>\n\t\t\t\t<div class=\"elementor-element elementor-element-28dfb58 elementor-widget elementor-widget-text-editor\" data-id=\"28dfb58\" data-element_type=\"widget\" data-widget_type=\"text-editor.default\">\n\t\t\t\t<div class=\"elementor-widget-container\">\n\t\t\t\t\t\t\t\t\t<p>ASSEMBLEA COSTITUENTE<\/p><p>CXLII.<\/p><p>SEDUTA DI LUNED\u00cc 9 GIUGNO 1947<\/p><p>PRESIDENZA DEL PRESIDENTE <strong>TERRACINI<\/strong><\/p><p><strong>INDICE<\/strong><\/p><p><strong>Congedo:<\/strong><\/p><p>Presidente\u00a0\u00a0\u00a0\u00a0\u00a0\u00a0\u00a0\u00a0\u00a0\u00a0\u00a0\u00a0\u00a0\u00a0\u00a0\u00a0\u00a0\u00a0\u00a0\u00a0\u00a0\u00a0\u00a0\u00a0\u00a0\u00a0\u00a0\u00a0\u00a0\u00a0\u00a0\u00a0\u00a0\u00a0\u00a0\u00a0\u00a0\u00a0\u00a0\u00a0\u00a0\u00a0\u00a0\u00a0\u00a0\u00a0\u00a0\u00a0\u00a0\u00a0\u00a0\u00a0\u00a0\u00a0\u00a0\u00a0\u00a0\u00a0\u00a0\u00a0\u00a0\u00a0\u00a0\u00a0\u00a0\u00a0\u00a0\u00a0\u00a0\u00a0\u00a0\u00a0\u00a0\u00a0\u00a0\u00a0\u00a0\u00a0\u00a0\u00a0\u00a0\u00a0\u00a0\u00a0\u00a0\u00a0\u00a0\u00a0\u00a0\u00a0\u00a0\u00a0\u00a0\u00a0\u00a0\u00a0\u00a0\u00a0\u00a0\u00a0\u00a0\u00a0\u00a0\u00a0<\/p><p><strong>Costituzione del Gabinetto:<\/strong><\/p><p>De Gasperi, <em>Presidente del Consiglio dei Ministri<\/em>\u00a0\u00a0\u00a0\u00a0\u00a0\u00a0\u00a0\u00a0\u00a0\u00a0\u00a0\u00a0\u00a0\u00a0\u00a0\u00a0\u00a0\u00a0\u00a0\u00a0\u00a0\u00a0\u00a0\u00a0\u00a0\u00a0\u00a0\u00a0\u00a0\u00a0\u00a0\u00a0\u00a0\u00a0\u00a0\u00a0\u00a0\u00a0\u00a0\u00a0\u00a0\u00a0\u00a0\u00a0\u00a0\u00a0\u00a0\u00a0<\/p><p><strong>Commemorazione dei fratelli Carlo e Nello Rosselli:<\/strong><\/p><p>Calamandrei\u00a0\u00a0\u00a0\u00a0\u00a0\u00a0\u00a0\u00a0\u00a0\u00a0\u00a0\u00a0\u00a0\u00a0\u00a0\u00a0\u00a0\u00a0\u00a0\u00a0\u00a0\u00a0\u00a0\u00a0\u00a0\u00a0\u00a0\u00a0\u00a0\u00a0\u00a0\u00a0\u00a0\u00a0\u00a0\u00a0\u00a0\u00a0\u00a0\u00a0\u00a0\u00a0\u00a0\u00a0\u00a0\u00a0\u00a0\u00a0\u00a0\u00a0\u00a0\u00a0\u00a0\u00a0\u00a0\u00a0\u00a0\u00a0\u00a0\u00a0\u00a0\u00a0\u00a0\u00a0\u00a0\u00a0\u00a0\u00a0\u00a0\u00a0\u00a0\u00a0\u00a0\u00a0\u00a0\u00a0\u00a0\u00a0\u00a0\u00a0\u00a0\u00a0\u00a0\u00a0\u00a0\u00a0\u00a0\u00a0\u00a0\u00a0\u00a0\u00a0\u00a0\u00a0\u00a0\u00a0\u00a0\u00a0\u00a0<\/p><p>Cevolotto\u00a0\u00a0\u00a0\u00a0\u00a0\u00a0\u00a0\u00a0\u00a0\u00a0\u00a0\u00a0\u00a0\u00a0\u00a0\u00a0\u00a0\u00a0\u00a0\u00a0\u00a0\u00a0\u00a0\u00a0\u00a0\u00a0\u00a0\u00a0\u00a0\u00a0\u00a0\u00a0\u00a0\u00a0\u00a0\u00a0\u00a0\u00a0\u00a0\u00a0\u00a0\u00a0\u00a0\u00a0\u00a0\u00a0\u00a0\u00a0\u00a0\u00a0\u00a0\u00a0\u00a0\u00a0\u00a0\u00a0\u00a0\u00a0\u00a0\u00a0\u00a0\u00a0\u00a0\u00a0\u00a0\u00a0\u00a0\u00a0\u00a0\u00a0\u00a0\u00a0\u00a0\u00a0\u00a0\u00a0\u00a0\u00a0\u00a0\u00a0\u00a0\u00a0\u00a0\u00a0\u00a0\u00a0\u00a0\u00a0\u00a0\u00a0\u00a0\u00a0\u00a0\u00a0\u00a0\u00a0\u00a0\u00a0\u00a0\u00a0\u00a0\u00a0\u00a0\u00a0<\/p><p>Giua\u00a0\u00a0\u00a0\u00a0\u00a0\u00a0\u00a0\u00a0\u00a0\u00a0\u00a0\u00a0\u00a0\u00a0\u00a0\u00a0\u00a0\u00a0\u00a0\u00a0\u00a0\u00a0\u00a0\u00a0\u00a0\u00a0\u00a0\u00a0\u00a0\u00a0\u00a0\u00a0\u00a0\u00a0\u00a0\u00a0\u00a0\u00a0\u00a0\u00a0\u00a0\u00a0\u00a0\u00a0\u00a0\u00a0\u00a0\u00a0\u00a0\u00a0\u00a0\u00a0\u00a0\u00a0\u00a0\u00a0\u00a0\u00a0\u00a0\u00a0\u00a0\u00a0\u00a0\u00a0\u00a0\u00a0\u00a0\u00a0\u00a0\u00a0\u00a0\u00a0\u00a0\u00a0\u00a0\u00a0\u00a0\u00a0\u00a0\u00a0\u00a0\u00a0\u00a0\u00a0\u00a0\u00a0\u00a0\u00a0\u00a0\u00a0\u00a0\u00a0\u00a0\u00a0\u00a0\u00a0\u00a0\u00a0\u00a0\u00a0\u00a0\u00a0\u00a0\u00a0\u00a0\u00a0\u00a0\u00a0\u00a0\u00a0\u00a0\u00a0\u00a0\u00a0<\/p><p>Maffi\u00a0\u00a0\u00a0\u00a0\u00a0\u00a0\u00a0\u00a0\u00a0\u00a0\u00a0\u00a0\u00a0\u00a0\u00a0\u00a0\u00a0\u00a0\u00a0\u00a0\u00a0\u00a0\u00a0\u00a0\u00a0\u00a0\u00a0\u00a0\u00a0\u00a0\u00a0\u00a0\u00a0\u00a0\u00a0\u00a0\u00a0\u00a0\u00a0\u00a0\u00a0\u00a0\u00a0\u00a0\u00a0\u00a0\u00a0\u00a0\u00a0\u00a0\u00a0\u00a0\u00a0\u00a0\u00a0\u00a0\u00a0\u00a0\u00a0\u00a0\u00a0\u00a0\u00a0\u00a0\u00a0\u00a0\u00a0\u00a0\u00a0\u00a0\u00a0\u00a0\u00a0\u00a0\u00a0\u00a0\u00a0\u00a0\u00a0\u00a0\u00a0\u00a0\u00a0\u00a0\u00a0\u00a0\u00a0\u00a0\u00a0\u00a0\u00a0\u00a0\u00a0\u00a0\u00a0\u00a0\u00a0\u00a0\u00a0\u00a0\u00a0\u00a0\u00a0\u00a0\u00a0\u00a0\u00a0\u00a0\u00a0\u00a0\u00a0\u00a0<\/p><p>Macrelli\u00a0\u00a0\u00a0\u00a0\u00a0\u00a0\u00a0\u00a0\u00a0\u00a0\u00a0\u00a0\u00a0\u00a0\u00a0\u00a0\u00a0\u00a0\u00a0\u00a0\u00a0\u00a0\u00a0\u00a0\u00a0\u00a0\u00a0\u00a0\u00a0\u00a0\u00a0\u00a0\u00a0\u00a0\u00a0\u00a0\u00a0\u00a0\u00a0\u00a0\u00a0\u00a0\u00a0\u00a0\u00a0\u00a0\u00a0\u00a0\u00a0\u00a0\u00a0\u00a0\u00a0\u00a0\u00a0\u00a0\u00a0\u00a0\u00a0\u00a0\u00a0\u00a0\u00a0\u00a0\u00a0\u00a0\u00a0\u00a0\u00a0\u00a0\u00a0\u00a0\u00a0\u00a0\u00a0\u00a0\u00a0\u00a0\u00a0\u00a0\u00a0\u00a0\u00a0\u00a0\u00a0\u00a0\u00a0\u00a0\u00a0\u00a0\u00a0\u00a0\u00a0\u00a0\u00a0\u00a0\u00a0\u00a0\u00a0\u00a0\u00a0\u00a0\u00a0\u00a0\u00a0\u00a0<\/p><p>Tumminelli\u00a0\u00a0\u00a0\u00a0\u00a0\u00a0\u00a0\u00a0\u00a0\u00a0\u00a0\u00a0\u00a0\u00a0\u00a0\u00a0\u00a0\u00a0\u00a0\u00a0\u00a0\u00a0\u00a0\u00a0\u00a0\u00a0\u00a0\u00a0\u00a0\u00a0\u00a0\u00a0\u00a0\u00a0\u00a0\u00a0\u00a0\u00a0\u00a0\u00a0\u00a0\u00a0\u00a0\u00a0\u00a0\u00a0\u00a0\u00a0\u00a0\u00a0\u00a0\u00a0\u00a0\u00a0\u00a0\u00a0\u00a0\u00a0\u00a0\u00a0\u00a0\u00a0\u00a0\u00a0\u00a0\u00a0\u00a0\u00a0\u00a0\u00a0\u00a0\u00a0\u00a0\u00a0\u00a0\u00a0\u00a0\u00a0\u00a0\u00a0\u00a0\u00a0\u00a0\u00a0\u00a0\u00a0\u00a0\u00a0\u00a0\u00a0\u00a0\u00a0\u00a0\u00a0\u00a0\u00a0\u00a0\u00a0\u00a0\u00a0\u00a0\u00a0\u00a0<\/p><p>Corbino\u00a0\u00a0\u00a0\u00a0\u00a0\u00a0\u00a0\u00a0\u00a0\u00a0\u00a0\u00a0\u00a0\u00a0\u00a0\u00a0\u00a0\u00a0\u00a0\u00a0\u00a0\u00a0\u00a0\u00a0\u00a0\u00a0\u00a0\u00a0\u00a0\u00a0\u00a0\u00a0\u00a0\u00a0\u00a0\u00a0\u00a0\u00a0\u00a0\u00a0\u00a0\u00a0\u00a0\u00a0\u00a0\u00a0\u00a0\u00a0\u00a0\u00a0\u00a0\u00a0\u00a0\u00a0\u00a0\u00a0\u00a0\u00a0\u00a0\u00a0\u00a0\u00a0\u00a0\u00a0\u00a0\u00a0\u00a0\u00a0\u00a0\u00a0\u00a0\u00a0\u00a0\u00a0\u00a0\u00a0\u00a0\u00a0\u00a0\u00a0\u00a0\u00a0\u00a0\u00a0\u00a0\u00a0\u00a0\u00a0\u00a0\u00a0\u00a0\u00a0\u00a0\u00a0\u00a0\u00a0\u00a0\u00a0\u00a0\u00a0\u00a0\u00a0\u00a0\u00a0\u00a0\u00a0\u00a0\u00a0<\/p><p>Gronchi\u00a0\u00a0\u00a0\u00a0\u00a0\u00a0\u00a0\u00a0\u00a0\u00a0\u00a0\u00a0\u00a0\u00a0\u00a0\u00a0\u00a0\u00a0\u00a0\u00a0\u00a0\u00a0\u00a0\u00a0\u00a0\u00a0\u00a0\u00a0\u00a0\u00a0\u00a0\u00a0\u00a0\u00a0\u00a0\u00a0\u00a0\u00a0\u00a0\u00a0\u00a0\u00a0\u00a0\u00a0\u00a0\u00a0\u00a0\u00a0\u00a0\u00a0\u00a0\u00a0\u00a0\u00a0\u00a0\u00a0\u00a0\u00a0\u00a0\u00a0\u00a0\u00a0\u00a0\u00a0\u00a0\u00a0\u00a0\u00a0\u00a0\u00a0\u00a0\u00a0\u00a0\u00a0\u00a0\u00a0\u00a0\u00a0\u00a0\u00a0\u00a0\u00a0\u00a0\u00a0\u00a0\u00a0\u00a0\u00a0\u00a0\u00a0\u00a0\u00a0\u00a0\u00a0\u00a0\u00a0\u00a0\u00a0\u00a0\u00a0\u00a0\u00a0\u00a0\u00a0\u00a0\u00a0\u00a0\u00a0<\/p><p>Fietta\u00a0\u00a0\u00a0\u00a0\u00a0\u00a0\u00a0\u00a0\u00a0\u00a0\u00a0\u00a0\u00a0\u00a0\u00a0\u00a0\u00a0\u00a0\u00a0\u00a0\u00a0\u00a0\u00a0\u00a0\u00a0\u00a0\u00a0\u00a0\u00a0\u00a0\u00a0\u00a0\u00a0\u00a0\u00a0\u00a0\u00a0\u00a0\u00a0\u00a0\u00a0\u00a0\u00a0\u00a0\u00a0\u00a0\u00a0\u00a0\u00a0\u00a0\u00a0\u00a0\u00a0\u00a0\u00a0\u00a0\u00a0\u00a0\u00a0\u00a0\u00a0\u00a0\u00a0\u00a0\u00a0\u00a0\u00a0\u00a0\u00a0\u00a0\u00a0\u00a0\u00a0\u00a0\u00a0\u00a0\u00a0\u00a0\u00a0\u00a0\u00a0\u00a0\u00a0\u00a0\u00a0\u00a0\u00a0\u00a0\u00a0\u00a0\u00a0\u00a0\u00a0\u00a0\u00a0\u00a0\u00a0\u00a0\u00a0\u00a0\u00a0\u00a0\u00a0\u00a0\u00a0\u00a0\u00a0\u00a0\u00a0\u00a0\u00a0<\/p><p>Einaudi\u00a0\u00a0\u00a0\u00a0\u00a0\u00a0\u00a0\u00a0\u00a0\u00a0\u00a0\u00a0\u00a0\u00a0\u00a0\u00a0\u00a0\u00a0\u00a0\u00a0\u00a0\u00a0\u00a0\u00a0\u00a0\u00a0\u00a0\u00a0\u00a0\u00a0\u00a0\u00a0\u00a0\u00a0\u00a0\u00a0\u00a0\u00a0\u00a0\u00a0\u00a0\u00a0\u00a0\u00a0\u00a0\u00a0\u00a0\u00a0\u00a0\u00a0\u00a0\u00a0\u00a0\u00a0\u00a0\u00a0\u00a0\u00a0\u00a0\u00a0\u00a0\u00a0\u00a0\u00a0\u00a0\u00a0\u00a0\u00a0\u00a0\u00a0\u00a0\u00a0\u00a0\u00a0\u00a0\u00a0\u00a0\u00a0\u00a0\u00a0\u00a0\u00a0\u00a0\u00a0\u00a0\u00a0\u00a0\u00a0\u00a0\u00a0\u00a0\u00a0\u00a0\u00a0\u00a0\u00a0\u00a0\u00a0\u00a0\u00a0\u00a0\u00a0\u00a0\u00a0\u00a0\u00a0\u00a0\u00a0\u00a0<\/p><p>Bergamini\u00a0\u00a0\u00a0\u00a0\u00a0\u00a0\u00a0\u00a0\u00a0\u00a0\u00a0\u00a0\u00a0\u00a0\u00a0\u00a0\u00a0\u00a0\u00a0\u00a0\u00a0\u00a0\u00a0\u00a0\u00a0\u00a0\u00a0\u00a0\u00a0\u00a0\u00a0\u00a0\u00a0\u00a0\u00a0\u00a0\u00a0\u00a0\u00a0\u00a0\u00a0\u00a0\u00a0\u00a0\u00a0\u00a0\u00a0\u00a0\u00a0\u00a0\u00a0\u00a0\u00a0\u00a0\u00a0\u00a0\u00a0\u00a0\u00a0\u00a0\u00a0\u00a0\u00a0\u00a0\u00a0\u00a0\u00a0\u00a0\u00a0\u00a0\u00a0\u00a0\u00a0\u00a0\u00a0\u00a0\u00a0\u00a0\u00a0\u00a0\u00a0\u00a0\u00a0\u00a0\u00a0\u00a0\u00a0\u00a0\u00a0\u00a0\u00a0\u00a0\u00a0\u00a0\u00a0\u00a0\u00a0\u00a0\u00a0\u00a0\u00a0\u00a0\u00a0\u00a0\u00a0<\/p><p>De Gasperi, <em>Presidente del Consiglio dei Ministri<\/em>\u00a0\u00a0\u00a0\u00a0\u00a0\u00a0\u00a0\u00a0\u00a0\u00a0\u00a0\u00a0\u00a0\u00a0\u00a0\u00a0\u00a0\u00a0\u00a0\u00a0\u00a0\u00a0\u00a0\u00a0\u00a0\u00a0\u00a0\u00a0\u00a0\u00a0\u00a0\u00a0\u00a0\u00a0\u00a0\u00a0\u00a0\u00a0\u00a0\u00a0\u00a0\u00a0\u00a0\u00a0\u00a0\u00a0\u00a0\u00a0<\/p><p>Presidente\u00a0\u00a0\u00a0\u00a0\u00a0\u00a0\u00a0\u00a0\u00a0\u00a0\u00a0\u00a0\u00a0\u00a0\u00a0\u00a0\u00a0\u00a0\u00a0\u00a0\u00a0\u00a0\u00a0\u00a0\u00a0\u00a0\u00a0\u00a0\u00a0\u00a0\u00a0\u00a0\u00a0\u00a0\u00a0\u00a0\u00a0\u00a0\u00a0\u00a0\u00a0\u00a0\u00a0\u00a0\u00a0\u00a0\u00a0\u00a0\u00a0\u00a0\u00a0\u00a0\u00a0\u00a0\u00a0\u00a0\u00a0\u00a0\u00a0\u00a0\u00a0\u00a0\u00a0\u00a0\u00a0\u00a0\u00a0\u00a0\u00a0\u00a0\u00a0\u00a0\u00a0\u00a0\u00a0\u00a0\u00a0\u00a0\u00a0\u00a0\u00a0\u00a0\u00a0\u00a0\u00a0\u00a0\u00a0\u00a0\u00a0\u00a0\u00a0\u00a0\u00a0\u00a0\u00a0\u00a0\u00a0\u00a0\u00a0\u00a0\u00a0\u00a0\u00a0\u00a0<\/p><p><strong>Dichiarazioni del Governo:<\/strong><\/p><p>De Gasperi, <em>Presidente del Consiglio dei Ministri<\/em>\u00a0\u00a0\u00a0\u00a0\u00a0\u00a0\u00a0\u00a0\u00a0\u00a0\u00a0\u00a0\u00a0\u00a0\u00a0\u00a0\u00a0\u00a0\u00a0\u00a0\u00a0\u00a0\u00a0\u00a0\u00a0\u00a0\u00a0\u00a0\u00a0\u00a0\u00a0\u00a0\u00a0\u00a0\u00a0\u00a0\u00a0\u00a0\u00a0\u00a0\u00a0\u00a0\u00a0\u00a0\u00a0\u00a0\u00a0\u00a0<\/p><p>Presidente\u00a0\u00a0\u00a0\u00a0\u00a0\u00a0\u00a0\u00a0\u00a0\u00a0\u00a0\u00a0\u00a0\u00a0\u00a0\u00a0\u00a0\u00a0\u00a0\u00a0\u00a0\u00a0\u00a0\u00a0\u00a0\u00a0\u00a0\u00a0\u00a0\u00a0\u00a0\u00a0\u00a0\u00a0\u00a0\u00a0\u00a0\u00a0\u00a0\u00a0\u00a0\u00a0\u00a0\u00a0\u00a0\u00a0\u00a0\u00a0\u00a0\u00a0\u00a0\u00a0\u00a0\u00a0\u00a0\u00a0\u00a0\u00a0\u00a0\u00a0\u00a0\u00a0\u00a0\u00a0\u00a0\u00a0\u00a0\u00a0\u00a0\u00a0\u00a0\u00a0\u00a0\u00a0\u00a0\u00a0\u00a0\u00a0\u00a0\u00a0\u00a0\u00a0\u00a0\u00a0\u00a0\u00a0\u00a0\u00a0\u00a0\u00a0\u00a0\u00a0\u00a0\u00a0\u00a0\u00a0\u00a0\u00a0\u00a0\u00a0\u00a0\u00a0\u00a0\u00a0<\/p><p><strong>Sulla proroga dei poteri dell\u2019Assemblea Costituente:<\/strong><\/p><p>Benedetti\u00a0\u00a0\u00a0\u00a0\u00a0\u00a0\u00a0\u00a0\u00a0\u00a0\u00a0\u00a0\u00a0\u00a0\u00a0\u00a0\u00a0\u00a0\u00a0\u00a0\u00a0\u00a0\u00a0\u00a0\u00a0\u00a0\u00a0\u00a0\u00a0\u00a0\u00a0\u00a0\u00a0\u00a0\u00a0\u00a0\u00a0\u00a0\u00a0\u00a0\u00a0\u00a0\u00a0\u00a0\u00a0\u00a0\u00a0\u00a0\u00a0\u00a0\u00a0\u00a0\u00a0\u00a0\u00a0\u00a0\u00a0\u00a0\u00a0\u00a0\u00a0\u00a0\u00a0\u00a0\u00a0\u00a0\u00a0\u00a0\u00a0\u00a0\u00a0\u00a0\u00a0\u00a0\u00a0\u00a0\u00a0\u00a0\u00a0\u00a0\u00a0\u00a0\u00a0\u00a0\u00a0\u00a0\u00a0\u00a0\u00a0\u00a0\u00a0\u00a0\u00a0\u00a0\u00a0\u00a0\u00a0\u00a0\u00a0\u00a0\u00a0\u00a0\u00a0\u00a0\u00a0<\/p><p>De Gasperi, <em>Presidente del Consiglio dei Ministri<\/em>\u00a0\u00a0\u00a0\u00a0\u00a0\u00a0\u00a0\u00a0\u00a0\u00a0\u00a0\u00a0\u00a0\u00a0\u00a0\u00a0\u00a0\u00a0\u00a0\u00a0\u00a0\u00a0\u00a0\u00a0\u00a0\u00a0\u00a0\u00a0\u00a0\u00a0\u00a0\u00a0\u00a0\u00a0\u00a0\u00a0\u00a0\u00a0\u00a0\u00a0\u00a0\u00a0\u00a0\u00a0\u00a0\u00a0\u00a0\u00a0<\/p><p>Presidente\u00a0\u00a0\u00a0\u00a0\u00a0\u00a0\u00a0\u00a0\u00a0\u00a0\u00a0\u00a0\u00a0\u00a0\u00a0\u00a0\u00a0\u00a0\u00a0\u00a0\u00a0\u00a0\u00a0\u00a0\u00a0\u00a0\u00a0\u00a0\u00a0\u00a0\u00a0\u00a0\u00a0\u00a0\u00a0\u00a0\u00a0\u00a0\u00a0\u00a0\u00a0\u00a0\u00a0\u00a0\u00a0\u00a0\u00a0\u00a0\u00a0\u00a0\u00a0\u00a0\u00a0\u00a0\u00a0\u00a0\u00a0\u00a0\u00a0\u00a0\u00a0\u00a0\u00a0\u00a0\u00a0\u00a0\u00a0\u00a0\u00a0\u00a0\u00a0\u00a0\u00a0\u00a0\u00a0\u00a0\u00a0\u00a0\u00a0\u00a0\u00a0\u00a0\u00a0\u00a0\u00a0\u00a0\u00a0\u00a0\u00a0\u00a0\u00a0\u00a0\u00a0\u00a0\u00a0\u00a0\u00a0\u00a0\u00a0\u00a0\u00a0\u00a0\u00a0\u00a0<\/p><p>Lussu\u00a0\u00a0\u00a0\u00a0\u00a0\u00a0\u00a0\u00a0\u00a0\u00a0\u00a0\u00a0\u00a0\u00a0\u00a0\u00a0\u00a0\u00a0\u00a0\u00a0\u00a0\u00a0\u00a0\u00a0\u00a0\u00a0\u00a0\u00a0\u00a0\u00a0\u00a0\u00a0\u00a0\u00a0\u00a0\u00a0\u00a0\u00a0\u00a0\u00a0\u00a0\u00a0\u00a0\u00a0\u00a0\u00a0\u00a0\u00a0\u00a0\u00a0\u00a0\u00a0\u00a0\u00a0\u00a0\u00a0\u00a0\u00a0\u00a0\u00a0\u00a0\u00a0\u00a0\u00a0\u00a0\u00a0\u00a0\u00a0\u00a0\u00a0\u00a0\u00a0\u00a0\u00a0\u00a0\u00a0\u00a0\u00a0\u00a0\u00a0\u00a0\u00a0\u00a0\u00a0\u00a0\u00a0\u00a0\u00a0\u00a0\u00a0\u00a0\u00a0\u00a0\u00a0\u00a0\u00a0\u00a0\u00a0\u00a0\u00a0\u00a0\u00a0\u00a0\u00a0\u00a0\u00a0\u00a0\u00a0\u00a0\u00a0\u00a0\u00a0<\/p><p>Giannini\u00a0\u00a0\u00a0\u00a0\u00a0\u00a0\u00a0\u00a0\u00a0\u00a0\u00a0\u00a0\u00a0\u00a0\u00a0\u00a0\u00a0\u00a0\u00a0\u00a0\u00a0\u00a0\u00a0\u00a0\u00a0\u00a0\u00a0\u00a0\u00a0\u00a0\u00a0\u00a0\u00a0\u00a0\u00a0\u00a0\u00a0\u00a0\u00a0\u00a0\u00a0\u00a0\u00a0\u00a0\u00a0\u00a0\u00a0\u00a0\u00a0\u00a0\u00a0\u00a0\u00a0\u00a0\u00a0\u00a0\u00a0\u00a0\u00a0\u00a0\u00a0\u00a0\u00a0\u00a0\u00a0\u00a0\u00a0\u00a0\u00a0\u00a0\u00a0\u00a0\u00a0\u00a0\u00a0\u00a0\u00a0\u00a0\u00a0\u00a0\u00a0\u00a0\u00a0\u00a0\u00a0\u00a0\u00a0\u00a0\u00a0\u00a0\u00a0\u00a0\u00a0\u00a0\u00a0\u00a0\u00a0\u00a0\u00a0\u00a0\u00a0\u00a0\u00a0\u00a0\u00a0\u00a0\u00a0\u00a0<\/p><p>Macrelli\u00a0\u00a0\u00a0\u00a0\u00a0\u00a0\u00a0\u00a0\u00a0\u00a0\u00a0\u00a0\u00a0\u00a0\u00a0\u00a0\u00a0\u00a0\u00a0\u00a0\u00a0\u00a0\u00a0\u00a0\u00a0\u00a0\u00a0\u00a0\u00a0\u00a0\u00a0\u00a0\u00a0\u00a0\u00a0\u00a0\u00a0\u00a0\u00a0\u00a0\u00a0\u00a0\u00a0\u00a0\u00a0\u00a0\u00a0\u00a0\u00a0\u00a0\u00a0\u00a0\u00a0\u00a0\u00a0\u00a0\u00a0\u00a0\u00a0\u00a0\u00a0\u00a0\u00a0\u00a0\u00a0\u00a0\u00a0\u00a0\u00a0\u00a0\u00a0\u00a0\u00a0\u00a0\u00a0\u00a0\u00a0\u00a0\u00a0\u00a0\u00a0\u00a0\u00a0\u00a0\u00a0\u00a0\u00a0\u00a0\u00a0\u00a0\u00a0\u00a0\u00a0\u00a0\u00a0\u00a0\u00a0\u00a0\u00a0\u00a0\u00a0\u00a0\u00a0\u00a0\u00a0\u00a0<\/p><p>Fabbri\u00a0\u00a0\u00a0\u00a0\u00a0\u00a0\u00a0\u00a0\u00a0\u00a0\u00a0\u00a0\u00a0\u00a0\u00a0\u00a0\u00a0\u00a0\u00a0\u00a0\u00a0\u00a0\u00a0\u00a0\u00a0\u00a0\u00a0\u00a0\u00a0\u00a0\u00a0\u00a0\u00a0\u00a0\u00a0\u00a0\u00a0\u00a0\u00a0\u00a0\u00a0\u00a0\u00a0\u00a0\u00a0\u00a0\u00a0\u00a0\u00a0\u00a0\u00a0\u00a0\u00a0\u00a0\u00a0\u00a0\u00a0\u00a0\u00a0\u00a0\u00a0\u00a0\u00a0\u00a0\u00a0\u00a0\u00a0\u00a0\u00a0\u00a0\u00a0\u00a0\u00a0\u00a0\u00a0\u00a0\u00a0\u00a0\u00a0\u00a0\u00a0\u00a0\u00a0\u00a0\u00a0\u00a0\u00a0\u00a0\u00a0\u00a0\u00a0\u00a0\u00a0\u00a0\u00a0\u00a0\u00a0\u00a0\u00a0\u00a0\u00a0\u00a0\u00a0\u00a0\u00a0\u00a0\u00a0\u00a0\u00a0\u00a0\u00a0<\/p><p>Tonello\u00a0\u00a0\u00a0\u00a0\u00a0\u00a0\u00a0\u00a0\u00a0\u00a0\u00a0\u00a0\u00a0\u00a0\u00a0\u00a0\u00a0\u00a0\u00a0\u00a0\u00a0\u00a0\u00a0\u00a0\u00a0\u00a0\u00a0\u00a0\u00a0\u00a0\u00a0\u00a0\u00a0\u00a0\u00a0\u00a0\u00a0\u00a0\u00a0\u00a0\u00a0\u00a0\u00a0\u00a0\u00a0\u00a0\u00a0\u00a0\u00a0\u00a0\u00a0\u00a0\u00a0\u00a0\u00a0\u00a0\u00a0\u00a0\u00a0\u00a0\u00a0\u00a0\u00a0\u00a0\u00a0\u00a0\u00a0\u00a0\u00a0\u00a0\u00a0\u00a0\u00a0\u00a0\u00a0\u00a0\u00a0\u00a0\u00a0\u00a0\u00a0\u00a0\u00a0\u00a0\u00a0\u00a0\u00a0\u00a0\u00a0\u00a0\u00a0\u00a0\u00a0\u00a0\u00a0\u00a0\u00a0\u00a0\u00a0\u00a0\u00a0\u00a0\u00a0\u00a0\u00a0\u00a0\u00a0\u00a0<\/p><p>Persico\u00a0\u00a0\u00a0\u00a0\u00a0\u00a0\u00a0\u00a0\u00a0\u00a0\u00a0\u00a0\u00a0\u00a0\u00a0\u00a0\u00a0\u00a0\u00a0\u00a0\u00a0\u00a0\u00a0\u00a0\u00a0\u00a0\u00a0\u00a0\u00a0\u00a0\u00a0\u00a0\u00a0\u00a0\u00a0\u00a0\u00a0\u00a0\u00a0\u00a0\u00a0\u00a0\u00a0\u00a0\u00a0\u00a0\u00a0\u00a0\u00a0\u00a0\u00a0\u00a0\u00a0\u00a0\u00a0\u00a0\u00a0\u00a0\u00a0\u00a0\u00a0\u00a0\u00a0\u00a0\u00a0\u00a0\u00a0\u00a0\u00a0\u00a0\u00a0\u00a0\u00a0\u00a0\u00a0\u00a0\u00a0\u00a0\u00a0\u00a0\u00a0\u00a0\u00a0\u00a0\u00a0\u00a0\u00a0\u00a0\u00a0\u00a0\u00a0\u00a0\u00a0\u00a0\u00a0\u00a0\u00a0\u00a0\u00a0\u00a0\u00a0\u00a0\u00a0\u00a0\u00a0\u00a0\u00a0\u00a0\u00a0<\/p><p>Grassi, <em>Ministro di grazia e giustizia<\/em>\u00a0\u00a0\u00a0\u00a0\u00a0\u00a0\u00a0\u00a0\u00a0\u00a0\u00a0\u00a0\u00a0\u00a0\u00a0\u00a0\u00a0\u00a0\u00a0\u00a0\u00a0\u00a0\u00a0\u00a0\u00a0\u00a0\u00a0\u00a0\u00a0\u00a0\u00a0\u00a0\u00a0\u00a0\u00a0\u00a0\u00a0\u00a0\u00a0\u00a0\u00a0\u00a0\u00a0\u00a0\u00a0\u00a0\u00a0\u00a0\u00a0\u00a0\u00a0\u00a0\u00a0\u00a0\u00a0\u00a0\u00a0\u00a0\u00a0\u00a0\u00a0\u00a0\u00a0\u00a0\u00a0\u00a0\u00a0<\/p><p>Ruini, <em>Presidente della Commissione per la Costituzione<\/em>\u00a0\u00a0\u00a0\u00a0\u00a0\u00a0\u00a0\u00a0\u00a0\u00a0\u00a0\u00a0\u00a0\u00a0\u00a0\u00a0\u00a0\u00a0\u00a0\u00a0\u00a0\u00a0\u00a0\u00a0\u00a0\u00a0\u00a0\u00a0\u00a0\u00a0\u00a0\u00a0\u00a0\u00a0\u00a0\u00a0\u00a0\u00a0<\/p><p>Corbino\u00a0\u00a0\u00a0\u00a0\u00a0\u00a0\u00a0\u00a0\u00a0\u00a0\u00a0\u00a0\u00a0\u00a0\u00a0\u00a0\u00a0\u00a0\u00a0\u00a0\u00a0\u00a0\u00a0\u00a0\u00a0\u00a0\u00a0\u00a0\u00a0\u00a0\u00a0\u00a0\u00a0\u00a0\u00a0\u00a0\u00a0\u00a0\u00a0\u00a0\u00a0\u00a0\u00a0\u00a0\u00a0\u00a0\u00a0\u00a0\u00a0\u00a0\u00a0\u00a0\u00a0\u00a0\u00a0\u00a0\u00a0\u00a0\u00a0\u00a0\u00a0\u00a0\u00a0\u00a0\u00a0\u00a0\u00a0\u00a0\u00a0\u00a0\u00a0\u00a0\u00a0\u00a0\u00a0\u00a0\u00a0\u00a0\u00a0\u00a0\u00a0\u00a0\u00a0\u00a0\u00a0\u00a0\u00a0\u00a0\u00a0\u00a0\u00a0\u00a0\u00a0\u00a0\u00a0\u00a0\u00a0\u00a0\u00a0\u00a0\u00a0\u00a0\u00a0\u00a0\u00a0\u00a0\u00a0\u00a0<\/p><p><strong>Interrogazioni <\/strong>(<em>Annunzio<\/em>)<strong>:<\/strong><\/p><p>Presidente\u00a0\u00a0\u00a0\u00a0\u00a0\u00a0\u00a0\u00a0\u00a0\u00a0\u00a0\u00a0\u00a0\u00a0\u00a0\u00a0\u00a0\u00a0\u00a0\u00a0\u00a0\u00a0\u00a0\u00a0\u00a0\u00a0\u00a0\u00a0\u00a0\u00a0\u00a0\u00a0\u00a0\u00a0\u00a0\u00a0\u00a0\u00a0\u00a0\u00a0\u00a0\u00a0\u00a0\u00a0\u00a0\u00a0\u00a0\u00a0\u00a0\u00a0\u00a0\u00a0\u00a0\u00a0\u00a0\u00a0\u00a0\u00a0\u00a0\u00a0\u00a0\u00a0\u00a0\u00a0\u00a0\u00a0\u00a0\u00a0\u00a0\u00a0\u00a0\u00a0\u00a0\u00a0\u00a0\u00a0\u00a0\u00a0\u00a0\u00a0\u00a0\u00a0\u00a0\u00a0\u00a0\u00a0\u00a0\u00a0\u00a0\u00a0\u00a0\u00a0\u00a0\u00a0\u00a0\u00a0\u00a0\u00a0\u00a0\u00a0\u00a0\u00a0\u00a0\u00a0<\/p><p>La seduta comincia alle 16.<\/p><p>RICCIO, <em>Segretario<\/em>, legge il processo verbale della precedente seduta pomeridiana.<\/p><p>(<em>\u00c8 approvato<\/em>).<\/p><p>Congedo.<\/p><p>PRESIDENTE. Comunico che ha chiesto congedo il deputato Pellizzari.<\/p><p>(<em>\u00c8 concesso<\/em>).<\/p><p>Costituzione del Gabinetto.<\/p><p>DE GASPERI, <em>Presidente del Consiglio dei Ministri<\/em>. Comunico che il Capo provvisorio dello Stato, con decreti in data 31 maggio 1947, ha accettato le dimissioni che gli sono state da me presentate anche a nome dei colleghi Ministri Segretari di Stato ed ha, altres\u00ec, accettato le dimissioni dalla carica rassegnate dai Sottosegretari di Stato.<\/p><p>Con altro decreto pari data, il Capo provvisorio dello Stato mi ha incaricato di comporre il nuovo Ministero.<\/p><p>In relazione a tale incarico, con decreti del 31 maggio 1947, il Capo provvisorio dello Stato mi ha nominato Presidente del Consiglio dei Ministri, Primo Ministro Segretario di Stato e Ministro, <em>ad interim<\/em>, per l\u2019Africa Italiana, e, su proposta del Presidente del Consiglio dei Ministri, ha nominato Ministri Segretari di Stato per:<\/p><p>le finanze ed il tesoro, con le funzioni di Vicepresidente del Consiglio dei Ministri: l\u2019onorevole professore Einaudi Luigi, deputato all\u2019Assemblea Costituente;<\/p><p>gli affari esteri; l\u2019onorevole dottore Sforza Carlo, deputato all\u2019Assemblea Costituente;<\/p><p>l\u2019interno: l\u2019onorevole avvocato Scelba Mario, deputato all\u2019Assemblea Costituente;<\/p><p>la grazia e giustizia: l\u2019onorevole professore avvocato Grassi Giuseppe, deputato all\u2019Assemblea Costituente;<\/p><p>la difesa: l\u2019onorevole professore dottore Cingolani Mario, deputato all\u2019Assemblea Costituente;<\/p><p>la pubblica istruzione: l\u2019onorevole professore Gonella Guido, deputato all\u2019Assemblea Costituente;<\/p><p>i lavori pubblici: l\u2019onorevole avvocato Tupini Umberto, deputato all\u2019Assemblea Costituente;<\/p><p>l\u2019agricoltura e le foreste: l\u2019onorevole professore Segni Antonio, deputato all\u2019Assemblea Costituente;<\/p><p>i trasporti: il dottore ingegnere professore Corbellini Guido;<\/p><p>le poste e le telecomunicazioni: l\u2019onorevole avvocato Merlin Umberto, deputato all\u2019Assemblea Costituente;<\/p><p>l\u2019industria ed il commercio: l\u2019onorevole professore Togni Giuseppe, deputato all\u2019Assemblea Costituente;<\/p><p>il lavoro e la previdenza sociale: l\u2019onorevole professore Fanfani Amintore, deputato all\u2019Assemblea Costituente;<\/p><p>il commercio con l\u2019estero: il dottore Merzagora Cesare;<\/p><p>la marina mercantile: l\u2019onorevole avvocato Cappa Paolo, deputato all\u2019Assemblea Costituente.<\/p><p>Con altro decreto in data 31 maggio 1947, il Capo provvisorio dello Stato ha incaricato di reggere per <em>interim<\/em> il Ministero del commercio con l\u2019estero l\u2019onorevole professore Togni Giuseppe, Ministro dell\u2019industria e del commercio, durante la temporanea assenza del dottor Merzagora Cesare.<\/p><p>Con decreto, poi, del Capo provvisorio dello Stato, in data 4 giugno 1947, sono stati ricostituiti il Ministero delle finanze ed il Ministero del tesoro, e con decreto legislativo in data 4 giugno 1947 si \u00e8 provveduto alla istituzione del Ministero del bilancio e ne sono state determinate le attribuzioni.<\/p><p>Conseguentemente il Capo provvisorio dello Stato, con decreto 6 giugno 1947 ha, su proposta del Presidente del Consiglio dei Ministri, nominato il Vicepresidente del Consiglio dei Ministri, onorevole professore Einaudi Luigi, Ministro Segretario di Stato per il bilancio; l\u2019onorevole professore dottore Pella Giuseppe Ministro Segretario di Stato per le finanze ed il professore Del Vecchio Gustavo Ministro Segretario di Stato per il tesoro.<\/p><p>Con decreti in data 4 giugno 1947, sentito il Consiglio dei Ministri, sono stati nominati Sottosegretari di Stato per:<\/p><p>la Presidenza del Consiglio dei Ministri, con le funzioni di Segretario del Consiglio stesso: l\u2019onorevole dottore: Andreotti Giulio, deputato all\u2019Assemblea Costituente;<\/p><p>la Presidenza del Consiglio dei Ministri (assistenza ai reduci e partigiani): il professore Martino Edoardo Angelo;<\/p><p>gli affari esteri: l\u2019onorevole avvocato Brusasca Giuseppe, deputato all\u2019Assemblea Costituente;<\/p><p>l\u2019interno: l\u2019onorevole avvocato Marazza Achille, deputato all\u2019Assemblea Costituente;<\/p><p>il tesoro: l\u2019onorevole avvocato Petrilli Raffaele Pio, deputato all\u2019Assemblea Costituente;<\/p><p>i trasporti: l\u2019onorevole professore avvocato Jervolino Angelo Raffaele, deputato all\u2019Assemblea Costituente;<\/p><p>la difesa: l\u2019onorevole generale dottor Chatrian Luigi.<\/p><p>Infine, con decreto del Capo provvisorio dello Stato, in data 4 giugno 1947, su proposta del Presidente del Consiglio dei Ministri, il dottor professore Ronchi Vittorio \u00e8 stato nominato Alto Commissario per l\u2019alimentazione, in sostituzione dell\u2019onorevole Cerreti Giulio.<\/p><p>Commemorazione dei fratelli Carlo e Nello Rosselli.<\/p><p>CALAMANDREI. Chiedo di parlare.<\/p><p>PRESIDENTE. Ne ha facolt\u00e0.<\/p><p>CALAMANDREI. Signor Presidente, onorevoli colleghi, all\u2019inizio d\u2019una seduta piena di attesa e di tensione pu\u00f2 sembrare inopportuno e indiscreto che io vi chieda cinque minuti per ricordare un argomento che non ha immediata attinenza con l\u2019evento parlamentare che qui ci aduna. Ma forse il tema \u00e8 meno lontano di quel che sembri dalle ragioni profonde del nostro lavoro. Ed io penso che mancherei ad un dovere, non solo di amicizia e di fedelt\u00e0 personale, ma anche di coscienza e di riconoscenza nazionale, se oggi, 9 giugno 1947, non ricordassi a questa Camera che 10 anni fa, il 9 giugno 1937, forse in questa stessa ora in cui io vi parlo, furono assassinati in Francia, a Bagnoles-de-l\u2019Orne, due italiani: Carlo e Nello Rosselli.<\/p><p>Noi li ricordiamo in questo primo decennale, non per imprecare contro i loro assassini. Non vogliamo pensare deturpati dalle ferite e dalla morte i loro volti. Vogliamo ricordarli sereni e sorridenti, pieni di fierezza ma incapaci di odio, quali furono sempre in vita. E le ombre dei sicari e dei loro sinistri mandanti le disperda il vento!<\/p><p>E neanche li ricordiamo per fare di loro una celebrazione occasionale, come si fa con le grandi figure del passato ormai rimaste dietro di noi nella storia.<\/p><p>I Rosselli non sono ancora passati alla storia, il loro lavoro non \u00e8 concluso, la loro giornata non \u00e8 finita. Non sono ancora rimasti alle nostre spalle in modo che per vederli ci si debba volgere indietro; ma sono ancora pi\u00f9 avanti di noi e ci indicano con gesto fraterno la via del lavoro di domani.<\/p><p>No, noi li ricordiamo unicamente per trarre da essi ispirazione e conforto, per avere da loro la conferma che non s\u2019\u00e8 spenta mai, neanche nel funesto ventennio, questa vocazione italiana di valore universale, per la quale in ogni tempo sono partite dai nostri pensatori e dai nostri uomini d\u2019azione quelle grandi idee, quelle grandi correnti di giustizia e di redenzione umana che poi hanno viaggiato nel mondo e segnato il cammino della civilt\u00e0 per tutti i popoli.<\/p><p>Questi due fratelli, che fin da giovanetti rinunciarono consapevolmente alla ricchezza e alla comodit\u00e0 degli studi per dedicare tutte le loro forze e il patrimonio e la vita a combattere per la giustizia e per la libert\u00e0, furono per diverse vie, che alla fine si ricongiunsero nel sacrificio, i due rappresentanti tipici di due aspetti dell\u2019Italia antifascista: Carlo del fuoruscitismo che combatt\u00e9 a viso aperto dal di fuori, Nello dell\u2019antifascismo clandestino che rimase in Italia a preparare la riscossa dal di dentro. Ed il loro programma comune fu tutto in quel motto che fu trovato da Carlo nel \u201925 in una casa di Via Giusti in Firenze ove ieri fu posto un ricordo marmoreo: \u00abNon mollare!\u00bb Non mollare; non transigere, non indulgere, non scoraggiarsi, non rassegnarsi. Da allora questa intransigenza morale, prima verso s\u00e9 stessi che verso gli altri, questa coerenza serena del pensiero con l\u2019azione fu per tutti e due, come per Mazzini, regola mai tradita di vita. Quella spietata critica fatta da Carlo al vecchio liberalismo di maniera e insieme al vecchio marxismo di scuola, quello sforzo di capire il fascismo non come episodica e transitoria degenerazione di un regime sano, ma come sintomo rivelatore del disfacimento di tutta una societ\u00e0 minata irrimediabilmente nelle basi economiche, quella sua intuizione del fermento di libert\u00e0 che \u00e8 nel socialismo, quel generoso proposito di vivificarlo e rinnovarlo con spirito di idealismo e di volontarismo, tutto questo sarebbe rimasto nel campo delle inutili teorie, se le teorie non fossero state testimoniate giorno per giorno dall\u2019azione, dal sacrificio, dalla morte. \u00abNon mollare!\u00bb. Confino, prigionia, esilii per tutti e due; il romanzesco espatrio di Turati, la prodigiosa fuga da Lipari, il processo di Savona, il processo di Bellinzona; il movimento di Giustizia e Libert\u00e0; la guerra di Spagna; e poi l\u2019imboscata e l\u2019assassinio. In questa Camera, in diversi settori, seggono i compagni ed i testimoni (e il Presidente di questa Assemblea \u00e8 uno di essi) di quelle prigionie, di quegli esilii, di quelle imprese che sembrano gi\u00e0 oggi leggendarie; essi sanno che i motti di \u00absocialismo liberale\u00bb e di \u00abGiustizia e libert\u00e0\u00bb che oggi sembrano luoghi comuni a disposizione di tutti i comizianti, costarono allora, quando furono da loro indelebilmente impressi nella storia della nostra redenzione, persecuzioni, agguati, torture, galere e sangue.<\/p><p>Da Carlo Rosselli esule vennero in quegli anni, attraverso la stampa clandestina e la radio, quelle parole presaghe, che a rileggerle oggi hanno il misterioso fascino delle previsioni. Ricordate: nel 1933, appena Hitler si fu impadronito del potere, il monito, che le democrazie non seppero raccogliere: \u00abla guerra viene; la guerra verr\u00e0\u00bb&#8230; \u00c8 poi nel \u201936, quella voce italiana che annunciava dalla radio di Barcellona: \u00abOggi in Spagna, domani in Italia\u00bb.<\/p><p>Prima che il vaticinio si compiesse, i Rosselli furono assassinati. Ma quando spunt\u00f2 l\u2019alba, si videro al loro posto, nei monti e nelle pianure d\u2019Italia, mille e mille giovinetti con il loro stesso volto: accanto alle brigate Garibaldi ed alle brigate Matteotti, le brigate che sulla fiamma portavano scritto: \u00abGiustizia e Libert\u00e0\u00bb, si chiamarono \u00abBrigate Rosselli\u00bb.<\/p><p>Rosselli, Gobetti, Gramsci, triade giovanile che ha salvato per venti anni la continuit\u00e0 del pensiero italiano nel mondo; diverse ideologie, ma una comune ispirazione morale; diverse soluzioni, ma lo stesso problema, lo stesso impegno, la stessa dedizione, la stessa religione.<\/p><p>Attraverso figure come queste l\u2019avvenire dell\u2019Europa e del mondo, che sar\u00e0 socialista e internazionale, si ricongiunge colle tradizioni pi\u00f9 alte e pi\u00f9 umane del nostro risorgimento, liberale e nazionale. I fratelli Bandiera, i fratelli Ruffini, i fratelli Cairoli; e poi, nell\u2019altra guerra, i fratelli Garroni, i fratelli Stuparich; e cos\u00ec continua nel sacrificio dei fratelli Rosselli questa tradizione luminosa di gentile eroismo fraterno, che segna e distingue la nostra storia.<\/p><p>Permettetemi, onorevoli colleghi, che io mandi da qui un pensiero di riverenza alla loro mamma, alla signora Amelia Rosselli.<\/p><p>Ella ebbe tre figli: il primo cadde nel 1916 sul Pal Piccolo, tenente degli alpini; gli altri due caddero dieci anni fa in Francia; ma tutti e tre per la stessa causa, per fare l\u2019Italia libera e giusta.<\/p><p>Nella nostra povert\u00e0 di popolo, non dimentichiamo che queste sono ricchezze, che nessuno pu\u00f2 toglierci; questo rinnovarsi di esempi, questa mai interrotta capacit\u00e0 di sacrificio per un\u2019idea generosa ed umana. Non rammarichiamoci della nostra povert\u00e0; mentre l\u2019oro tenta di ricattare la nostra libert\u00e0, ritroviamo in questi morti la ragione indistruttibile per difendere la nostra indipendenza e la nostra dignit\u00e0 di popolo libero e giusto. (<em>Vivissimi generali applausi<\/em>).<\/p><p>CEVOLOTTO. Chiedo di parlare.<\/p><p>PRESIDENTE. Ne ha facolt\u00e0.<\/p><p>CEVOLOTTO. A nome del mio gruppo, mi associo al commosso ricordo dei fratelli Carlo e Nello Rosselli, assassinati 10 anni fa in Francia per ordine del governo fascista.<\/p><p>Il sacrificio di questi giovani, che tutto diedero alla Patria, all\u2019idea, sacrificando una posizione economica favorevole, rinunziando alla cattedra, rinunziando agli agi ed all\u2019affetto delle loro famiglie, appena formate, dimostra come nella nostra giovent\u00f9 fosse anche allora fiero, forte il sentimento del dovere verso la Patria, per resistere, in nome della libert\u00e0, al governo che ci opprimeva.<\/p><p>Il ricordo di questo sacrificio \u00e8 in noi e ci animer\u00e0 anche in seguito, per resistere a qualunque tentativo, da qualunque parte venisse, per sacrificare questa nostra repubblica, che \u00e8 nata e che resta per la libert\u00e0 del popolo italiano (<em>Applausi<\/em>).<\/p><p>GIUA. Chiedo di parlare.<\/p><p>PRESIDENTE. Ne ha facolt\u00e0.<\/p><p>GIUA. Il gruppo parlamentare socialista si associa alla commemorazione di Carlo e di Nello Rosselli.<\/p><p>Il sacrificio di Carlo Rosselli \u00e8 la conseguenza diretta della vita spesa da questo giovane socialista nella lotta contro il fascismo.<\/p><p>Carlo Rosselli fu veramente un socialista. Io lo ricordo direttore di \u00abQuarto Stato\u00bb insieme al nostro compagno Nenni ed al compagno Basso. Ma io lo ricordo anche a Parigi, nel 1933, e alcuni amici si ricordano di quella riunione in casa di Carlo Rosselli e la discussione sulla possibilit\u00e0 di eliminare fisicamente il capo del fascismo. E ricordo anche il consiglio d\u2019un socialista, il quale disse che ormai il popolo italiano era stanco di tentativi, che non raggiungevano il risultato positivo.<\/p><p>E ricordo anche le osservazioni di Carlo Rosselli e degli altri; i quali dissero che l\u2019emigrazione italiana era povera e che non era possibile fare diversamente.<\/p><p>\u00c8 un problema questo impostato da Carlo Rosselli, che non \u00e8 il problema, onorevole De Gasperi, di ordinaria delinquenza; \u00e8 un problema politico mazziniano che io vorrei fosse ricordato da tutti coloro che da quei banchi avessero intenzione di attentare alla libert\u00e0 e alla democrazia del popolo italiano. (<em>Applausi a sinistra<\/em>).<\/p><p>Ma Carlo Rosselli rappresentava ancora qualche altra cosa: Carlo Rosselli rappresentava lo spirito socialista e lo spirito antifascista nello stesso tempo. Il fascismo ha stroncato fisicamente i fratelli Rosselli. Il socialismo ricorda Carlo Rosselli e mette questo nome accanto a quello del nostro grande martire, perch\u00e9 vede, dal sacrificio di Giacomo Matteotti a quello di Carlo Rosselli e di tanti e tanti altri socialisti, una continuit\u00e0 spirituale, che non \u00e8 sola emancipazione politica, ma che \u00e8 anche emancipazione economica e sociale del popolo italiano. (<em>Applausi<\/em>).<\/p><p>MAFFI. Chiedo di parlare.<\/p><p>PRESIDENTE. Ne ha facolt\u00e0.<\/p><p>MAFFI. Il gruppo comunista si associa alla nobile commemorazione dei fratelli Rosselli. Essi sono vivi pi\u00f9 che mai oggi nel cuore di tutti coloro che hanno non solo una fede, ma una coscienza, una conoscenza di ci\u00f2 che \u00e8 il periodo storico che sta svolgendosi, periodo storico pieno di pericoli, di nostalgie delittuose. \u00c8 in noi vivo il ricordo di questi veri eroi, di questi veri martiri, ricordo che viene da tutti i luoghi di esilio, da tutte le isole di confino, da tutte le carceri, da tutti i luoghi di tortura, ricordo che viene come un monito, poich\u00e9 coloro che hanno creduto, sopprimendo i fratelli Rosselli di spegnere l\u2019idea della libert\u00e0 e di rivendicazione dei diritti dei lavoratori, hanno commesso il pi\u00f9 grande errore. I fratelli Rosselli sono vivi in noi in questo momento in cui si cerca di seminare discredito, diffidenza, disfattismo nel popolo italiano, che ha diritto a risorgere. (<em>Applausi<\/em>).<\/p><p>MACRELLI. Chiedo di parlare.<\/p><p>PRESIDENTE. Ne ha facolt\u00e0.<\/p><p>MACRELLI. Onorevoli colleghi, la commemorazione di Nello e Carlo Rosselli assume oggi un significato speciale, perch\u00e9 coincide quasi col primo anniversario della proclamazione di quella Repubblica italiana per la quale essi lottarono affrontando anche il supremo sacrificio.<\/p><p>La loro vita, soprattutto nelle ore buie e dure della storia d\u2019Italia, fu una continua battaglia per quegli ideali di libert\u00e0 politica, di libert\u00e0 umana, di giustizia sociale, che noi, rappresentanti del popolo, abbiamo consacrato ormai nella Carta costituzionale della Repubblica.<\/p><p>Il gruppo repubblicano ed il mio partito si associano all\u2019alta ideale rievocazione che in questa ora solenne di raccoglimento accomuna tutti quanti i caduti per la nuova Italia, noti ed ignoti, e per ciascuno dei quali oggi possiamo ripetere la strofa dettata dal grande poeta di nostra gente:<\/p><p>\u00c8 della storia&#8230;<\/p><p>Della civile storia d\u2019Italia<\/p><p>\u00e8 quest\u2019audacia tenace&#8230;<\/p><p>che posa nel giusto ed a l\u2019alto<\/p><p>mira e s\u2019irradia nell\u2019ideale.<\/p><p>(<em>Applausi<\/em>).<\/p><p>TUMMINELLI. Chiedo di parlare.<\/p><p>PRESIDENTE. Ne ha facolt\u00e0.<\/p><p>TUMMINELLI. A nome del gruppo qualunquista mi associo alle nobili parole dell\u2019onorevole Calamandrei per la commemorazione dei fratelli Rosselli. La violenza contro gli uomini che sono vessilliferi di una idea non pu\u00f2 far morire le idee e perci\u00f2 la nostra adesione trascende il fatto puramente formale per esaltare nei fratelli Rosselli l\u2019idea ed i cavalieri dell\u2019idea che essi rappresentano. (<em>Applausi<\/em>).<\/p><p>CORBINO. Chiedo di parlare.<\/p><p>PRESIDENTE. Ne ha facolt\u00e0.<\/p><p>CORBINO. A nome del gruppo parlamentare liberale mi associo a quanto \u00e8 stato test\u00e9 detto per Carlo e Nello Rosselli, coi quali ebbi la ventura di collaborare nella lotta contro il fascismo in quel periodo in cui una lotta aperta fu possibile ancora in Italia. I due giovani, animati dall\u2019ideale della libert\u00e0, dalla fiamma della libert\u00e0, sostenuti da quanti intorno a loro condividevano lo stesso ideale, ed erano arsi dalla stessa fiamma, hanno spinto la loro azione fino al sacrificio, dandoci cos\u00ec ancora un esempio delle rinunce massime a cui uomini e popoli che tengono alla libert\u00e0 devono essere pronti in qualsiasi momento. Carlo e Nello Rosselli, dunque, sono nostri nel senso che sono di tutti gli italiani che desiderano una Italia libera, con cittadini liberi. (<em>Applausi<\/em>).<\/p><p>GRONCHI. Chiedo di parlare.<\/p><p>PRESIDENTE. Ne ha facolt\u00e0.<\/p><p>GRONCHI. Non pu\u00f2 mancare la nostra piena, sincera adesione di omaggio alla memoria dei fratelli Rosselli. Chi vi parla, non essendo pi\u00f9 fra i giovani di questa Assemblea, ricorda direttamente quanto nobile, coraggioso, alto fu l\u2019apostolato di questi uomini che credettero nella libert\u00e0, quando il credervi rappresentava anche il rischio supremo della vita. Ed i giovani succeduti a noi forse difficilmente comprendono che cosa fosse questo apostolato, perch\u00e9 assai difficilmente valutano come tremenda fosse la difficolt\u00e0 di difendere la libert\u00e0 quando lo spirito della libert\u00e0 era spento non solo nelle classi dirigenti del nostro Paese, ma era anche ottuso ed offuscato negli strati pi\u00f9 umili. Essi credettero nella libert\u00e0, e per la libert\u00e0 testimoniarono col sacrificio supremo. E questo gruppo, e questo movimento, che rimane assertore e custode di libert\u00e0, si inchina a questi esempi di devozione ad una idea di una pi\u00f9 alta umanit\u00e0. (<em>Applausi<\/em>).<\/p><p>FIETTA. Chiedo di parlare.<\/p><p>PRESIDENTE. Ne ha facolt\u00e0.<\/p><p>FIETTA. Onorevoli colleghi, non per aggiungere parole alla nobile ed elevata eloquenza dell\u2019onorevole Calamandrei ed a quanto dissero gli altri colleghi che si sono uniti nella commemorazione, ma per associarmi a nome del mio gruppo, dico una parola in memoria dei fratelli Rosselli. Vorrei rievocare un episodio a cui ho personalmente partecipato nei momenti pi\u00f9 difficili della oppressione. Nella casa ospitale di via Borghetto in Milano si poterono radunare nel lontano 1926 oltre 150 uomini, tutti decisi alla grande lotta; nella casa di quei due giovani, che erano gli antesignani e che avevano posto a disposizione della lotta per la resistenza e per la libert\u00e0 tutto ci\u00f2 che essi possedevano oltre il coraggio, lo spirito di intraprendenza e l\u2019ingegno. Ed anche consentitemi di dirvi come, qualche anno dopo, quando mi fu possibile andare in terra di Francia, il mio primo omaggio sia stato quello di portare un fiore sulle ceneri vigilato dei Rosselli.<\/p><p>Oggi \u00e8 per me grande ventura, onorevoli colleghi, rendere in quest\u2019Aula omaggio alla loro memoria; omaggio in nome del popolo italiano che anche dal sacrificio dei Rosselli ebbe la sua libert\u00e0, la quale mi auguro gli sia sempre conservata. (<em>Applausi<\/em>).<\/p><p>EINAUDI. Chiedo di parlare.<\/p><p>PRESIDENTE. Ne ha facolt\u00e0.<\/p><p>EINAUDI. Consentite, onorevoli colleghi, che io mandi alla memoria di Carlo Rosselli il saluto di chi ha avuto con lui lunga consuetudine di studio e di discussione, io insegnante, lui mio assistente nell\u2019Istituto di economia dell\u2019Universit\u00e0 Bocconi di Milano. In quell\u2019epoca, come ancora dopo, il tormento ideale della sua vita, era di cercare la conciliazione e la sintesi tra il socialismo e la libert\u00e0.<\/p><p>Quelle erano discussioni feconde in cui noi convenivamo i nostri giovani allievi dell\u2019Universit\u00e0 di Milano. Ed il ricordo di quei giorni che mi torna dinanzi alla mente mi fa augurare che quei problemi che ci assillavano allora ed ancora ci assillano tuttavia siano, grazie alla sua memoria, fecondi di nobili risultati e di una sintesi necessaria ed utile per l\u2019avvenire del nostro Paese. (<em>Applausi<\/em>).<\/p><p>BERGAMINI. Chiedo di parlare.<\/p><p>PRESIDENTE. Ne ha facolt\u00e0.<\/p><p>BERGAMINI. Anche da questi banchi, anzi da questo banco, si leva una parola reverente e affettuosa per la memoria dei fratelli Rosselli, giacch\u00e9, dinanzi al loro fulgido sacrificio, non vi sono divisioni di partito e contrasti di opinioni, ma siamo tutti uniti in un sincero sentimento di ammirazione e di piet\u00e0. E siamo concordi nel trarre dallo olocausto dei fratelli Rosselli forza e fede per un\u2019Italia migliore di quella oppressa, mortificata, dolorante dei venti anni, un\u2019Italia dove le forme selvagge e sanguinose delle competizioni politiche siano ripudiate perch\u00e9 disonorano un Paese, perch\u00e9 offendono la civilt\u00e0 e l\u2019umanit\u00e0. (<em>Applausi<\/em>).<\/p><p>DE GASPERI, <em>Presidente del Consiglio dei Ministri<\/em>. Chiedo di parlare.<\/p><p>PRESIDENTE. Ne ha facolt\u00e0.<\/p><p>DE GASPERI, <em>Presidente del Consiglio dei Ministri<\/em>. Il Governo, che ha pregato l\u2019onorevole Cianca di rappresentarlo alla solenne commemorazione dei due fratelli Rosselli a Parigi, si unisce anche alle parole celebrative pronunciate qui per le due vittime della libert\u00e0 politica, e aderisce all\u2019auspicio che tutti ci uniamo nel culto e nella difesa della libert\u00e0 politica e della giustizia sociale. (<em>Vivi applausi<\/em>).<\/p><p>PRESIDENTE. (<em>Si leva in piedi e con lui si levano in piedi tutti i componenti del Governo, i deputati e il pubblico delle tribune<\/em>). Questa Assemblea Costituente, che per prima ha dato voce al pensiero ed ai sentimenti popolari sciolti dai ceppi della dittatura, ha gi\u00e0 solennemente celebrato nell\u2019Aula la memoria di molti che furono membri del Parlamento italiano e che, avendolo con l\u2019opera loro onorato, caddero nella lotta contro il fascismo e contro il tedesco.<\/p><p>L\u2019et\u00e0 giovanile ed il rapido declino delle nostre libere istituzioni tolsero ai fratelli Rosselli di poter assurgere alla dignit\u00e0 di legislatori. Ma di altra dignit\u00e0, luminosa ed imperitura, essi hanno circonfuso il loro nome, fattisi ambasciatori all\u2019estero della nostra certezza di resurrezione politica e di liberazione sociale per propria elezione e con tacita delega di quanti, in Italia, ancora conservavano altezza e nobilt\u00e0 di spiriti.<\/p><p>Dignit\u00e0 per dignit\u00e0, il fascismo non perdonava per\u00f2 a nessuno che una ne rivestisse, per servire la causa del bene popolare. E non perdon\u00f2 ai fratelli Rosselli, contro i quali giunse ad armare in terra straniera mani omicide. Ma il sangue dei fratelli Rosselli, se anche versato lontano dall\u2019Italia, fecond\u00f2 potentemente le virt\u00f9 italiane; e tutti, da subito, avvertirono che il loro sacrificio era incitamento a perseverare nell\u2019impresa cui essi avevano dato sin dall\u2019inizio adesione contro la dittatura.<\/p><p>Cos\u00ec i fratelli Rosselli si sono acquistati titolo a riconoscenza riverente non solo di fronte al nostro popolo, ma anche di fronte all\u2019Assemblea Costituente la quale, gettando i primi fondamenti dello Stato repubblicano, sa di placare un\u2019attesa fervida che fu anche la loro. E pertanto, dopo le parole pronunciate da ogni parte dell\u2019Assemblea, posso ben dichiarare che nel ricordo della loro morte eroica e pietosa si raccoglie la riverenza di tutti i rappresentanti del popolo italiano, che sapr\u00e0 custodirne gelosamente il lascito prezioso di civili e umane virt\u00f9. (<em>Vivissimi generali applausi<\/em>).<\/p><p>Dichiarazioni del Governo.<\/p><p>PRESIDENTE. Ha chiesto di parlare l\u2019onorevole Presidente del Consiglio dei Ministri. Ne ha facolt\u00e0.<\/p><p>DE GASPERI, <em>Presidente del Consiglio dei Ministri<\/em>. (<em>Segni di viva attenzione<\/em>). Onorevoli colleghi, presentandomi dinanzi all\u2019Assemblea con un nuovo Governo e dopo tante accese polemiche che hanno investito anche me personalmente (<em>Commenti a sinistra<\/em>), non pretendo da voi nessun pregiudizio favorevole alla mia persona che si riferisca al passato, n\u00e9 in nome delle battaglie in questa stessa sede del Parlamento combattute per la libert\u00e0 politica e per la dignit\u00e0 e sovranit\u00e0 della Rappresentanza popolare, n\u00e9 per la lunga resistenza alla dittatura, n\u00e9 per la cordiale collaborazione fra i partiti antifascisti nel periodo cospirativo, e nemmeno per l\u2019opera triennale che da Salerno a Roma abbiamo svolto assieme a tanti uomini e partiti della democrazia rappresentati nei Comitati di liberazione, nell\u2019Assemblea consultiva e poi in questa Costituente, uscita dal suffragio popolare del 2 giugno. Questi riferimenti appartengono alla storia e non all\u2019apologetica odierna, e voi avete diritto di giudicare sui propositi e sugli uomini come si presentano oggi. Tuttavia forse tali riferimenti, se non in mio favore personale, possono essere invocati innanzi al Paese, in favore della democrazia e in favore di questa Repubblica (<em>Applausi al centro<\/em>) che, dopo un anno di consolidamento, abbiamo test\u00e9 celebrata riuniti attorno al suo illustre e benemerito Capo (<em>Vivissimi applausi<\/em>), come il regime permanente e definitivo della nuova democrazia italiana, che non pu\u00f2 e non deve essere messo in discussione per mutamenti di Governi e di maggioranze.<\/p><p>Colleghi, al di sopra delle nostre differenze momentanee, constatiamo innanzi al mondo che l\u2019unit\u00e0 nazionale va rifacendosi sotto la bandiera repubblicana, che le forze pi\u00f9 solide del Paese, le tradizioni pi\u00f9 nobili, militari e civili, confluiscono e concorrono lealmente al servizio della Repubblica italiana; noi rientriamo nella vita internazionale con un\u2019Italia unita; il nostro stesso spasimo della rinascita e della ricostruzione, pur negli accesi dibattiti, e ci avvicina e ci riunisce, e ne \u00e8 esempio il Congresso sindacale di Firenze, chiusosi dopo immenso travaglio con un\u2019affermazione unitaria.<\/p><p>Giudicate, come volete, la crisi che abbiamo attraversata, ma essa \u00e8 venuta, per quanto mi riguarda personalmente, da questo sforzo, da questa passione unitaria che anima tutto il Paese, alla quale unit\u00e0 (<em>Commenti <\/em>\u2013<em> Vivi applausi al centro <\/em>\u2013<em> Interruzioni all\u2019estrema sinistra<\/em>) e concordia esso chiede la salvezza e attinge la fede nel suo avvenire.<\/p><p>Ho collaborato con lealt\u00e0 con i miei colleghi dei passati Ministeri, ed essi allo sforzo comune dedicarono ingegno e fatica in modo degno di riconoscimento e un accordo era stato possibile su linee programmatiche e d\u2019azione immediata; e purtuttavia ho avuto la sensazione che esigenze psicologiche e politiche richiedessero una collaborazione pi\u00f9 ampia (<em>Commenti<\/em>), che fosse di tregua generale e di raccolta di tutte le forze su di un programma di salvezza. (<em>Interruzioni <\/em>\u2013<em> Commenti all\u2019estrema sinistra<\/em>). Un giorno, in seguito ad accurato esame della situazione economico-finanziaria e a segni concreti di sfiducia, ho creduto di vedere il fondo dell\u2019abisso dell\u2019inflazione, abisso che hanno gi\u00e0 toccato Nazioni a noi non lontane. Come riacquistare la fiducia all\u2019interno e all\u2019estero? Da questa domanda \u00e8 nata la crisi, ma non da questa sola; altre cause e occasioni ne hanno determinato lo scoppio ed il corso. Personalmente non ho cercato questa quarta responsabilit\u00e0, speravo che la concordia venisse raggiunta sotto direzione diversa. Non entriamo per ora in particolari.<\/p><p>Affermo solo che questo Ministero serve la stessa causa della solidariet\u00e0 nazionale, e anche se non pu\u00f2 rappresentare visibilmente l\u2019unit\u00e0 ricercata, la vuole rappresentare nella risultante dei suoi sforzi lungo una linea mediana fra le ali opposte.<\/p><p>Il Ministero \u00e8 un atto di fiducia verso l\u2019Assemblea, perch\u00e9 non solo esso si sottopone al suo giudizio (<em>Commenti all\u2019estrema sinistra<\/em>), ma \u00e8 disposto, in quanto l\u2019Assemblea lo consenta, a facilitare in tutti i modi il compimento dell\u2019alto dovere, comune a tutti noi, di assicurare rapidamente alla Repubblica le sue permanenti istituzioni rappresentative. A tal uopo il Governo, sempre interpretando i propositi della Assemblea, presenter\u00e0 un disegno di legge in base alla richiesta e alle indicazioni della vostra Presidenza, e concorrer\u00e0, in quella forma e misura che sar\u00e0 desiderata, a facilitare la sollecita deliberazione della legge elettorale per le due Camere.<\/p><p>A proposito del tenore del progetto elettorale, ora innanzi alla Commissione, va osservato che esso non si pu\u00f2 considerare come un progetto impegnativo per il Governo in tutti i suoi elementi.<\/p><p>La questione, ad esempio, dell\u2019utilizzazione dei resti o di altri particolari di struttura, non vincola il Governo e i partiti che intendono sostenerlo. Tutto quello che accelera le elezioni e le rende possibili e attuabili in autunno, rientra nelle intenzioni del Governo, il quale far\u00e0 tutto il possibile perch\u00e9 si affretti la consultazione popolare.<\/p><p>Il Governo intende con ci\u00f2 rimettere al verdetto del popolo tutto quello che ci divide come ideologia e come partito, tutto ci\u00f2 che appartiene ad un programma d\u2019azione non urgente, ma di lunga lena e che ha bisogno per riuscire a compimento del voto e della collaborazione delle Camere.<\/p><p>Il Governo d\u2019oggi rappresenta uno sforzo di collaborazione per i problemi d\u2019urgente soluzione e per la preparazione tecnica necessaria alla soluzione dei problemi di domani.<\/p><p>Se economisti come Einaudi e Del Vecchio hanno dato il loro consenso a collaborare in questo Ministero, vuol dire che, da uomini di coscienza e di merito, hanno sentito che li invitavo a servire non un partito, ma il Paese. (<em>Vivi applausi al centro e a destra<\/em>).<\/p><p>Ed ecco a spiegarvi il nostro impegno di Governo che mal si giudicherebbe dal punto di vista della topografia parlamentare o delle ideologie di scuola o di partito.<\/p><p>Ho sostenuto anche nei colloqui durante la crisi che in questo momento esiste un programma comune, un binario obbligato, una procedura di emergenza, che s\u2019impone a chiunque voglia salvarci. (<em>Interruzioni all\u2019estrema sinistra<\/em>).<\/p><p>Ve ne do la prova dichiarando che il nuovo Ministero assume senz\u2019altro la responsabilit\u00e0 dei provvedimenti finanziari a voi sottoposti dal cessato Governo o da esso direttamente promulgati (comprese le imposte sugli utili di congiuntura, sui consumi voluttuari e sui titoli azionari) e in modo particolare fa suo il progetto dell\u2019imposta straordinaria patrimoniale, sulla quale \u00e8 pronto ad accettare le deliberazioni o i suggerimenti della Commissione di finanza e di codesta Assemblea.<\/p><p>La patrimoniale costituisce un contributo necessario delle classi abbienti alle spese di guerra.<\/p><p>Queste imposte e tasse rappresentano complessivamente per l\u2019anno finanziario un peso ulteriore sui contribuenti di 200 miliardi.<\/p><p>Come \u00e8 noto, il Ministero precedente nella seduta conclusiva di una lunga tornata del 4 aprile accoglieva un programma economico di 14 punti, elaborato in parte sulla base di proposte presentate dall\u2019onorevole Morandi. Alcuni di questi punti sono gi\u00e0 trasfusi in decreti o disegni di legge presentati all\u2019Assemblea. Il Governo attuale accetta questi punti gi\u00e0 codificati e si propone di attuare gli altri sulla base della stessa direttiva che il Consiglio dei Ministri antecedente del 4 aprile cos\u00ec formulava. (<em>Commenti all\u2019estrema sinistra<\/em>).<\/p><p>Il Governo svolger\u00e0 l\u2019azione pi\u00f9 strenua per la difesa della lira secondo queste fondamentali direttive:<\/p><p>risanamento progressivo del bilancio;<\/p><p>contenimento massimo degli aumenti che pi\u00f9 direttamente incidono sul costo della vita;<\/p><p>compressione dei consumi non essenziali e stroncamento della speculazione;<\/p><p>disciplina razionale degli scambi, degli investimenti e del credito;<\/p><p>potenziamento della produzione mediante un maggiore rifornimento delle materie prime essenziali ed una rigorosa graduazione delle spese pubbliche, secondo il criterio della massima produttivit\u00e0 economica.<\/p><p>Non vi \u00e8 dunque, per quanto riguarda l\u2019azione immediata e di emergenza, n\u00e9 per la direttiva di marcia, una soluzione di continuit\u00e0; vi \u00e8 invece una concentrazione degli sforzi su precisi punti d\u2019attacco.<\/p><p>Tutto si tiene nel meccanismo economico e non \u00e8 possibile agire su un punto senza determinare mutamenti vasti e talora profondi in tutti gli altri punti della struttura economica del Paese. Ora, \u00e8 possibile che un Governo nelle condizioni di incipiente riorganizzazione in cui si trova il Paese tenti di operare contemporaneamente su tutti i punti, in modo che la manovra agisca, con effetti concentrici?<\/p><p>Bisognerebbe possedere, sin d\u2019ora, organi perfetti di rilevazione statistica; organi di deliberazione di enti competenti affiatati fra loro ed organi di attuazione immediata ed elastica che noi non abbiamo mai posseduto e che tanto meno possediamo ora, usciti appena dallo sconquasso della guerra, organi che ora appena si stanno faticosamente, e non sempre con successo, assicurando in Paesi meglio organizzati e disciplinabili del nostro. Bisogna prepararli ed organizzarli questi organi che servono ad un\u2019azione coordinata e programmata. Perci\u00f2 accanto al Comitato interministeriale per la ricostruzione ci proponiamo di attuare il Consiglio economico consultivo, gi\u00e0 proposto nelle ultime sedute del cessato Governo, la cui direzione effettiva sar\u00e0 affidata ad un uomo esperto non assorbito da cure ministeriali; perci\u00f2 tutto quello che riguarda prestiti esteri verr\u00e0 preparato e coordinato sotto la cura dell\u2019ex Ministro del tesoro e infine, al medesimo scopo, il Comitato dei prezzi verr\u00e0 riorganizzato nel suo organo centrale e nei suoi strumenti periferici. Il Consiglio consultivo economico abbraccer\u00e0 tutte le organizzazioni dell\u2019economia e del lavoro allo scopo di farne un organo di solidariet\u00e0 nazionale. Cos\u00ec ci prepareremo per il momento in cui potremo affrontare i problemi con una visione ed un\u2019azione integrale.<\/p><p>Ma intanto bisogna agire subito, scegliendo immediatamente i punti d\u2019attacco. Il nemico pi\u00f9 pericoloso \u00e8 l\u2019inflazione ed il punto pi\u00f9 dolente quello monetario.<\/p><p>Il Governo non vuol dire con ci\u00f2 che la lira sia alla radice di tutto, e che esistano rimedi taumaturgici atti a sanare sicuramente e rapidamente i mali infiniti i quali derivano dalla svalutazione della lira. Si dice solo che, \u00abpuntando sulla lira, la soluzione degli altri problemi sar\u00e0 meno ardua\u00bb.<\/p><p>Se si riuscisse, anche solo nei pochi mesi che ci separano dalle elezioni generali, a raggiungere lo scopo di rendere meno ardua al Governo, il quale sar\u00e0 designato dalla volont\u00e0 popolare, la soluzione di tanti problemi i quali angustiano ed angustieranno per lungo tempo ancora il nostro Paese, noi riterremmo di non essere venuti meno in tutto all\u2019adempimento del nostro dovere.<\/p><p>Sinora il fabbisogno della Tesoreria \u00e8 stato fronteggiato con la disponibilit\u00e0 di cassa, che dopo la emissione del Prestito di ricostruzione ammontava al 31 gennaio scorso a lire 31 miliardi, con i normali mezzi di Tesoreria e con una mobilitazione di vari crediti dello Stato, senza aumentare le anticipazioni straordinarie della Banca d\u2019Italia al Tesoro. Sulla via della mobilitazione dei crediti dello Stato si dovr\u00e0 proseguire alacremente, e giova sperare che per tal modo il conto corrente del Tesoro continui a chiudersi con un saldo attivo e non dia luogo, perci\u00f2, ad aumenti della circolazione.<\/p><p>Ma qui il nostro Vicepresidente, con la sua autorit\u00e0 indiscussa, ci ha fatto rilevare che quel che importa non \u00e8 di fermare la circolazione su una cifra precisa, quanto di ristabilire un equilibrio fra circolazione e prezzi, che non sia spinto all\u2019ins\u00f9 da forze estranee. Bisogna agire su tali cause fra le quali la prima si sostanzia nei continui bisogni della Cassa dello Stato.<\/p><p>Questo \u00e8 il fatto essenziale il quale ci ha persuasi della necessit\u00e0 propostaci dall\u2019onorevole Einaudi di ricorrere all\u2019espediente tutto affatto temporaneo della creazione del nuovo Ministero del bilancio. Rimanendo invariata l\u2019attribuzione dei due Ministeri delle finanze e del tesoro, riconosciuta la necessit\u00e0 assoluta di non perdere un tempo prezioso col modificare con attriti imprevedibili l\u2019organizzazione ed il funzionamento degli organi ministeriali e l\u2019applicazione delle leggi relative all\u2019amministrazione del patrimonio ed alla contabilit\u00e0 generale dello Stato, il Ministro del bilancio, aiutato da pochi uomini tratti dalle altre amministrazioni statali, eserciter\u00e0 un controllo generale sulla spesa e sull\u2019entrata pubblica. Senza il suo consenso preventivo non potranno essere presentati i disegni di legge di approvazione dei bilanci preventivi e dei rendiconti consuntivi. Le leggi le quali importino impegno di spese ordinarie di carattere generale a carico di bilanci di pi\u00f9 Ministeri dovranno essere proposte di concerto con lui, e cos\u00ec pure sar\u00e0 necessario concertarsi col Ministro del bilancio prima di assumere impegni di spese straordinarie, quando l\u2019importo da autorizzare sia superiore ad un miliardo di lire. Il Ministro del bilancio potr\u00e0, inoltre, prendere ogni altra iniziativa diretta a promuovere dai Ministri competenti i provvedimenti intesi a controllare e a incrementare, anche mediante l\u2019istituzione di nuove fonti, il gettito delle entrate, nonch\u00e9 a regolare e a contenere gli impegni e le erogazioni delle spese.<\/p><p>Naturalmente, con la nuova istituzione non ci si propone di conseguire il risultato che da un lato sarebbe assurdo e dall\u2019altro sarebbe contrario al fine della ricostruzione di ricoprire colle imposte tutte indistintamente le spese, anche quelle in conto capitale, anche le spese, ad esempio, di ricostruzione delle ferrovie o di lavori pubblici necessari e produttivi, che sono destinate ad incremento del patrimonio dello Stato. Si dovr\u00e0 continuare a ricorrere al credito, purch\u00e9 si tratti di credito fornito da risparmio sia nazionale, sia estero.<\/p><p>Ma questa energica autodisciplina che ci imponiamo, noi, Amministrazione dello Stato, sar\u00e0 un esempio al Paese che ha tanto bisogno di disciplina, perch\u00e9 gli interessi particolari non soverchino quelli della comunit\u00e0 e tutti siano coordinati al bene comune.<\/p><p>Sar\u00e0 soprattutto per l\u2019istituzione stessa e per merito dell\u2019illustre uomo che la dirige, un elemento di fiducia.<\/p><p>In base alla relazione Campilli, alla fine di aprile, la situazione del bilancio con 920 miliardi di spese e 310 di entrate aveva un <em>deficit<\/em> di 610 miliardi. Il bilancio di previsione invece per il 1947-48, in seguito ai nuovi provvedimenti fiscali, alla abolizione dei prezzi politici e alla compressione delle spese in tutti i bilanci, si poteva calcolare in 832 miliardi di spese e 520 di entrate con un <em>deficit<\/em> di 312 miliardi. In questo preventivo le entrate ordinarie sono state valutate in 384 miliardi, ma se faremo una politica fiscale veramente severa che faccia pagare anzitutto i tributi ordinari a chi guadagna e pu\u00f2 pagare, le entrate fiscali ordinarie, che sono gi\u00e0 cresciute da 25,6 miliardi in gennaio a 32 miliardi e mezzo nello scorso aprile, speriamo possano toccare durante l\u2019anno prossimo la media di 40 miliardi.<\/p><p>In quanto ai tributi straordinari oltre alla patrimoniale, per la quale il termine inderogabile della denuncia scade il 13 luglio, termine che sar\u00e0 mantenuto fermo, il Governo si propone di condurre a fondo al pi\u00f9 presto e con criteri di severa giustizia l\u2019avocazione dei profitti di regime e degli utili di guerra, nonch\u00e9 l\u2019imposizione straordinaria dei profitti eccezionali di congiuntura.<\/p><p>In relazione al sodisfacente ritmo negli incassi dei tributi ordinari si potr\u00e0 esaminare anche la possibilit\u00e0 di accordare pi\u00f9 larghe e sostanziali esenzioni a favore dei redditi di lavoro.<\/p><p>Resta la questione altrettanto grave dell\u2019equilibrio della bilancia dei pagamenti con l\u2019estero.<\/p><p>Economisti e studiosi, fra cui qualche collega che siede sui banchi dell\u2019Assemblea, calcolano che nei tre o quattro anni prossimi avremo bisogno di un notevole apporto di dollari all\u2019anno per pareggiare la nostra bilancia di pagamento. \u00c8 ad ottenere un equivalente prestito che dobbiamo tendere, onde poter assicurare la nostra ricostruzione e dare lavoro e pane al nostro popolo. \u00c8 a tale meta che in tutti i contatti che prendiamo dobbiamo mirare facendo tutti i preparativi di rilevazione tecnica e di programmazione che sono necessari. Ho accennato che tali preparativi dovranno ora venire coordinati e condotti organicamente.<\/p><p>Ma intanto si impone d\u2019urgenza il problema del secondo semestre 1947.<\/p><p>Per arrivare alla fine del 1947, mantenendo l\u2019attuale andamento della produzione industriale, noi dobbiamo importare per 430 milioni di dollari, in materie prime industriali, ed al minimo per 240 milioni di dollari in generi alimentari, cifra che purtroppo non sembra sufficiente date le ultime notizie sull\u2019andamento del raccolto granario.<\/p><p>A fronte pertanto di un bisogno valutario per coprire le importazioni (compresi i rifornimenti per l\u2019agricoltura e la sanit\u00e0) di 685 milioni di dollari, potremo contare su esportazioni per circa 300 milioni di dollari, cui potranno aggiungersi 35 milioni di dollari per partite invisibili.<\/p><p>Resta quindi da fronteggiare lo scoperto nella bilancia commerciale di 350 milioni di dollari per il prossimo semestre.<\/p><p>Ora, anche ritenendo di poter attingere largamente al fondo post-U.N.R.R.A., test\u00e9 votato dal Congresso americano, calcolata una rimanenza attiva dei conti di occupazione e tenuti presenti gli importi risultanti dallo scongelamento dei beni italiani all\u2019estero e da altri contributi minori, possiamo ancora considerare incerta la copertura dei fabbisogni per una cifra approssimativa di 200 milioni di dollari.<\/p><p>\u00c8 qui che dobbiamo puntare con tutte le forze, perch\u00e9 all\u2019estero, e specie il popolo americano, al quale dobbiamo la maggior parte di aiuti, che ci hanno sostenuto dalla fine della ostilit\u00e0 in qua, non neghi al popolo italiano, sobrio e laborioso, amante della pace e della libert\u00e0 democratica, un contributo ricostruttivo che metta l\u2019Italia in condizione di ritornare ad essere una Nazione libera ed indipendente, e la sua economia trovi nel reddito del lavoro il modo di fare onore ai suoi impegni. Anche qui, dunque, questione di fiducia reciproca.<\/p><p>Se sapremo inspirare questa fiducia, i prestiti all\u2019estero gioveranno dal canto loro a raggiungere l\u2019equilibrio nel bilancio dello Stato. Prestito vuol dire acquisto di prodotti, di macchinari a pagamento differito; ma i prodotti acquistati e venduti sul mercato interno, contro lire esistenti, procacciano frattanto all\u2019Erario entrate atte ad integrare quelle da imposte senza premere sulla circolazione.<\/p><p>Ma accanto alla moneta cartacea, alle lire uscite dall\u2019Istituto di emissione, vi \u00e8 un\u2019altra specie di moneta, quella creditizia, che pu\u00f2 diventare fonte di inflazione e di svalutazione monetaria quanto e forse pi\u00f9 della moneta cartacea.<\/p><p>Nel mondo moderno, accanto ai depositi provenienti da risparmio propriamente detto, ci sono depositi i quali nascono dalle aperture di credito concesse dalle Banche. Operazione normale e feconda entro certi limiti; pericolosa ove quel limite sia oltrepassato. Vi sono indizi i quali fanno ritenere che in Italia, se non \u00e8 ancora raggiunto quel limite, ci si stia avvicinando. L\u2019incremento appare tuttavia ancora sano, ma potrebbe facilmente degenerare.<\/p><p>Sta dinanzi alla Commissione delle Finanze e del Tesoro dell\u2019Assemblea un disegno di legge sulla ricostruzione dell\u2019Ispettorato del credito, al quale non appena gli sia restituito, il Governo intende dare sollecita e rigorosa applicazione. Gli strumenti posti oggi a disposizione del Tesoro e della vigilanza sul credito sono divenuti antiquati e si sono perci\u00f2 arrugginiti.<\/p><p>Importa per far fronte alle imminenti esigenze che il Comitato dei Ministri abbia l\u2019autorit\u00e0 di adottare ed applichi con energia provvedimenti atti a frenare, finch\u00e9 sia in tempo, l\u2019inflazione creditizia e a vigilare perch\u00e9 i depositi delle banche non vengano utilizzati dalla speculazione. La difesa della moneta \u00e8 la premessa di ogni altra politica. Nulla pu\u00f2 essere costrutto, nessuna societ\u00e0 pu\u00f2 sussistere sulla sabbia mobile della moneta instabile. Il Governo che uscir\u00e0 fuori dalla consultazione popolare dovr\u00e0 accingersi all\u2019opera integrale della costruzione di una migliore Italia. Unica nostra ambizione \u00e8 quella di rendere ad esso meno aspro il cammino.<\/p><p>Rapidamente ancora alcuni accenni sulla particolare azione immediata e preparatoria di alcuni Dicasteri. Abbiamo affidato il Dicastero annonario al miglior tecnico dell\u2019alimentazione che possieda l\u2019Italia. (<em>Commenti<\/em>). Il Governo accetta il proposito espresso gi\u00e0 nel quarto dei quattordici punti \u00abdi estendere il sistema di tesseramento differenziato e preferenziale per il pane, la pasta, i grassi e altri generi alimentari allo scopo di garantire il fabbisogno necessario alla popolazione meno abbiente\u00bb. In quanto alle possibili immediate applicazioni e alla loro misura, il professore Ronchi si riserva di fare delle comunicazioni quando avr\u00e0 completa visione del materiale statistico raccolto dall\u2019inchiesta Cerreti. \u00c8 evidente che una applicazione integrale del sistema ci porter\u00e0 anche all\u2019ammasso contingentato, invece che all\u2019ammasso totalitario dei cereali. Per il raccolto di quest\u2019anno dato il termine stagionale si \u00e8 dovuto provvedere d\u2019urgenza all\u2019ammasso totale; ma \u00e8 certo che bisogna esaminare subito l\u2019eventualit\u00e0 di predisporre per l\u2019anno prossimo il sistema di contingentamento, mirando anche allo scopo di riprendere parte del terreno perduto.<\/p><p>Sono circa 800.000 ettari di minori coltivazioni a grano dal 1941 ad oggi che bisogna in parte riguadagnare se si vuole limitare le importazioni ad una media di 10 milioni di quintali annui. Ma \u00e8 chiaro che per il sistema contingentato converr\u00e0 predisporre una adatta organizzazione sia per il reperimento che per il controllo della distribuzione.<\/p><p>Qui l\u2019azione dei Dicasteri dell\u2019agricoltura, dell\u2019alimentazione e del commercio estero sono in stretta connessione per cui essi dovranno agire di conserva e secondo un piano organico.<\/p><p>Se si riuscisse, ad esempio, ad importare un quantitativo sufficiente di carne argentina buttandola massimamente sui principali centri di consumo, si avrebbero senza dubbio una flessione dei prezzi, ora altissimi e fuori di ogni proporzione, del bestiame, e un arresto dell\u2019estendersi dell\u2019erbaio e del prato a detrimento dei cereali.<\/p><p>L\u2019agricoltura \u00e8 affidata alle mani esperte del professore Segni: il quale insiste a ragione per l\u2019esecuzione del programma delle bonifiche, irrigazioni e miglioramenti, come preliminare indispensabile alla riforma agraria che dovr\u00e0 attuare il prossimo Parlamento.<\/p><p>Tra i problemi di particolare urgenza, che sono giunti a maturazione attraverso molte discussioni nel C.I.R. e che sarebbe dannoso rinviare, \u00e8 quello dei nuovi impianti per la energia elettrica: dovremo deliberare su un progetto gi\u00e0 concordato in seno al C.I.R., a scanso di compromettere tutto il nostro avvenire industriale nei prossimi anni. Dobbiamo fare dei passi avanti anche nell\u2019organizzazione del turismo e dell\u2019emigrazione, provvedendo al primo con un organismo snello e semplice che utilizzi parte del personale dell\u2019ex Ministero della cultura popolare, e risolvendo il problema della valuta; costituendo per l\u2019altro un Consiglio superiore, e assicurando il coordinamento dell\u2019opera dei due Ministeri che se ne occupano.<\/p><p>Il Ministro del lavoro trova tutta una serie di provvedimenti gi\u00e0 pronti o in corso di elaborazione riguardanti il collocamento, l\u2019istruzione professionale in rapporto alla disoccupazione e all\u2019emigrazione, la cooperazione, gli Istituti di assistenza ed altri.<\/p><p>Egli cercher\u00e0 di sodisfare questi ed altri postulati rapidamente in base allo spirito della Costituzione ed ai voti del Congresso sindacale.<\/p><p>Nella recente rinnovata tregua fra Confederazione del lavoro e Confindustria si \u00e8 raggiunto un accordo sulle funzioni delle commissioni interne; sar\u00e0 utile che, prima della regolamentazione per legge, si tenti un accordo interconfederale anche circa le funzioni dei \u00abconsigli di gestione\u00bb.<\/p><p>Alla marina mercantile si continuer\u00e0 lo sforzo per promuovere l\u2019aumento del tonnellaggio. Si sta trattando per nuovi acquisti; si mira a favorire l\u2019armamento privato e le cooperative dei marittimi.<\/p><p>La nomina di uno dei pi\u00f9 valorosi Comandanti partigiani della Guerra di liberazione al Sottosegretariato per reduci e partigiani (<em>Commenti<\/em>) significa che anche il presente Governo intende rivolgere tutte le cure possibili alle necessit\u00e0 dei reduci, dei partigiani, dei pensionati di guerra, dei mutilati e degli ex combattenti, verso i quali la Patria, pur nelle sue presenti strettezze, \u00e8 legata da obblighi consacrati nel sangue.<\/p><p>\u00c8 nostro dovere di non dimenticare i danneggiati di guerra. Le erogazioni finora effettuate a favore dei vari settori di attivit\u00e0 nazionale per riparare gli enormi danni prodotti dalla guerra e dalla cobelligeranza ammontano a circa 900 miliardi di cui circa 200 rappresentano la spesa per riparazione e ripristino di propriet\u00e0 private e costruzioni di case per gli sfollati e per i senza-tetto. Si \u00e8 elaborato un provvedimento legislativo organico che il Governo esaminer\u00e0 per poter accertare entro quali limiti di tempo e di misura \u00e8 possibile fare uno sforzo pi\u00f9 intenso e pi\u00f9 sistematico.<\/p><p>Onorevoli colleghi, il permanere dell\u2019onorevole Sforza (<em>Commenti a sinistra<\/em>) alla direzione della politica estera ha gi\u00e0 di per se stesso il significato che essa non muta n\u00e9 pu\u00f2 mutare. (<em>Applausi<\/em>).<\/p><p>I problemi di politica estera sono essenzialmente gli stessi che ebbi ad illustrare in quest\u2019Assemblea l\u20198 febbraio scorso. N\u00e9 sono in nulla mutate quelle direttive che voi stessi, onorevoli colleghi, avete mostrato di approvare nelle varie occasioni in cui esse sono state esposte sia in quest\u2019Aula sia alla Commissione dei Trattati.<\/p><p>Per quanto riguarda il Trattato di pace, il problema della firma \u00e8 diventato quello della ratifica, o meglio, secondo quanto \u00e8 previsto dalla nostra legge, dell\u2019approvazione. Le informazioni che ci giungono da Londra, Mosca, Parigi e Washington fanno ritenere come non lontano il momento in cui voi, onorevoli colleghi, sarete chiamati nella vostra libera e sovrana potest\u00e0 a deliberare su questa materia, di vitale importanza per l\u2019avvenire dell\u2019Italia, sul piano dei rapporti internazionali.<\/p><p>Altra questione di grande rilievo \u00e8 quella della nostra ammissione all\u2019O.N.U., ammissione che, come vi \u00e8 noto, il Ministro degli affari esteri ha chiesto con formale domanda il 19 maggio scorso. L\u2019accoglienza del Consiglio di Sicurezza alla nostra richiesta \u00e8 stata favorevole all\u2019unanimit\u00e0. Ora la domanda stessa \u00e8 all\u2019esame della competente Commissione.<\/p><p>Al problema principale della nostra ammissione si innesta quello della applicabilit\u00e0 ed interpretazione degli articoli 53 e 107 dello Statuto delle Nazioni Unite, articoli relativi agli Stati ex nemici. \u00c8 da tempo in corso un\u2019azione diplomatica di chiarificazione e piena assicurazione a questo proposito. E noi non nutriamo dubbi; l\u2019Italia vivr\u00e0 ed operer\u00e0 all\u2019O.N.U. pari tra pari.<\/p><p>In questi ultimi tempi sono stati raggiunti sodisfacenti accordi colla Gran Bretagna, l\u2019Uruguay, la Turchia, la Polonia, la Svezia, l\u2019Olanda, il Belgio, la Francia, la Danimarca e la Grecia. Sono prossimi a conclusione accordi con l\u2019Argentina e con la Cecoslovacchia, accordi condotti nello spirito della tradizionale amicizia che \u00e8 sempre esistita tra l\u2019Italia e quelle due Nazioni; anche con il Portogallo, la Jugoslavia, e le zone di occupazione in Germania sono state iniziate trattative che si spera di concludere quanto prima. Noi confermiamo la nostra speranza che si possano presto riprendere con la Russia quei traffici commerciali che si svolgevano nell\u2019anteguerra a vantaggio dei due Paesi.<\/p><p>Le trattative condotte a Washington dalla Missione diretta dal nostro collega Ivan Matteo Lombardo sembrano ormai giunte ad una fase molto avanzata.<\/p><p>Sempre pi\u00f9 vigile, sempre pi\u00f9 sollecita, esclusivamente ispirata ai desideri e agli interessi delle nostre masse lavoratrici, sar\u00e0 l\u2019azione del Governo ai fini di una soluzione sodisfacente del problema della nostra emigrazione.<\/p><p>A tale scopo perseguiamo la conclusione di appositi accordi con tutti gli Stati interessati ad accogliere i lavoratori italiani, accordi il cui spirito non potr\u00e0 essere che di rispetto e dignit\u00e0 per i nostri fratelli che emigrano.<\/p><p>Questi per sommi capi i principali problemi della nostra politica estera.<\/p><p>Il collega Sforza parler\u00e0 presto con pi\u00f9 ampi ragguagli circa le pi\u00f9 gravi questioni. Egli vi indicher\u00e0 le direttive che il Governo della Repubblica si propone di seguire per assicurare la dignit\u00e0 ed il benessere del nostro popolo, dignit\u00e0 e benessere che sono indissolubilmente legati al mantenimento ed allo sviluppo della pace tra le Nazioni.<\/p><p>Come vedete, in questa rassegna di Dicasteri, ho accennato quasi soltanto ai problemi economici pi\u00f9 urgenti perch\u00e9 tale \u00e8 la cura pi\u00f9 immediata e pi\u00f9 incalzante del nuovo Governo. Non intendiamo per\u00f2 venir meno agli impegni e alle direttive che abbiamo assunto per gli altri Dicasteri, sui quali i Ministri rispettivi potranno prendere la parola durante o alla fine del dibattito.<\/p><p>Onorevoli colleghi, in questa esposizione, forse arida, ma oggettiva, ho evitato di fare della polemica rilevando le accuse che mi sono state rivolte (<em>Interruzioni <\/em>\u2013<em> Commenti a sinistra<\/em>), questo non vuol dire che io mi senta in fallo o non abbia la tranquilla coscienza di poterle fronteggiare; ma mi \u00e8 parso doveroso nella gravit\u00e0 della situazione del Paese di non prendere per mio conto l\u2019iniziativa di una polemica parlamentare che si imperniasse sul corso della crisi. Mi tengo, tuttavia, a disposizione. (<em>Applausi al centro e a destra<\/em>).<\/p><p>Domani noi celebreremo la memoria di Matteotti. Ricordo di lui ch\u2019Egli, alla vigilia della minaccia fascista, dopo i lunghi dibattiti del suo Gruppo, venne ad annunziarmi che almeno parte dei suoi colleghi, una settantina circa, aveva deciso di rompere la tradizionale consegna negativa e di partecipare ad un Governo coi popolari e con altri Gruppi. Accolsi con gioia tale annunzio come segno di un\u2019epoca nuova, che, purtroppo, in quel momento non si inizi\u00f2. Ma amici ed avversari sanno che quella gioia era sincera, perch\u00e9 corrispondeva alla mia sempre professata convinzione che se le masse, alle quali era stato predicato il socialismo, avessero accolto lealmente il metodo dello Stato democratico, si sarebbe compiuto un secolare progresso. (<em>Interruzioni all\u2019estrema sinistra<\/em>). Tale convinzione si \u00e8 rafforzata nel dopo-guerra attraverso il cameratismo antifascista nel periodo costruttivo dello Stato democratico; n\u00e9 vi vengo meno oggi presentando un Ministero di emergenza che vuole fare uno sforzo supremo per evitare la rovina economica e finanziaria che colpirebbe in prima linea i lavoratori e i ceti medi (<em>Vivissimi applausi al centro e a destra <\/em>\u2013<em> Commenti a sinistra<\/em>) e per assicurare rapidamente e col vostro concorso l\u2019accesso del popolo alle nuove istituzioni repubblicane. (<em>Vivissimi, prolungati applausi al centro e a destra <\/em>\u2013<em> Commenti all\u2019estrema sinistra <\/em>\u2013<em> I deputati del centro si levano in piedi gridando:<\/em> Viva l\u2019Italia!).<\/p><p>PRESIDENTE. La discussione sulle comunicazioni del Governo avr\u00e0 inizio domani alle 16. (<em>Commenti<\/em>).<\/p><p><em>Una voce a sinistra<\/em>. Perch\u00e9?<\/p><p>PRESIDENTE. Per una ragione semplicissima, onorevoli colleghi: perch\u00e9, se non si rinviasse la seduta, vi sarebbe certamente la richiesta di sospenderla per dare modo ai Gruppi di riunirsi allo scopo di esaminare le comunicazioni test\u00e9 fatte dal Governo.<\/p><p>Nella stessa giornata di domani, alle ore 10, si avr\u00e0 una seduta per il seguito della discussione del progetto di Costituzione.<\/p><p>Non vorrei che si dimenticasse che abbiamo anche il compito di esaminare il progetto di Costituzione. Domani mattina dovranno svolgersi e votarsi gli ordini del giorno presentati sul problema della Regione. Lo dico perch\u00e9 ci si renda conto della importanza della seduta di domani mattina, nella quale avverranno votazioni di carattere molto importante e grave.<\/p><p>Sulla proroga dei poteri dell\u2019Assemblea Costituente.<\/p><p>BENEDETTI. Chiedo di parlare.<\/p><p>PRESIDENTE. Ne ha facolt\u00e0.<\/p><p>BENEDETTI. Signor Presidente, io ricordo che il 24 giugno terminano i poteri di questa Assemblea. Abbiamo soltanto 15 giorni di tempo e in questi 15 giorni \u00e8 necessario che noi decidiamo se i nostri poteri debbono effettivamente cessare, come stabilisce la legge, oppure se possono essere prorogati.<\/p><p>La questione non \u00e8 irrilevante neanche ai fini della discussione sulle dichiarazioni del Governo e sul prossimo voto. E spiego perch\u00e9 non \u00e8 irrilevante. Se io sono un uomo sano e debbo scegliere un amministratore dei miei beni, penso che avr\u00f2 il tempo di controllare quello che questo amministratore far\u00e0. Io non mi curer\u00f2 gran che di sapere se l\u2019amministratore \u00e8 completamente idoneo. Dir\u00f2: beh, in fin dei conti, i miei occhi sono lunghi, avr\u00f2 tempo di vedere e di provvedere a sostituirlo.<\/p><p>Se io ritengo, invece, che fra quindici giorni potr\u00f2 essere morto, diverr\u00f2 molto pi\u00f9 cauto nella scelta, e prima di accordare la mia fiducia a qualcuno, vaglier\u00f2 con estremo scrupolo tutte le circostanze pro e contro.<\/p><p>Se, onorevole Presidente, la nostra vita sta per finire, se la nostra vita cesser\u00e0 il 24 giugno, \u00e8 evidente che la cura nel dare un voto di fiducia al Governo deve essere molto pi\u00f9 attenta: perch\u00e9 potrebbe darsi che si instaurasse, con quel voto, un regime dittatoriale. Il Governo funzionerebbe con poteri dittatoriali, con piena libert\u00e0, al di fuori del controllo e delle decisioni dell\u2019Assemblea ormai inesistente.<\/p><p>\u00c8 per questa ragione che il sapere se il 24 giugno cesseremo dalle nostre funzioni o se i nostri poteri saranno prolungati, \u00e8 anche influente sulla nostra coscienza nel dare o non dare il voto in favore del Governo. \u00c8 per questa ragione che io mi domando se non fosse pi\u00f9 opportuno, anzich\u00e9 portare nella seduta mattutina di domani il progetto di Costituzione, portare un disegno di legge che determini se e per quanto tempo questa Assemblea sar\u00e0 prorogata. Desidero da voi, signor Presidente, e dal Governo stesso, una dichiarazione esplicita, affinch\u00e9 non capiti che si giunga al termine dei nostri poteri senza avere pi\u00f9 il tempo di decidere, trovandoci cos\u00ec ad avere aperto la via alla dittatura.<\/p><p>DE GASPERI, <em>Presidente del Consiglio dei Ministri<\/em>. Chiedo di parlare.<\/p><p>PRESIDENTE. Ne ha facolt\u00e0.<\/p><p>DE GASPERI, <em>Presidente del Consiglio dei Ministri<\/em>. Il Governo acconsente, in seguito all\u2019iniziativa presa dal Presidente della Assemblea, interprete della volont\u00e0 dell\u2019Assemblea stessa, a presentare un disegno di legge concernente la proroga dei poteri della Costituente. Ricordo di aver fatto appello alla collaborazione dell\u2019Assemblea per stabilire il nuovo termine, tenendo conto dell\u2019esigenza di indire nel prossimo autunno le elezioni.<\/p><p>PRESIDENTE. Il Governo presenter\u00e0 quindi nei prossimi giorni un progetto per la proroga dei poteri della Assemblea Costituente. All\u2019Assemblea spetter\u00e0 di decidere, in ultima istanza, sul termine di questa proroga.<\/p><p>BENEDETTI. Mi devo dichiarare non sodisfatto di questa risposta. La mia domanda mirava a fare stabilire la data precisa di presentazione del progetto di legge con il quale si determiner\u00e0 la proroga dei lavori di questa Assemblea o ne sar\u00e0 confermata la fine alla data del 24 giugno.<\/p><p>PRESIDENTE. Ella ha sempre diritto di presentare un progetto di iniziativa parlamentare, nel caso le paresse che il Governo tardi troppo nel presentare il progetto annunziato.<\/p><p>LUSSU. Chiedo di parlare.<\/p><p>PRESIDENTE. Ne ha facolt\u00e0.<\/p><p>LUSSU. Nella riunione che alcuni giorni fa avemmo coi rappresentanti dei gruppi parlamentari presso la Presidenza, con l\u2019intervento di autorevoli membri, che sono anche cultori di diritto pubblico, se non erro, fu concluso che la questione della proroga dovesse essere esclusiva espressione di questa Assemblea. (<em>Approvazioni<\/em>).<\/p><p>Ora, \u00e8 vero, cos\u00ec come ci viene annunciato, che il Governo presenter\u00e0 un disegno di legge in seguito all\u2019intervento dell\u2019autorevole Presidente della nostra Assemblea; per\u00f2 \u00e8 evidente che, in ciascuno di noi, \u00e8 legittima la preoccupazione di distaccare la discussione sulle comunicazioni del Governo dalle deliberazioni che prenderemo sulla proroga. (<em>Approvazioni<\/em>). In altre parole non dovrebbe mai sorgere il dubbio che la questione della proroga di questa Assemblea possa essere debitamente od indebitamente legata alla costituzione di questo Governo. Io chiedo pertanto \u2013 ed esprimo la preoccupazione di molti colleghi, che siedono in questa aula \u2013 che la questione della proroga sia affrontata e risolta prima che l\u2019Assemblea si pronunzi con la fiducia o no sulle dichiarazioni del Governo. (<em>Applausi<\/em>).<\/p><p>GIANNINI. Chiedo di parlare.<\/p><p>PRESIDENTE. Ne ha facolt\u00e0.<\/p><p>GIANNINI. Ci associamo a quanto ha detto l\u2019onorevole Lussu. (<em>Commenti<\/em>).<\/p><p>PRESIDENTE. Torno a far presente ai colleghi in generale, ed all\u2019onorevole Lussu in particolare, ci\u00f2 che ho detto ora all\u2019onorevole Benedetti. I gruppi dell\u2019Assemblea o colleghi isolati godono del diritto di iniziativa, e dovrei ricordare che se ad un certo momento mi sono fatto partecipe di un\u2019iniziativa del genere \u00e8 perch\u00e9, da lunghissimo tempo, constatavo che nessuno intendeva valersi di questo diritto, e la mia diligenza si \u00e8 avviata sull\u2019unica strada che le era aperta, sboccando poi nell\u2019impegno preso dal Governo di presentare esso stesso questo progetto di proroga. Se l\u2019Assemblea, o qualche suo membro, ritiene di presentare un disegno di proroga pu\u00f2 ancora sempre farlo.<\/p><p>LUSSU. Chiedo di parlare.<\/p><p>PRESIDENTE. Ne ha facolt\u00e0.<\/p><p>LUSSU. Propongo che concretamente l\u2019onorevole Presidente convochi nel suo ufficio, questo stesso pomeriggio, tutti i rappresentanti dei vari Gruppi parlamentari, per decidere sulla questione.<\/p><p>PRESIDENTE. L\u2019onorevole Lussu sa che, ove io accettassi \u2013 e, per cortesia consuetudinaria, non vorrei respingere la sua proposta, \u2013 sarebbe la terza volta che i rappresentanti dei Gruppi si riunirebbero presso di me per deliberare in proposito. Ma l\u2019onorevole Lussu sa anche che nelle due volte precedenti non fu possibile raggiungere l\u2019intesa fra tutti i partiti. Per questa ragione, la Presidenza dell\u2019Assemblea ha ritenuto di non poter prendere ancora una volta l\u2019iniziativa. Se i rappresentanti degli undici Gruppi parlamentari in cui sono divisi i membri dell\u2019Assemblea avessero raggiunto un\u2019intesa, la Presidenza se ne sarebbe fatta esecutrice. Ritiene l\u2019onorevole Lussu che l\u2019accordo, non realizzato pochi giorni fa, possa realizzarsi oggi? Se cos\u00ec \u00e8, potrei aderire alla proposta; ma poich\u00e9, personalmente, non spero nel successo, riterrei pi\u00f9 opportuno evitare una terza dimostrazione delle nostre impossibilit\u00e0 di accordo.<\/p><p>LUSSU. Io riterrei di togliere al Governo questa iniziativa.<\/p><p>PRESIDENTE. Lei pu\u00f2 togliere al Governo questa iniziativa, prendendola lei.<\/p><p>GIANNINI. Chiedo di parlare.<\/p><p>PRESIDENTE. Ne ha facolt\u00e0.<\/p><p>GIANNINI. Signor Presidente, onorevoli colleghi, io credo che la proposta dell\u2019onorevole collega Lussu possa essere messa in pratica, solo se cos\u00ec modificata: invitando cio\u00e8 l\u2019onorevole Presidente del Consiglio dei Ministri a presenziare alla riunione dei Capi dei Gruppi. Si potr\u00e0 cos\u00ec prendere una decisione.<\/p><p>BENEDETTI. Chiedo di parlare.<\/p><p>PRESIDENTE. Ne ha facolt\u00e0.<\/p><p>BENEDETTI. Onorevole Presidente, io so benissimo che ella ha adunato nei giorni scorsi, per ben due volte, i rappresentanti dei Gruppi, al fine di trovare un accordo in merito alla proroga di questa Assemblea. L\u2019accordo non \u00e8 stato trovato evidentemente perch\u00e9 ognuno ha la preoccupazione di dire che desidera una proroga e che questa deve essere, meglio che di due mesi, di sei mesi o di un anno. E questa preoccupazione \u00e8 giustificata dal fatto della ripercussione che una proroga, e tanto pi\u00f9 una lunga proroga, pu\u00f2 avere sull\u2019opinione pubblica. Ma io trovo che la questione \u00e8 mal posta e trovo che il continuare discussioni segrete, sui due o i sei o i dodici mesi, nel chiuso del suo Gabinetto, al di fuori di questa Assemblea&#8230;<\/p><p>PRESIDENTE. Vi erano undici testimoni!<\/p><p>BENEDETTI. &#8230;sia fuori luogo, perch\u00e9 la questione \u00e8 un\u2019altra, La questione fondamentale \u00e8 di sapere se il termine del 24 giugno deve essere rispettato o non deve o pu\u00f2 non essere rispettato. Per chiarire questo punto, io trovo che lei, signor Presidente, nella sua autorit\u00e0 e rappresentanza di tutta l\u2019Assemblea, ha il diritto di porre, di sua iniziativa, la questione, senza riunioni particolari. Se questa Assemblea decidesse, per avventura, che si dovesse prorogare il termine della propria validit\u00e0, sar\u00e0 allora questione di stabilire se deve esservi proroga per due mesi, per sei mesi o per un anno, ma intanto \u2013 ripeto \u2013 si tratta di stabilire, in linea pregiudiziale, se la proroga ci deve o non ci deve essere. Comunque, io sono dell\u2019opinione che non ci deve essere e che il termine dei nostri poteri scade il 24 giugno. Lei, signor Presidente, ha il diritto, e potrei dire anche il dovere, di mettere all\u2019ordine del giorno la questione in questi precisi termini: se la Costituente deve o non deve prolungarsi oltre il 24 giugno.<\/p><p>MACRELLI. Chiedo di parlare.<\/p><p>PRESIDENTE. Ne ha facolt\u00e0.<\/p><p>MACRELLI. La preoccupazione dell\u2019Assemblea \u00e8 questa: che sia sottratta al Governo la iniziativa per la presentazione di un progetto di proroga.<\/p><p>Ora, noi ci siamo riuniti \u2013 e lo ha gi\u00e0 detto l\u2019illustre Presidente \u2013 due volte in rappresentanza dei vari Gruppi per affrontare il problema. Si sono manifestate due tendenze. Sulla proroga si sono dimostrati perfettamente d\u2019accordo tutti. Al punto in cui siamo arrivati, non \u00e8 possibile esaurire il compito specifico che spetta all\u2019Assemblea Costituente, e tanto meno affrontare la discussione di altri progetti di legge. D\u2019accordo, quindi, sulla proroga. L\u2019urto, o meglio il dissenso, si \u00e8 manifestato sul termine: alcuni hanno proposto il 15 settembre, altri invece, persuasi che non sia possibile, nemmeno entro questo termine, di esaurire il nostro compito, hanno proposto il 31 dicembre. \u00c8 tutto qui il dissenso che, naturalmente, incide su un altro problema gravissimo: quello delle elezioni.<\/p><p>PRESIDENTE. Non anticipi, onorevole Macrelli, la discussione che sar\u00e0 fatta quando il progetto sar\u00e0 presentato.<\/p><p>MACRELLI. Mi permettevo soltanto di far notare che il dissenso era esclusivamente sulla data.<\/p><p>Io penso che dai banchi della nostra Assemblea, da parte dei vari Gruppi, possa venire una proposta di iniziativa nostra, ed assicuriamo il Presidente dell\u2019Assemblea ed il Presidente del Consiglio, che questo sar\u00e0 fatto. Fra breve una proposta sar\u00e0 presentata: l\u2019Assemblea discuter\u00e0, decider\u00e0 ed emetter\u00e0 il suo voto per il termine fra il 15 settembre e il 31 dicembre. (<em>Commenti <\/em>\u2013 <em>Approvazioni<\/em>).<\/p><p>FABBRI. Chiedo di parlare.<\/p><p>PRESIDENTE. Ne ha facolt\u00e0.<\/p><p>FABBRI. Data la distinzione fondamentale \u2013 durante il sistema vigente \u2013 fra la materia costituzionale di esclusiva competenza di questa Assemblea, e la materia strettamente legislativa di competenza del Governo, io dubito molto che una disposizione relativa alla proroga dei poteri di questa Assemblea Costituente rientri nella iniziativa e nelle facolt\u00e0 del Governo. La mia tendenza \u00e8 per negare questo. Ritengo invece che la iniziativa e la discussione su questa materia di natura strettamente costituzionale siano di competenza specifica di questa Assemblea Costituente.<\/p><p>Ed allora, piuttosto che la inorganica, e starei per dire casuale proposta, di uno o di un altro dei singoli componenti di questa Assemblea, come pure le iniziative dei Presidenti dei Gruppi parlamentari, i quali, per il modo unitario onde sono rappresentati, non danno la ripercussione del dinamismo e della composizione numerica delle forze politiche che si contrastano in questa Assemblea, io mi domando se la Commissione dei 75 (la quale, volere o no, e nonostante tutto il male che ne \u00e8 stato detto, ha una competenza specifica, non ne \u00e8 stata in nessun modo svestita ed ha attuale facolt\u00e0 di riunirsi ad opera del suo Presidente, in ordine a proposte di carattere costituzionale) non sia l\u2019organo pi\u00f9 adatto ed immediato per risolvere, in seno a quella Commissione, i modi e i termini di questa eventuale proposta di proroga. Il Comitato di redazione o la Presidenza della Commissione dei settantacinque, dopo un\u2019unica riunione potrebbero addivenire ad una proposta concreta di progetto di legge da essere sottoposto all\u2019Assemblea Costituente.<\/p><p>In quest\u2019ordine di idee, la mia proposta precisa \u00e8 questa: l\u2019Assemblea richieda che l\u2019onorevole Presidente della Commissione dei Settantacinque, che \u00e8 il riflesso numerico proporzionale dei vari partiti, convochi la Commissione stessa e sottoponga ai suoi componenti questo problema, portando immediatamente dopo le proposte concrete di maggioranza all\u2019Assemblea, per le relative deliberazioni. (<em>Commenti<\/em>).<\/p><p>TONELLO. Chiedo di parlare.<\/p><p>PRESIDENTE. Ne ha facolt\u00e0.<\/p><p>TONELLO. Esprimo il mio dissenso sulla proposta di convocare i \u00absoloni\u00bb per decidere in merito alla proroga. Non vorrei che tirassero tanto per le lunghe quelli che hanno interesse a non risolvere questo problema, che urge sul Paese.<\/p><p>Noi vogliamo che al pi\u00f9 presto possibile il Paese sia interrogato; vogliamo che siano gli elettori, sia il popolo italiano a manifestare la sua volont\u00e0. Fate in qualunque modo, ma in due o tre giorni decidete, perch\u00e9 questo tirare in lungo le cose, questo lasciar sospeso il popolo italiano danneggia tutti i partiti.<\/p><p>Il Governo ha detto che far\u00e0 la proroga; ma dietro di voi, onorevole De Gasperi, vi sono anche altre forze che potrebbero darvi dei cattivi suggerimenti (<em>Commenti<\/em>). Sapete cosa voglio dirvi: molte volte venite con buone intenzioni, ma avete anche dei diavoli neri che suggeriscono cattive cose. (<em>Commenti <\/em>\u2013<em> Interruzioni<\/em>).<\/p><p>Sar\u00e0 bene che questo problema si risolva. I \u00absoloni\u00bb riposino i loro sonni in pace, tranquilli nella loro coscienza. Dobbiamo decidere noi, se si deve andare a casa presto e chiamare il popolo a dire il suo pensiero.<\/p><p>PERSICO. Chiedo di parlare.<\/p><p>PRESIDENTE. Ne ha facolt\u00e0.<\/p><p>PERSICO. Onorevoli colleghi, mi sembra che abbiamo resa complicata una questione semplicissima. Domattina non si tenga seduta; dopo domani mattina discuteremo una proposta che ci impegniamo di presentare noi, una qualsiasi proposta perch\u00e9, superato l\u2019ostacolo della necessit\u00e0 della proroga, si tratta soltanto di stabilire un termine.<\/p><p>Ora, basta che un Gruppo qualsiasi proponga un termine qualsiasi sul quale si discuter\u00e0: si proporr\u00e0 pi\u00f9 corto o pi\u00f9 lungo, si voter\u00e0 e si deliberer\u00e0.<\/p><p>Mercoled\u00ec mattina alle dieci noi presenteremo una proposta che potr\u00e0 essere il canovaccio della discussione, senza incomodare la Commissione dei settantacinque, n\u00e9 i Gruppi. Su questa proposta ogni Gruppo voter\u00e0 come meglio crede. Mi sembra che questa soluzione sia lapalissiana e credo che tutti noi potremo accettarla.<\/p><p>GRASSI, <em>Ministro di grazia e giustizia<\/em>. Chiedo di parlare.<\/p><p>PRESIDENTE. Ne ha facolt\u00e0.<\/p><p>GRASSI, <em>Ministro di grazia e giustizia<\/em>. L\u2019Assemblea mi consenta di ricordare che della questione della proroga dovr\u00e0 certamente occuparsi, in quanto \u00e8 convinzione di tutti e anche del Governo, per le dichiarazioni fatte dal Presidente del Consiglio, che una proroga \u00e8 indispensabile affinch\u00e9 questa Assemblea possa portare a termine il suo compito, per il quale \u00e8 stata eletta.<\/p><p>Il Governo ha gi\u00e0 pronto il disegno di legge; \u00e8 un disegno di legge che si compone di due articoli. Esso sar\u00e0 presentato al pi\u00f9 presto all\u2019Assemblea e questa potr\u00e0 apportarvi tutti gli emendamenti che creder\u00e0.<\/p><p>Il Presidente del Consiglio ha gi\u00e0 detto che tale disegno di legge \u00e8 predisposto nel senso che la proroga sia compatibile con la possibilit\u00e0 che le elezioni abbiano luogo nel mese di novembre. In ogni modo, su questo punto, l\u2019Assemblea \u00e8 sovrana e potr\u00e0 prendere le sue determinazioni.<\/p><p>Mi pare sia quindi inutile discutere su chi debba prendere l\u2019iniziativa della presentazione di tale disegno di legge e se possa essere d\u2019iniziativa parlamentare. Il disegno di legge \u00e8 predisposto e verr\u00e0 comunque presentato quanto prima all\u2019Assemblea. (<em>Commenti<\/em>).<\/p><p>Ricordo che il Governo ha preso l\u2019impegno, in seguito a richiesta del Presidente dell\u2019Assemblea, di presentare il disegno di legge e il disegno di legge sar\u00e0 presentato; e sul disegno di legge l\u2019Assemblea, sovrana, prender\u00e0 le sue decisioni.<\/p><p>PRESIDENTE. Onorevoli colleghi, vorrei, se mi permettono, riassumere la discussione e trarne la conclusione. \u00c8 evidente che non soltanto le notti, ma anche i giorni portano consiglio, ed infatti, bench\u00e9 ancora soltanto dieci minuti fa, tutti i colleghi fossero all\u2019oscuro della procedura stabilita, nessuno ha sollevato obiezioni.<\/p><p>Onorevole Benedetti, \u00e8 naturale che lei sia invece contrario a questa procedura, ma solo perch\u00e9 lei \u00e8 contrario alla proroga; ma tutti coloro che sono favorevoli alla proroga non possono avere preoccupazioni al riguardo: si tratta solo di trovare la procedura idonea.<\/p><p>Mi sembra comunque sufficiente l\u2019avere udito le dichiarazioni dell\u2019onorevole Benedetti per dire che non pu\u00f2 la Presidenza stessa farsi iniziatrice della proposta di proroga, perch\u00e9 la Presidenza o parla a nome di tutta l\u2019Assemblea, o non parla. La Presidenza, d\u2019altronde, non vuole correre per la quarta volta il rischio di essere sconfessata una volta ancora dall\u2019Assemblea.<\/p><p>Non restano quindi che le due alternative: o un\u2019iniziativa parlamentare, o un\u2019iniziativa del Governo. Onorevoli colleghi, la strada di un\u2019iniziativa parlamentare \u00e8 sempre stata aperta e vi \u00e8 da stupirsi, avendo udite esprimere oggi tante preoccupazioni per gli altri metodi, che questa strada non sia stata finora imboccata.<\/p><p>Faccio presente all\u2019onorevole Persico, che ha voluto per\u00f2 mostrarcela come la pi\u00f9 semplice, che c\u2019\u00e8 un capitolo \u2013 il XVII \u2013 del Regolamento della Camera dei deputati, il quale insegna che quella strada \u00e8 invece la pi\u00f9 lunga. Dice infatti l\u2019articolo 133:<\/p><p>\u00abAllorch\u00e9 una proposta di legge d\u2019iniziativa di uno o pi\u00f9 deputati \u00e8 annunziata, la Camera fissa il giorno in cui essa pu\u00f2 essere svolta\u00bb.<\/p><p>E l\u2019annunzio di cui qui si parla non \u00e8 l\u2019annunzio familiare, quale quello che ci ha fatto in questo momento l\u2019onorevole Persico. L\u2019annunzio di una proposta di legge d\u2019iniziativa parlamentare deve seguire infatti una determinata procedura, la quale occupa non certo dei mesi, non delle settimane, ma probabilmente pi\u00f9 delle ventiquattr\u2019ore di cui poco fa ci si \u00e8 parlato.<\/p><p>\u00c8 vero che il Regolamento aggiunge che \u00ab\u00e8 in facolt\u00e0 del proponente di rinunziare allo svolgimento e di chiedere che la proposta stessa sia subito trasmessa alla Commissione competente\u00bb.<\/p><p>Comunque bisognerebbe annunziare che c\u2019\u00e8 una proposta dell\u2019onorevole Persico e l\u2019Assemblea dovr\u00e0 allora determinare il giorno in cui essa pu\u00f2 essere svolta. Nel giorno fissato, il proponente svolger\u00e0 i motivi della proposta e un altro oratore potr\u00e0 parlare contro la presa in considerazione. Il proponente avr\u00e0 diritto di replicare, dopo di che l\u2019Assemblea decider\u00e0 se prendere o meno in considerazione la proposta.<\/p><p>Ci\u00f2 per\u00f2 non costituisce ancora la discussione del progetto di legge, il quale dovr\u00e0 andare alla commissione competente.<\/p><p>Onorevoli colleghi, anche sul piano parlamentare vi possono essere, come vedono, degli errori di prospettiva e di ottica e strade che paiono le pi\u00f9 brevi ma che sono in realt\u00e0 le pi\u00f9 lunghe.<\/p><p>Ma se, come l\u2019onorevole Ministro della giustizia ha preannunciato, il progetto di legge per la proroga sar\u00e0 presentato dal Governo \u2013 il Governo, su invito dell\u2019Assemblea, potrebbe anche indicarne il giorno: domani, dopodomani, fra tre giorni \u2013 noi ne saremo subito investiti e l\u2019Assemblea sar\u00e0 tranquillizzata al proposito. Chiedo quindi all\u2019onorevole Ministro della giustizia se egli ritiene di poter presentare nella giornata di domani il suo progetto.<\/p><p>GRASSI, <em>Ministro di grazia<\/em> e <em>giustizia<\/em>. Senz\u2019altro.<\/p><p>PRESIDENTE. Il progetto sar\u00e0 immediatamente messo all\u2019ordine del giorno dell\u2019Assemblea, il che non ci esonera, onorevoli colleghi, dall\u2019impiegare utilmente la mattina di domani nel senso che ho indicato.<\/p><p>Non credo infatti che si voglia rinviare la ripresa dei lavori della Costituzione sino a quando non sia ultimata la procedura relativa al progetto di legge per la proroga; anzi, sino a che non sia approvata la proroga. La proroga ci sar\u00e0, onorevole Benedetti, purtroppo; ma, non \u00e8 questa una buona ragione perch\u00e9 noi perdiamo inutilmente i giorni residui dell\u2019investitura di poteri che abbiamo ricevuto in precedenza.<\/p><p>Se in questo modo e secondo queste indicazioni l\u2019Assemblea accetta la procedura prospettata, e alla quale il Governo si \u00e8 impegnato, penso che non vi sia altro da aggiungere. Se vi sono proposte contrarie, chiedo che si facciano in maniera formale.<\/p><p>FABBRI. Io l\u2019avevo fatta.<\/p><p>PRESIDENTE. Onorevole Fabbri, lei ha sufficiente esperienza delle possibilit\u00e0 di decisione della Commissione dei Settantacinque. (<em>Commenti<\/em>).<\/p><p>RUINI, <em>Presidente della Commissione per la Costituzione<\/em>. Chiedo di parlare.<\/p><p>PRESIDENTE. Ne ha facolt\u00e0.<\/p><p>RUINI, <em>Presidente della Commissione per la Costituzione<\/em>. Voglio ricordare come si \u00e8 svolta la discussione su questo tema in seno alla riunione dei rappresentanti dei Gruppi, alla quale io assistevo come invitato dal Presidente.<\/p><p>Si \u00e8 messo anzitutto in chiaro che il diritto di decisione in questa materia \u00e8 pieno ed assoluto dell\u2019Assemblea Costituente. Io espressi chiaramente questo punto di vista e volli che fosse escluso ogni pur inammissibile dubbio a proposito dell\u2019annunciata presentazione d\u2019un progetto di legge da parte del Governo sulla proroga dei nostri lavori. La presentazione non pu\u00f2 in nessun modo implicare che, perch\u00e9 l\u2019Assemblea possa prendere le sue decisioni, sia necessario un atto del Governo che promuova tali decisioni. Restammo perfettamente intesi tutti e non vi fu nessun dubbio che la competenza \u00e8 esclusivamente dell\u2019Assemblea Costituente, e che non occorre, non \u00e8 necessario nessun atto, nessuna proposta del Governo, perch\u00e9 sia eccitata questa facolt\u00e0 assoluta dell\u2019Assemblea.<\/p><p>Premesso questo, si presentava una questione di procedura. Il Presidente dell\u2019Assemblea ha dichiarato che non si sentiva di presentare una proposta di proroga, perch\u00e9 non vi era il consenso unanime di tutti i Gruppi sulla data della proroga. Di fronte alla dichiarazione del Presidente non restava che inchinarsi. E allora, quali sono le vie aperte? Sono queste: l\u2019iniziativa di un qualsiasi deputato, non dico di un Gruppo dell\u2019Assemblea Costituente, o l\u2019iniziativa del Governo, che, lo ripeto, non \u00e8 affatto necessaria; ma il Governo pu\u00f2 sempre, come un deputato o come un Gruppo presentare una sua proposta. E pu\u00f2 essere opportuna questa forma per investire pi\u00f9 rapidamente l\u2019Assemblea dei suoi poteri. Mi pare che la questione sia di una chiarezza cristallina.<\/p><p>La sostanza \u00e8 questa: l\u2019Assemblea desidera e chiede di essere investita del tema della proroga, sul quale le spetta decidere. Il Governo presenta un disegno di legge. \u00c8 importante che il Guardasigilli abbia dichiarato che lo presenter\u00e0 domani stesso, prima del voto sulla fiducia al Governo. Ci\u00f2 conferma il carattere meramente formale dell\u2019atto del Governo, che non ha bisogno, per farlo, di aver gi\u00e0 ottenuto la fiducia. Subito dopo la presentazione del progetto, il Presidente dell\u2019Assemblea potr\u00e0 nominare una Commissione straordinaria con procedura d\u2019urgenza (che \u00e8 permessa dal Regolamento) e poi tutte le correnti dell\u2019Assemblea si faranno avanti e la perfetta sovranit\u00e0 dell\u2019Assemblea sar\u00e0 rispettata.<\/p><p>PRESIDENTE. Poich\u00e9 l\u2019onorevole Fabbri ha comunicato di non insistere nella sua proposta e poich\u00e9 abbiamo la dichiarazione formale del Ministro Guardasigilli, resta inteso che il Governo presenter\u00e0 nella giornata di domani il progetto per la proroga e l\u2019Assemblea decider\u00e0 se adottare la procedura d\u2019urgenza. Se non vi sono osservazioni, rimane cos\u00ec stabilito.<\/p><p>(<em>Cos\u00ec rimane stabilito<\/em>).<\/p><p>\u00a0<\/p><p>La seduta \u00e8 rinviata a domattina alle 10 per il seguito della discussione del progetto di Costituzione.<\/p><p>CORBINO. Chiedo di parlare.<\/p><p>PRESIDENTE. Ne ha facolt\u00e0.<\/p><p>CORBINO. Non credo che sia opportuno tenere la seduta antimeridiana. Io ho sempre sostenuto che l\u2019Assemblea deve lavorare, ma la discussione sulle Regioni \u00e8 subordinata alla durata della proroga dei lavori dell\u2019Assemblea e allora conviene rimandare a dopo la decisione.<\/p><p>PRESIDENTE. Onorevole Corbino, siamo sempre allo stesso malinteso: io invito l\u2019Assemblea a fare proposte eventuali in un tema concreto, e Lei ne avanza su una questione diversa che non si sta discutendo. Stavamo parlando della presentazione del disegno di legge sulla proroga, e non dell\u2019ordine dei lavori dell\u2019Assemblea. Desider\u00f2 ancora una volta sottolineare, onorevoli colleghi, che \u2013 anche nella prospettiva della proroga \u2013 non dobbiamo pensare che, poich\u00e9 avremo un maggior tempo del previsto a disposizione non ci incomba il dovere di intensamente lavorare. Aggiungo che non ritengo assolutamente possibile rinviare la discussione del progetto di Costituzione a dopo risolta la questione della proroga.<\/p><p>Per ora, \u00e8 ancora sempre la scadenza del 24 giugno che ci deve orientare.<\/p><p>Non essendovi altre osservazioni, la seduta \u00e8 rinviata a domani alle 10.<\/p><p>Interrogazioni.<\/p><p>PRESIDENTE. Si dia lettura delle interrogazioni pervenute alla Presidenza.<\/p><p>RICCIO. <em>Segretario<\/em>, legge.<\/p><p>\u00abIl sottoscritto chiede d\u2019interrogare il Ministro per il commercio con l\u2019estero, per conoscere perch\u00e9 non sono stati ripartiti i contingenti di grassi concessi all\u2019Italia dagli Stati Uniti d\u2019America fin dallo scorso dicembre. Il ritardo della importazione determina un grave danno economico per quanto riguarda i prezzi all\u2019origine, che nel frattempo hanno subito un aumento del 10-20 per cento con conseguente maggior esodo valutario.<\/p><p>\u00abMarinaro\u00bb.<\/p><p>\u00abIl sottoscritto chiede di interrogare i Ministri dell\u2019industria e commercio e dei trasporti, per sapere se non ritengano di dovere direttamente approvvigionare di carbone la citt\u00e0 di Siracusa per evitare l\u2019inconveniente, gi\u00e0 altre volte verificatosi, che a causa del mancato tempestivo arrivo di carbone da Catania, tanto la ferrovia Siracusa-Vizzini, quanto le industrie locali, hanno dovuto sospendere la loro attivit\u00e0, con grave pregiudizio economico di quelle laboriose popolazioni.<\/p><p>\u00abTale invio periodico di carbone, per un quantitativo minimo di 3000 tonnellate mensili, consentirebbe di alleviare la forte disoccupazione fra i portuali di quella citt\u00e0, le cui misere condizioni hanno determinato legittime agitazioni con conseguente turbamento dell\u2019ordine pubblico.<\/p><p>\u00abTerranova\u00bb.<\/p><p>\u00abIl sottoscritto chiede d\u2019interrogare il Ministro della marina mercantile, per conoscere se non ritenga di dovere ripristinare le linee di navigazione con l\u2019Egitto e la Libia, con scalo nei porti siciliani, tenuto conto che essi si trovano sulle rotte che dai porti dell\u2019Italia settentrionale, centrale e meridionale conducono ai suaccennati Paesi d\u2019oltremare.<\/p><p>\u00abIn particolare l\u2019interrogante chiede che sia considerato, qualora si addivenga al ripristino delle suddette linee, come uno degli scali principali, il porto di Siracusa, che per tradizione, posizione geografica e attrezzatura ha rappresentato nel passato e rappresenter\u00e0 nell\u2019avvenire il porto capo-linea delle comunicazioni fra l\u2019Italia e i Paesi del nord-Africa.<\/p><p>\u00abLa richiesta riattivazione di linee risponde anche alle esigenze dell\u2019intensificata produzione agricola siciliana, che, come nel passato, trova nei paesi d\u2019oltremare il suo naturale sbocco e un largo mercato di consumo.<\/p><p>\u00abTerranova\u00bb.<\/p><p>\u00abIl sottoscritto chiede d\u2019interrogare il Presidente del Consiglio dei Ministri, per conoscere:<\/p><p>1\u00b0) perch\u00e9 il Ministro dell\u2019agricoltura <strong>e <\/strong>delle foreste ha ritenuto di disporre che i produttori agricoli della provincia di Viterbo possano versare grano ai granai del popolo dietro il corrispettivo del doppio di granoturco;<\/p><p>2\u00b0) se corrisponde al vero che personale dell\u2019Unione cooperative di Roma si sia recato nel territorio della provincia di Viterbo per acquistare a prezzi di mercato nero 800 quintali di grano dai vari detentori, consenziente l\u2019Alto Commissariato per l\u2019alimentazione;<\/p><p>3\u00b0) se sia compatibile, con le vigenti disposizioni di legge che hanno duramente e giustamente colpiti tanti contravventori, legalizzare l\u2019abusiva detenzione e vendita di grano di alcuni produttori e consentire la compravendita di genere contingentato per legge e quindi fuori commercio.<\/p><p>\u00abPerugi\u00bb.<\/p><p>\u00abIl sottoscritto chiede d\u2019interrogare il Presidente del Consiglio dei Ministri ed i Ministri delle finanze e del tesoro, per sapere se non ritengano indilazionabile ormai \u2013 a due anni dalla fine della guerra \u2013 di affrontare e risolvere il problema del risarcimento danni di guerra e della ricostruzione nazionale, tenendo presenti le proposte contenute nella Relazione predisposta per iniziativa del Comitato studi danni di guerra di Genova e distribuita ai membri della Camera, e cio\u00e8:<\/p><p>che sia sancito il principio per cui chiunque sia stato danneggiato dalla guerra ha diritto al risarcimento da parte dello Stato, in base ad un concetto mutualistico accettato anche dalle Carte costituzionali straniere, come quella francese;<\/p><p>che pertanto vengano immediatamente ricostituite le Commissioni provinciali di accertamento e liquidazione danni guerra;<\/p><p>che si provveda a pagare subito, in contanti, i danni pi\u00f9 lievi; venendo cos\u00ec incontro al pi\u00f9 presto ai pi\u00f9 bisognosi;<\/p><p>che per i danni pi\u00f9 gravi si provveda mediante il rilascio di fedi di credito scontabili ed ammortizzabili da parte dello Stato;<\/p><p>che il ricupero dei fondi occorrenti per tali pagamenti venga fatto mediante imposta o meno, per un numero di anni da determinarsi; e che a tale scopo venga costituito un fondo autonomo dal bilancio ordinario in modo che si esaurisca con l\u2019assolvimento del suo compito speciale, senza interferenze con la ordinaria contabilit\u00e0.<\/p><p>\u00abColitto\u00bb.<\/p><p>\u00abIl sottoscritto chiede d\u2019interrogare il Ministro dell\u2019agricoltura e delle foreste, per conoscere quando provveder\u00e0 a disporre lo sblocco della rimanenza dell\u2019olio di oliva nella provincia di Campobasso in conformit\u00e0 degli impegni assunti nel novembre scorso, essendo stata non solo raggiunta, ma largamente superata, in detta provincia, la quota stabilita per il contingentamento, ponendosi termine con lo sblocco allo stato di gravissimo disagio nel quale, per le incertezze governative, trovasi la tanto laboriosa disciplinata popolazione molisana.<\/p><p>\u00abColitto\u00bb.<\/p><p>\u00abI sottoscritti chiedono di interrogare il Ministro della marina mercantile, per conoscere se, di fronte al ripetersi di gravi e dolorose sciagure, non si ritenga necessario ed urgente di intensificare il rastrellamento delle mine, che rendono malsicura la navigazione nei nostri mari.<\/p><p>\u00abPer conoscere altres\u00ec se ed in qual modo si intenda provvedere in ordine ai danni alle persone ed alle cose prodotti dalle mine, fra cui \u00e8 da annoverarsi il recentissimo naufragio del motoveliero \u00abCuore di Ges\u00f9\u00bb del Compartimento marittimo di Siracusa, nel quale trov\u00f2 la morte l\u2019intero equipaggio.<\/p><p>\u00abGuerrieri Emanuele, Vigo\u00bb.<\/p><p>\u00abIl sottoscritto chiede d\u2019interrogare l\u2019Alto Commissario per l\u2019alimentazione, per conoscere se sia giusto che una regione come la Calabria continui ad essere trascurata come ai tempi del suo predecessore.<\/p><p>Infatti risulta che per solo pane la provincia di Cosenza ha un arretrato di oltre 17 mila quintali di farina; mentre le altre due provincie, pur avendo un fabbisogno giornaliero superiore, hanno ciascuna un arretrato di 11 mila quintali di farina.<\/p><p>\u00abSi fa osservare che il grano proveniente dal piroscafo <em>Nazzimi<\/em> di cui nella risposta a una precedente interrogazione, non \u00e8 stato sufficiente a coprirli perch\u00e9 si sarebbe dovuto sospendere la corresponsione delle razioni correnti.<\/p><p>\u00abPer saldare gli arretrati bisogna corrisponderli in aggiunta alla razione giornaliera.<\/p><p>\u00abMancini\u00bb.<\/p><p>\u00abIl sottoscritto chiede d\u2019interrogare il Ministro dei trasporti, per conoscere se non creda doveroso mettere in esercizio sull\u2019elettro-treno Roma-Reggio Calabria lo stesso materiale ferroviario in uso sull\u2019elettro-treno Roma-Milano, aggiungendovi, come in questo, qualche vettura di seconda classe.<\/p><p>\u00abL\u2019interrogante chiede ancora che venga concessa, soddisfacendo i voti delle popolazioni cosentine e catanzaresi, una vettura diretta sul diretto che parte da Roma alle ore 19.10.<\/p><p>\u00abMancini\u00bb.<\/p><p>\u00abIl sottoscritto chiede d\u2019interrogare il Ministro dell\u2019agricoltura e delle foreste, per conoscere se, data l\u2019insufficienza e la inefficacia del sistema del contingentamento provinciale, non sia opportuno disporre il versamento negli oleari del popolo di quella quantit\u00e0 di olio rimasta a disposizione dei grossi produttori, i quali o sono venuti meno ai loro obblighi di contingentamento o hanno trovato il modo di evadere la loro produzione per scopi speculativi, producendo un vertiginoso rialzo di prezzi.<\/p><p>\u00abMancini\u00bb.<\/p><p>\u00abIl sottoscritto chiede d\u2019interrogare il Ministro dell\u2019interno, per sapere se non creda opportuno intervenire tempestivamente presso il Prefetto di Bari, a che provveda che non venga chiusa la mensa degli impiegati di quella citt\u00e0.<\/p><p>\u00abPastore Raffaele\u00bb.<\/p><p>\u00abIl sottoscritto chiede d\u2019interrogare il Ministro dei lavori pubblici, per sapere se non crede opportuno procedere a una inchiesta per il crollo delle volte delle case dei senzatetto di Foggia, onde assodare le responsabilit\u00e0 ed evitare possibili salvataggi.<\/p><p>\u00abPastore Raffaele\u00bb.<\/p><p>\u00abIl sottoscritto chiede d\u2019interrogare il Ministro della pubblica istruzione, per conoscere se non creda opportuno diminuire la severit\u00e0 delle norme emanate con ordinanza 3 maggio ultimo scorso sugli esami di maturit\u00e0; laddove specialmente si escludono dagli esami orali coloro che abbiano riportato negli scritti un voto di \u00abevidente insufficienza\u00bb, mentre prima della guerra si escludevano quelli che avessero riportato un\u2019insufficienza \u00abmolto grave\u00bb; e si estende tale norma, oltre che all\u2019italiano, anche a tutte le materie per le quali siano richieste prove scritte; e l\u00e0 dove prescrive la presenza di quattro membri estranei nelle Commissioni delle scuole non governative; e ci\u00f2, tenendo conto che le norme giungono a pochi giorni dagli esami; e che gli esaminandi hanno iniziato il loro corso di studi nei tempi difficilissimi della guerra o dell\u2019immediato dopo-guerra.<\/p><p>\u00abAdonnino\u00bb.<\/p><p>\u00abIl sottoscritto chiede d\u2019interrogare il Presidente del Consiglio dei Ministri, per conoscere quali provvedimenti intenda adottare al fine di impedire il continuo esodo di capi bovini dalla Sicilia, che minaccia gi\u00e0 seriamente l\u2019esistenza del patrimonio zootecnico dell\u2019Isola.<\/p><p>\u00abMartino Gaetano\u00bb.<\/p><p>\u00abIl sottoscritto chiede d\u2019interrogare il Presidente del Consiglio dei Ministri ed il Ministro degli interni, per sapere se non ritengano necessario ed urgente emanare un provvedimento legislativo che stabilisca l\u2019incompatibilit\u00e0 dell\u2019esercizio del mandato parlamentare con la qualit\u00e0 di membri di un\u2019Assemblea regionale, incompatibilit\u00e0 gi\u00e0 prevista dalla legge elettorale che trovasi all\u2019esame dell\u2019Assemblea Costituente.<\/p><p>\u00abCaronia\u00bb.<\/p><p>\u00abIl sottoscritto chiede d\u2019interrogare il Presidente del Consiglio dei Ministri e l\u2019Alto Commissario per l\u2019igiene e la sanit\u00e0 pubblica, per sapere se non ritengano opportuno e doveroso nei confronti della tutela della sanit\u00e0 pubblica intervenire per gli accertamenti scientifici del caso ed, eventualmente, per contribuire al finanziamento per la fabbricazione del preparato AF 2 del dottor Guarnieri. Tale prodotto avrebbe spiccata azione anti-cancerigna.<\/p><p>\u00abIl provvedimento ha carattere di estrema urgenza, poich\u00e9 col 5 giugno prossimo il dottor Guarnieri sospender\u00e0 la distribuzione gratuita del medicinale per difficolt\u00e0 d\u2019ordine economico.<\/p><p>\u00abDe Maria\u00bb.<\/p><p>\u00abI sottoscritti chiedono d\u2019interrogare il Ministro della difesa, per sapere se non ritenga opportuno di modificare la motivazione della medaglia d\u2019oro al valor militare alla memoria del capitano di fregata Vittorio Meneghini, l\u00e0 dove essa dice che quell\u2019ufficiale col suo eroico contegno a Lero fra l\u20198 settembre e il 17 novembre 1943 \u00abriconfermava in tal modo sublime i diritti della Patria su quelle terre lontane\u00bb.<\/p><p>\u00abSchiavetti, Cianca, Lussu\u00bb.<\/p><p>\u00abIl sottoscritto chiede d\u2019interrogare il Ministro dell\u2019interno, per conoscere quali provvedimenti sono stati o saranno adottati a favore delle famiglie dei Martiri trucidati dai nazi-fascisti, e se non ritenga opportuno e doveroso che, accanto ad una pronta assistenza generica e sanitaria, siano adottate forme pi\u00f9 proficue di assistenza economica, che possano gradualmente reinserire nel lavoro produttivo tutti gli assistiti idonei e capaci.<\/p><p>\u00abDi Giovanni\u00bb.<\/p><p>\u00abI sottoscritti chiedono d\u2019interrogare il Presidente del Consiglio dei Ministri ed il Ministro del tesoro, per sapere se non ritengano opportuno anticipare al Governo della Regione siciliana i mezzi necessari per l\u2019istituzione e per l\u2019inizio del funzionamento degli organi dell\u2019amministrazione; e ci\u00f2 anche in vista degli obblighi derivanti dall\u2019applicazione degli articoli 36 e 38 dello Statuto della Regione siciliana ed in considerazione del tempo che ancora ci separa dall\u2019inizio dell\u2019esercizio finanziario.<\/p><p>\u00abMartino Gaetano, Bellavista, Galioto\u00bb.<\/p><p>\u00abIl sottoscritto chiede d\u2019interrogare il Ministro della pubblica istruzione, per conoscere se non ravvisi l\u2019opportunit\u00e0 di riesaminare, con urgenza, la situazione economica, del tutto disastrosa, dei dipendenti dai convitti nazionali a causa della legge Gentile del 1923 che potrebbe, quanto meno, essere modificata nella parte che riflette la integrazione dei bilanci, cos\u00ec come avveniva prima, da parte dello Stato.<\/p><p>\u00abSia il personale subalterno, che gli insegnanti delle scuole annesse ai convitti, riscuotono stipendi addirittura insufficienti alle necessit\u00e0 di vita.<\/p><p>\u00abTrulli\u00bb.<\/p><p>\u00abIl sottoscritto chiede d\u2019interrogare il Ministro del tesoro, per sapere se non reputi necessario apportare \u2013 urgentemente \u2013 modificazioni alle norme vigenti sul trattamento di quiescenza ai dipendenti dello Stato, in vista della lentissima procedura attualmente in vigore che pone i pensionandi in tristissime condizioni di vita.<\/p><p>\u00abSia nel caso di pensioni dirette che indirette, si potrebbero ovviare alle difficolt\u00e0 burocratiche, assegnando agli interessati un\u2019anticipazione provvisoria ed immediata, desunta, con criteri proporzionali, dai proventi complessivi riscossi all\u2019atto della cessazione dal servizio.<\/p><p>\u00abMolti di questi funzionari dopo avere, per tanti anni, lavorato sono condannati a soffrire letteralmente la fame, proprio nel momento in cui dovrebbero godere il meritato riposo, perch\u00e9, per la liquidazione della pensione, viene impiegato, nei casi pi\u00f9 favorevoli, almeno un anno.<\/p><p>\u00abTrulli\u00bb.<\/p><p>\u00abI sottoscritti chiedono di interrogare il Ministro dell\u2019interno, per sapere quali provvedimenti intenda adottare per venire incontro alle impellenti necessit\u00e0 delle popolazioni della Calabria, che hanno sofferto danni alle case e alle persone, in dipendenza del recente terremoto. (<em>Gli interroganti chiedono la risposta scritta<\/em>).<\/p><p>\u00abZagari, Tremelloni\u00bb.<\/p><p>\u00abI sottoscritti chiedono di interrogare il Ministro dell\u2019interno, per conoscere quali provvedimenti intenda adottare in seguito alle gravi circostanze emerse \u2013 in occasione del tragico incendio della \u00abMinerva Film\u00bb in Roma \u2013 circa il funzionamento dei servizi anti-incendi e la tutela dei lavoratori e dei centri abitati contro disastri di tale natura. (<em>Gli interroganti chiedono la risposta scritta<\/em>).<\/p><p>\u00abZagari, Tremelloni\u00bb.<\/p><p>\u00abIl sottoscritto chiede d\u2019interrogare il Ministro del lavoro e della previdenza sociale, per sapere se non creda opportuno, e ci\u00f2 per una superiore ragione di equit\u00e0 e di giustizia sociale, di estendere alle famiglie diretto-coltivatrici, le previdenze gi\u00e0 in atto per tutte le altre categorie, e cio\u00e8: assicurazione infortuni, assicurazione malattie, compresa l\u2019assistenza ospitaliera, nonch\u00e9 tutte le altre forme di previdenza sociale. (<em>L\u2019interrogante chiede la risposta scritta<\/em>).<\/p><p>\u00abScotti Alessandro\u00bb.<\/p><p>\u00abIl sottoscritto chiede d\u2019interrogare il Ministro della pubblica istruzione, per conoscere se \u00e8 vero che il preside di un liceo della Capitale ha mobilitato insegnanti ed allievi, chiedendo a questi dolciumi e liquori, per organizzare nei locali della propria scuola feste danzanti e se ci\u00f2 vale a restituire all\u2019insegnamento la perduta seriet\u00e0, disciplina e dignit\u00e0. (<em>L\u2019interrogante chiede la risposta scritta<\/em>).<\/p><p>\u00abMiccolis\u00bb.<\/p><p>\u00abLa sottoscritta chiede d\u2019interrogare il Ministro della pubblica istruzione, per sapere se intenda revocare sollecitamente la nomina test\u00e9 avvenuta del Provveditore agli studi di Padova nella persona di un ex squadrista e fedelissimo della Repubblica fascista. Tale nomina, offensiva per una citt\u00e0 che si \u00e8 distinta nella lotta di liberazione, porter\u00e0 a questo assurdo: che l\u201911 giugno prossimo, in occasione del primo anniversario della Repubblica italiana, la consegna delle onorificenze agli studenti caduti e alle vittime del nazifascismo debba avvenire alla presenza di un capo degli studi che ha diretta responsabilit\u00e0 nelle manifestazioni criminali del regime fascista. (<em>L\u2019interrogante chiede la risposta scritta<\/em>).<\/p><p>\u00abMerlin Angelina\u00bb.<\/p><p>\u00abLa sottoscritta chiede d\u2019interrogare il Ministro della pubblica istruzione, per sapere se sono state emanate disposizioni atte ad impedire che nelle scuole siano usati libri nei quali ricorrano passi esaltanti il regime fascista.<\/p><p>\u00abIn particolare risulta alla interrogante che presso l\u2019Istituto Santa Maria in Roma \u00e8 in uso per la prima media il volume primo degli esercizi latini di A. Oldani, editore F. Mariani, nel quale, a pagina 75, esercizio XL; a pagina 80, esercizio XLIII; a pagina 115, esercizio LXIII, si leggono frasi esaltatrici la figura di Mussolini.<\/p><p>\u00abSi chiede quali provvedimenti si intenda adottare contro gli ostinati adoratori di un nefasto regime, i quali vogliono continuare nell\u2019Italia democratica l\u2019opera di diseducazione della giovent\u00f9. (<em>L\u2019interrogante chiede la risposta scritta<\/em>).<\/p><p>\u00abMerlin Angelina\u00bb.<\/p><p>\u00abIl sottoscritto chiede di interrogare i Ministri delle poste e telecomunicazioni, delle finanze e del tesoro, per sapere se non ritengano doveroso mettere termine allo stato di disagio in cui \u00e8 venuto a trovarsi il personale delle ricevitorie, il quale, da anni ormai, attende siano corrette le ingiustizie ed i torti patiti per il prepotere fazioso del governo fascista.<\/p><p>\u00ab\u00c8 dal maggio dell\u2019anno scorso che uno schema di decreto \u00e8 stato predisposto, quale giusta e urgente riparazione, per la riassunzione in servizio e la ricostruzione della carriera del personale delle ricevitorie, danneggiato moralmente e rovinato economicamente per motivi esclusivamente politici dal governo fascista; schema di decreto che il Governo democratico della Repubblica italiana ha l\u2019imperioso dovere morale \u2013 di fronte a fedeli impiegati postelegrafonici che tanto hanno sofferto \u2013 di rendere al pi\u00f9 presto esecutivo. (<em>L\u2019interrogante chiede la risposta scritta<\/em>).<\/p><p>\u00abGhidetti\u00bb.<\/p><p>\u00abIl sottoscritto chiede d\u2019interrogare il Ministro dell\u2019interno, per conoscere se \u00e8 vero che \u00e8 in corso di preparazione un progetto di legge, contenente una disciplina di carriera dei segretari comunali e provinciali del tutto contrastante con lo stato giuridico di funzionari statali. (<em>L\u2019interrogante chiede la risposta scritta<\/em>).<\/p><p>\u00abRiccio Stefano\u00bb.<\/p><p>\u00abIl sottoscritto chiede d\u2019interrogare il Ministro dei trasporti, perch\u00e9 dica se non trova di giustizia che ai ferrovieri residenti in localit\u00e0 oltre i 5 chilometri dalla periferia di Napoli, pur avendo la loro sede amministrativa e di lavoro a Napoli, sia concessa la indennit\u00e0 giornaliera per le citt\u00e0 dichiarate sinistrate.<\/p><p>\u00abQuesto trattamento, di spettanza o non, di detta indennit\u00e0, \u00e8 stato applicato dalle sole ferrovie dello Stato,mentre tutti gli altri Enti statali e Ministeri hanno considerato questa minima percentuale (3 per cento) di operai ed impiegati sotto altro punto di vista. Nella zona di Napoli provincia, durante tutto il periodo di guerra e di emergenza, si \u00e8 sofferto di pi\u00f9 dagli impiegati, che si sono continuamente sacrificati, nonostante i bombardamenti, per raggiungere con tutti i mezzi la loro sede di lavoro. Economicamente, oggi, la provincia offre per gli impiegati maggiori difficolt\u00e0. Basta poi controllare i prezzi e la differenza di trattamento fatta dalla SEPRAL tra Napoli e i comuni della provincia.<\/p><p>\u00abIl decreto legislativo luogotenenziale 11 gennaio 1946, n. 18, articoli 2 e 4, porta ad una differenza di trattamento fra lavoratori ed impiegati delle stesse officine e degli stessi uffici, creando malcontenti e discordie. (<em>L\u2019interrogante chiede la risposta scritta<\/em>).<\/p><p>\u00abNotarianni\u00bb.<\/p><p>\u00abI sottoscritti chiedono di interrogare il Ministro dell\u2019interno, per conoscere se sia stata costituita una Commissione di studio per le riforme da apportare alla legge comunale e provinciale e, nel caso affermativo, per sapere quali motivi abbiano impedito di aderire alla richiesta avanzata dall\u2019Associazione nazionale dei comuni perch\u00e9 fosse chiamata a parteciparvi una rappresentanza dell\u2019Associazione stessa, la quale avrebbe apportato alla preparazione del progetto il contributo della conoscenza diretta delle aspirazioni ed esigenze delle Amministrazioni comunali interessate alla formazione di una legge, che deve regolarne la vita e le attivit\u00e0. (<em>Gli interroganti chiedono la risposta scritta<\/em>).<\/p><p>\u00abDozza, Fedeli Aldo, Quintieri Adolfo\u00bb.<\/p><p>\u00abIl sottoscritto chiede di interrogare i Ministri delle finanze e del tesoro, per conoscere le risultanze dell\u2019inchiesta ultimamente condotta in merito all\u2019assorbimento del Monte di Piet\u00e0 di Pistoia da parte della Cassa di risparmio di Pistoia e Pescia. (<em>L\u2019interrogante chiede la risposta scritta<\/em>).<\/p><p>\u00abDi Gloria\u00bb.<\/p><p>\u00abIl sottoscritto chiede d\u2019interrogare il Ministro della pubblica istruzione, per sapere se non ritenga opportuno consentire che partecipino ai concorsi per titoli, che saranno prossimamente banditi per i maestri elementari, anche gli insegnanti provvisori con almeno cinque anni di insegnamento. (<em>L\u2019interrogante chiede la risposta scritta<\/em>).<\/p><p>\u00abColitto\u00bb.<\/p><p>\u00abIl sottoscritto chiede d\u2019interrogare il Ministro del lavoro e della previdenza sociale, perch\u00e9 consideri se non sia opportuno \u2013 per riparare ad una situazione di vera ingiustizia \u2013 autorizzare l\u2019Ufficio contributi unificati e per esso le Commissioni comunali, di cui all\u2019articolo 4 del decreto legislativo luogotenenziale 8 febbraio 1945, n. 75, a redigere elenchi di lavoratori agricoli a giornata, suppletivi degli elenchi compilati per l\u2019anno agrario 1940-41, essendosi accertato che moltissimi lavoratori, che pure erano braccianti agricoli, non chiesero l\u2019iscrizione ignorando, per il loro tenore di vita, le relative disposizioni, ed a redigere gli elenchi base per l\u2019annata predetta nei Comuni, in cui non lo furono affatto. (<em>L\u2019interrogante chiede la risposta scritta<\/em>).<\/p><p>\u00abColitto\u00bb.<\/p><p>\u00abIl sottoscritto chiede d\u2019interrogare il Ministro della pubblica istruzione, perch\u00e9 consideri se non sia opportuno consentire che si presentino ai prossimi esami di maturit\u00e0 classica anche privatisti nati nel 1929, pur non avendo trascorsi tre anni dal conseguimento della licenza ginnasiale.<\/p><p>\u00abOpportuno il provvedimento potrebbe essere ritenuto pel fatto che nell\u2019anno scolastico 1943-44, a causa degli eventi bellici, molti licei restarono chiusi, per cui molti alunni per un anno non potettero attendere ai loro studi. (<em>L\u2019interrogante chiede la risposta scritta<\/em>).<\/p><p>\u00abColitto\u00bb.<\/p><p>\u00abIl sottoscritto chiede d\u2019interrogare il Ministro dei trasporti, per conoscere se \u2013 in considerazione del fatto che il nuovo orario ferroviario peggiora le comunicazioni nella zona Ancona-Bologna, specialmente fino a Rimini \u2013 non creda necessario ed opportuno di far proseguire \u2013 almeno fino a Rimini \u2013 il treno in arrivo in Ancona da Pescara alle ore 22, per rendere possibile la coincidenza a Falconara col rapido da Roma delle ore 22.30, che altrimenti lascia ivi i viaggiatori fino alle ore 1.40 per prendere il treno Lecce-Milano, sempre gremitissimo, avvertendo che tale enorme disagio si aggraver\u00e0 nella stagione estiva, quando i viaggiatori provenienti dalla linea di Roma dovranno recarsi in gran numero nelle stazioni balneari di Senigallia, Fano, Pesaro, Cattolica, Riccione, Rimini. (<em>L\u2019interrogante chiede la risposta scritta<\/em>).<\/p><p>\u00abFilippini\u00bb.<\/p><p>\u00abI sottoscritti chiedono di interrogare i Ministri delle finanze e del tesoro, per sapere se \u2013 in considerazione del ritardo e delle difficolt\u00e0 verificatesi nel funzionamento normale degli organi di accertamento e giurisdizionali dei valori in base ai quali vengono applicate le tassazioni ordinarie e di plus valore sugli atti di trasferimento \u2013 non sia equo ed opportuno prorogare fino al 30 giugno 1947 la facolt\u00e0 agli Uffici del registro di accordare la riduzione del terzo per i concordati di accertamento valore nei trasferimenti avvenuti fino a tutto marzo 1945. (<em>Gli interroganti chiedono la risposta scritta<\/em>).<\/p><p>\u00abPiemonte, Lami Starnuti, Momigliano\u00bb.<\/p><p>\u00abIl sottoscritto chiede d\u2019interrogare i Ministri delle finanze e del tesoro, per sapere che cosa si opponga alla emanazione della tanto attesa \u00abmodifica al regio decreto-legge 10 marzo 1938, n. 330, recante agevolazioni all\u2019industria delle costruzioni navali e dell\u2019armamento\u00bb, che, approvata dalle Commissioni legislative permanenti fin dal 13 marzo 1947 \u00e8 tosto inviata al Governo, attende tuttora che questi provveda alla sua pubblicazione; col rilievo che questo ingiustificato e deplorevole ritardo sta rendendo sempre pi\u00f9 vana la misura di corresponsione del premio per la ricostruzione della marina, in conseguenza della progressiva svalutazione della moneta. (<em>L\u2019interrogante chiede la risposta scritta<\/em>).<\/p><p>\u00abMinio\u00bb.<\/p><p>\u00abIl sottoscritto chiede d\u2019interrogare il Presidente del Consiglio dei Ministri e il Ministro dell\u2019interno, per sapere se sia vero che una notevole quantit\u00e0 di D.D.T., gi\u00e0 assegnata alla Sardegna, sia stata invece destinata ad altra Regione, riducendo cos\u00ec la disponibilit\u00e0 dei mezzi essenziali alla prosecuzione della lotta antianofelica, mentre da pi\u00f9 parti si manifestano seri timori di recrudescenze malariche in rapporto specialmente all\u2019eccezionale esistenza di focolai acquitrinosi che permangono in dipendenza della eccessiva piovosit\u00e0 invernale. E per conoscere quali provvedimenti il Governo intenda adottare per assicurare che la lotta antimalarifera in Sardegna prosegua secondo i programmi prestabiliti e le effettive esigenze dell\u2019Isola. (<em>L\u2019interrogante chiede la risposta scritta<\/em>).<\/p><p>\u00abChieffi\u00bb.<\/p><p>\u00abIl sottoscritto chiede d\u2019interrogare il Ministro della pubblica istruzione, per conoscere i motivi che hanno consigliato la revoca del provvedimento che consentiva agli studenti iscritti alla Facolt\u00e0 di scienze coloniali e lingue presso l\u2019Universit\u00e0 di Napoli, di sostenere i relativi esami presso l\u2019Universit\u00e0 di Roma.<\/p><p>\u00abPoich\u00e9 il provvedimento era stato consigliato dalle enormi difficolt\u00e0 economiche e logistiche che, dati i tempi eccezionali, i numerosissimi studenti residenti a Roma avrebbero incontrato nel trasferirsi a Napoli per sostenere gli esami, non si vede la giustificazione della revoca, essendo le predette gravi condizioni per nulla migliorate, ma al contrario, peggiorate. (<em>L\u2019interrogante chiede la risposta scritta<\/em>).<\/p><p>\u00abMastrojanni\u00bb.<\/p><p>\u00abIl sottoscritto chiede d\u2019interrogare il Ministro della difesa (esercito), per conoscere quali provvedimenti siano stati presi nei confronti degli studenti universitari che hanno frequentato i corsi allievi ufficiali in seno alla milizia universitaria.<\/p><p>\u00abIl Governo Badoglio li ammise ad un campo d\u2019armi, al termine del quale avrebbero conseguito il grado di caporali maggiori-allievi ufficiali, come gli altri studenti che frequentarono i pre-corsi allievi ufficiali. E per chiedere, inoltre, quali siano i provvedimenti relativi alla posizione militare di quanti frequentarono sia i pre-corsi allievi ufficiali terminati l\u20198 settembre 1943, sia i campi d\u2019armi, sostenendo, al termine, gli esami per la nomina a caporali maggiori-allievi ufficiali. (<em>L\u2019interrogante chiede la risposta scritta<\/em>).<\/p><p>\u00abMastrojanni\u00bb.<\/p><p>\u00abIl sottoscritto chiede d\u2019interrogare il Ministro della difesa, per conoscere:<\/p><p>1\u00b0) se intenda prendere provvedimenti per migliorare l\u2019indennit\u00e0 di riserva (articolo 48 della legge sullo stato degli ufficiali, n. 369, del 9 maggio 1940), agli ufficiali collocati in tale posizione: miglioramento attuato in favore di tutti i salariati, in dipendenza della diminuita capacit\u00e0 di acquisto della moneta;<\/p><p>2\u00b0) se, qualora il miglioramento non sia stato effettuato per mancata assegnazione di fondi da parte del Ministro del tesoro, come il Ministro della guerra accennava sette mesi fa nella risposta ad una precedente analoga interrogazione, non ritenga doveroso (per la tutela che ogni Ministero deve avere per i propri amministrati), di indurre l\u2019anzidetto Ministro del tesoro a rompere il suo tenace ed inesplicabile silenzio, che suona offesa a numerosi ufficiali che servirono fedelmente ed a lungo la Patria in pace e in guerra. (<em>L\u2019interrogante chiede la risposta scritta<\/em>).<\/p><p>\u00abPerugi\u00bb.<\/p><p>\u00abI sottoscritti chiedono di interrogare il Ministro del lavoro e della previdenza sociale, per sapere se non ritenga necessario, al fine di eliminare un trattamento iniquo nei confronti dei piccoli agricoltori conduttori diretti nel campo dei contributi unificati in agricoltura, di portare allo studio la riforma della legge attuale che regola questa materia, modifica intesa nel senso che i contributi unificati non siano pi\u00f9 corrisposti dagli agricoltori in base all\u2019ettaro-coltura, ma sulla effettiva occupazione di mano d\u2019opera extra-familiare.<\/p><p>\u00ab\u00c8 noto infatti che il sistema dell\u2019ettaro-coltura, se pu\u00f2 essere gradito per i grandi agricoltori, non pu\u00f2 pi\u00f9 essere sopportato dai piccoli perch\u00e9, non impiegando essi lavoratori avventizi o salariati al di fuori del proprio nucleo familiare, si prodigano nei campi a seconda della stagione e dell\u2019urgenza dei lavori.<\/p><p>\u00abCade quindi con ci\u00f2 il dato tecnico dell\u2019ettaro-coltura nei riguardi della conduzione del terreno.<\/p><p>\u00abLa cura e la custodia del bestiame \u00e8 per i piccoli agricoltori conduttori diretti un lavoro sempre compiuto extra orario (al mattino presto e a sera molto inoltrata) affinch\u00e9 non vengano distolti i membri della famiglia dai lavori dei campi.<\/p><p>\u00abCon il sistema dell\u2019ettaro-coltura si vengono a colpire cos\u00ec molte aziende che, pur non collocando nessun lavoratore durante la intera annata, sono assoggettate a pagare contributi per lavoratori ipotetici aggiudicati loro dopo le detrazioni di legge delle giornate lavorative concesse ai conduttori diretti.<\/p><p>\u00ab\u00c8 per questo che queste aziende chiedono che venga applicata loro non la legge dell\u2019ettaro-coltura ma quella della reale occupazione di mano d\u2019opera. In questo modo ogni azienda, sia grossa sia piccina, pagher\u00e0 effettivamente il contributo che le compete. (<em>Gli interroganti chiedono la risposta scritta<\/em>).<\/p><p>\u00abBertola, Pastore Giulio\u00bb.<\/p><p>\u00abIl sottoscritto chiede di interrogare i Ministri dell\u2019interno, delle finanze e del tesoro, per conoscere i motivi che hanno consigliato la formulazione degli articoli 3 e 4 del decreto legislativo 13 dicembre 1946, n. 531, compiendosi con ci\u00f2 un grave atto di ingiustizia che colpisce solo i dipendenti degli Enti locali.<\/p><p>\u00abGli articoli 3 e 4 tolgono a questi impiegati modesti benefici economici goduti spesso da molti anni ed acquisiti in dipendenza di precise norme di regolamenti e di organici, benefici per\u00f2 che vengono invece conservati ai dipendenti dello Stato.<\/p><p>\u00abPer conoscere anche quali provvedimenti si intenda di emanare per sanare la determinazione presa che ha apportato, in questi gravi momenti, una diminuzione di retribuzione ad una benemerita categoria di lavoratori, che, pur vivendo nelle stesse sedi, specialmente nei grandi Comuni, sembra non abbiano, secondo l\u2019ingiusto provvedimento, le stesse esigenze degli impiegati dello Stato.<\/p><p>\u00abSi aggiunge che in molti Comuni, Provincie od Enti, dove sono comandati impiegati statali, a questi vengono corrisposti, a carico dei bilanci degli Enti, quegli assegni che sono stati invece tolti e negati ai dipendenti degli Enti stessi. (<em>L\u2019interrogante chiede la risposta scritta<\/em>).<\/p><p>\u00abDi Fausto\u00bb.<\/p><p>\u00abIl sottoscritto chiede d\u2019interrogare il Ministro della difesa, per conoscere i motivi per cui non sono stati fatti pervenire regolarmente ai relativi Distretti militari i nulla osta di discriminazione per i militari che dopo l\u2019armistizio sono stati soggetti ad interrogatori, e poi discriminati.<\/p><p>\u00abData l\u2019obbligatoriet\u00e0 della presentazione di detto documento per qualsiasi assunzione, si ritiene doveroso, verso chi ha sacrificato anni al servizio della Patria, regolarizzare al pi\u00f9 presto questa situazione. (<em>L\u2019interrogante chiede la risposta scritta<\/em>).<\/p><p>\u00abMazza\u00bb.<\/p><p>\u00abIl sottoscritto chiede d\u2019interrogare il Presidente del Consiglio dei Ministri, per conoscere i motivi per cui non si \u00e8 provveduto alle assegnazioni delle borse di studio che i reduci universitari vincitori del concorso bandito dal Ministero dell\u2019assistenza post-bellica hanno regolarmente vinto dopo la compilazione delle graduatorie e la proclamazione dei vincitori.<\/p><p>\u00abSi chiede di provvedere con urgenza anche perch\u00e9 la quasi totalit\u00e0 dei vincitori versa in condizioni economiche disastrose e non \u00e8 in condizioni di continuare gli studi. (<em>L\u2019interrogante chiede la risposta scritta<\/em>).<\/p><p>\u00abMazza\u00bb.<\/p><p>\u00abIl sottoscritto chiede d\u2019interrogare il Ministro della pubblica istruzione, per sapere se intenda stabilire a favore dei geometri la ammissibilit\u00e0 ai corsi universitari della Facolt\u00e0 di agraria. (<em>L\u2019interrogante chiede la risposta scritta<\/em>).<\/p><p>\u00abDi Gloria\u00bb.<\/p><p>\u00abIl sottoscritto chiede di interrogare i Ministri dei lavori pubblici e dell\u2019agricoltura e foreste, per sapere se siano state accertate le cause per le quali i lavori predisposti dal Genio civile non valsero ad impedire che a brevissima distanza di tempo si rinnovasse nella medesima localit\u00e0 la rottura dell\u2019argine del canale Bisatto, con il conseguente allagamento di una superficie molto estesa di terreno nei comuni di Lozzo Atestino e V\u00f2 Euganeo (Padova), dove le campagne e le colture subirono gravissimi danni.<\/p><p>\u00abL\u2019interrogante chiede inoltre se i Ministeri competenti intendano predisporre di urgenza in quella zona una radicale sistemazione idraulica atta a eliminare per sempre la minaccia di nuovi sinistri del genere e quali provvidenze saranno prese allo scopo di alleviare i gravi danni economici subiti dagli agricoltori nei due allagamenti succedutisi nella corrente stagione. (<em>L\u2019interrogante chiede la risposta scritta<\/em>).<\/p><p>\u00abGuariento\u00bb.<\/p><p>\u00abIl sottoscritto chiede d\u2019interrogare il Ministro delle finanze, per conoscere a quale criterio si sia ispirata l\u2019Amministrazione dei monopoli di Stato nel fissare i prezzi da corrispondere ai produttori di tabacco d\u2019Abruzzo, in confronto di quelli stabiliti per i produttori del Lazio e di altre Regioni.<\/p><p>\u00abRisulta, infatti, dalla circolare 9 agosto 1946, n. 1-6221, servizio I, che per la variet\u00e0 \u00abPerustitza\u00bb il prezzo relativo per la produzione abruzzese \u00e8 stato fissato in lire 68.000 al quintale, l\u00e0 dove per il Lazio \u00e8 di lire 75.000; il che importa una maggiorazione a favore dei produttori laziali di lire 7.000, corrispondente a circa un decimo del prezzo globale.<\/p><p>\u00abTale inesplicabile disparit\u00e0 \u00e8 accresciuta dal fatto che, mentre \u00e8 consentito alla commissione di perizia di variare il prezzo, a seconda della qualit\u00e0 intrinseca del tabacco, dall\u20191 al 20 per cento, per la variet\u00e0 \u00abIaka\u00bb nel compartimento di Lecce e per quella \u00abPerustitza\u00bb nel Lazio, tale facolt\u00e0 \u00e8 limitata dall\u20191 al 10 per cento, per le stesse variet\u00e0 prodotte in altre regioni, tra le quali \u00e8 da annoverare l\u2019Abruzzo. Il che danneggia i produttori abruzzesi, in quanto la variet\u00e0 \u00abPerustitza\u00bb e quella similare \u00abOva\u00bb rappresentano circa l\u201980 per cento delle variet\u00e0 da essi prodotte.<\/p><p>\u00ab\u00c8 opportuno rilevare che, per le vicende belliche, che hanno funestato le zone particolarmente produttrici di tabacco in Abruzzo, i costi di produzione debbono ritenersi equiparati a quelli delle altre regioni, poich\u00e9 \u2013 dopo sette mesi di devastazione che distrussero innumeri case coloniche, l\u2019uccisione di bestiame, la distruzione di alberature, vigneti, masserizie \u2013 ne \u00e8 derivata anche la perdita di ogni attrezzatura utile alla coltura del tabacco (telaini, tavolame per semenzai, ecc.).<\/p><p>\u00abPertanto, giustizia avrebbe voluto che, se quote preferenziali si fossero dovute stabilire, esse in nessun caso avrebbero dovuto escludere la produzione di tabacco abruzzese, che investe l\u2019attivit\u00e0 di oltre 10.000 coltivatori, disseminati nelle provincie di Chieti, Pescara e Teramo, e che producono in 54 comuni per la A.T.I., in 30 per la \u00abBuccolini\u00bb di Pescara, in 22 per la S.A.L.T.O. di Vasto, e per altre numerose ditte in comuni minori.<\/p><p>\u00abN\u00e9 sarebbe possibile obbiettare, a giustificazione della lamentata differenza di prezzo, la diversit\u00e0 del tabacco prodotto in Abruzzo, in confronto a quello leccese o laziale, essendo a tutti noto che l\u2019Azienda tabacchi italiani \u2013 che \u00e8 la maggiore concessionaria nella nostra regione \u2013 esporta il nostro prodotto nelle Americhe, in concorrenza alle ditte concessionarie del Leccese, in quanto gli acquirenti stranieri preferiscono il tabacco di Abruzzo.<\/p><p>\u00abAlla stregua di tali rilievi si confida che codesto Ministero sottoponga a revisione i prezzi stabiliti dalla suaccennata circolare, adeguandoli in misura uniforme cos\u00ec per i produttori di Abruzzo, come per quelli del Lazio e del Leccese. (<em>L\u2019interrogante chiede la risposta Scritta<\/em>).<\/p><p>\u00abLopardi\u00bb.<\/p><p>\u00abIl sottoscritto chiede d\u2019interrogare il Ministro della pubblica istruzione, per conoscere quali provvedimenti ritiene equo adottare, per assicurare un pi\u00f9 umano trattamento ai benemeriti istitutori assistenti del Convitto nazionale \u00abDamiano Chiesa\u00bb di Bolzano. Abbandonati senza riconoscimento giuridico, con uno stipendio mensile \u2013 dicesi mensile \u2013 di circa millecinquecento lire, essi non sono considerati n\u00e9 statali, n\u00e9 avventizi, n\u00e9 lavoratori a giornata. (<em>L\u2019interrogante chiede la risposta scritta<\/em>).<\/p><p>\u00abGhidetti\u00bb.<\/p><p>\u00abII sottoscritto chiede d\u2019interrogare il Ministro della difesa, per conoscere le ragioni che si oppongono al saldo dei risparmi fatti dagli ex prigionieri militari addetti a lavoro retribuito in Inghilterra, autorizzato dal Ministero del tesoro con nota 176733 sin dal 31 dicembre 1946. (<em>L\u2019interrogante chiede la risposta scritta<\/em>).<\/p><p>\u00abPiemonte\u00bb.<\/p><p>\u00abIl sottoscritto chiede di interrogare il Governo, per sapere se siano state sottoposte a rigoroso esame le notizie recate a pi\u00f9 riprese da connazionali e stranieri, e divulgate anche ultimamente dalla stampa quotidiana, sulla presenza di italiani ancora trattenuti come prigionieri di guerra in Russia e come prigionieri o internati civili in Jugoslavia; e per avere la certezza che nulla di quanto \u00e8 umanamente possibile viene trascurato dall\u2019Italia per fare luce su questo argomento dolorosissimo e ottenere che i suoi figli le siano restituiti. (<em>L\u2019interrogante chiede la risposta scritta<\/em>).<\/p><p>\u00abGortani\u00bb.<\/p><p>\u00abIl sottoscritto chiede d\u2019interrogare il Ministro della difesa, per sapere se non ritenga urgente sollecitare il pagamento delle indennit\u00e0 di requisizione e dei danni sub\u00ecti dai proprietari della zona di Barcellona Pozzo di Gotto, dove fu costruito un campo di aviazione per le truppe anglo-americane, nel 1943. (<em>L\u2019interrogante chiede la risposta scritta<\/em>).<\/p><p>\u00abBasile\u00bb.<\/p><p>\u00abIl sottoscritto chiede d\u2019interrogare il Ministro dell\u2019interno, per conoscere i motivi per i quali nelle Amministrazioni pubbliche dell\u2019Emilia e Romagna (Provincie, Comuni ed Opere Pie), nei confronti di moltissimi ex dipendenti, regolarmente discriminati con le formule pi\u00f9 ampie, e tra i quali parecchi reduci e combattenti della guerra di liberazione, non vengono applicate le norme vigenti contenute nel decreto legislativo luogotenenziale 26 marzo 1946, n. 138, che sanciscono l\u2019obbligo per le Amministrazioni suddette di riassumere i reduci con il pagamento integrale degli assegni arretrati secondo gli articoli 134 e seguenti del suddetto decreto. (<em>L\u2019interrogante chiede la risposta scritta<\/em>).<\/p><p>\u00abSelvaggi\u00bb.<\/p><p>\u00abIl sottoscritto chiede d\u2019interrogare il Ministro dell\u2019industria e del commercio, per sapere se e come s\u2019intenda provvedere a che le Camere di commercio, industria ed agricoltura possano finalmente addivenire alla elezione degli organi camerali, soddisfacendo le vive aspirazioni dei ceti economici interessati e ponendo termine ad uno stato di cose che da troppo lungo tempo contraddice alle esigenze pi\u00f9 elementari di un regime democratico. (<em>L\u2019interrogante chiede la risposta scritta<\/em>).<\/p><p>\u00abCoppi\u00bb.<\/p><p>\u00abIl sottoscritto chiede d\u2019interrogare il Ministro di grazia e giustizia, per sapere se non creda affrettare i lavori di scrutinio del concorso notarile, chiuso da oltre un anno e di cui non \u00e8 previsto l\u2019esito se non tra parecchi mesi, con grave iattura dell\u2019interesse pubblico per la vacanza delle sedi notarili e con evidente disagio dei concorrenti. (<em>L\u2019interrogante chiede la risposta scritta<\/em>).<\/p><p>\u00abBertini\u00bb.<\/p><p>\u00abIl sottoscritto chiede d\u2019interrogare il Ministro del tesoro, sulle effettive ragioni per le quali non \u00e8 stato approvato il decreto di omologazione del nuovo regolamento organico del comune di Messina. (<em>L\u2019interrogante chiede la risposta scritta<\/em>).<\/p><p>\u00abMartino Gaetano\u00bb.<\/p><p>II sottoscritto chiede d\u2019interrogare il Ministro dell\u2019agricoltura e delle foreste, per sapere se intende dare opportune e tempestive disposizioni perch\u00e9 venga fin d\u2019ora stabilito, e reso noto agli agricoltori, che, per la prossima campagna di produzione granaria 1947-1948, all\u2019attuale sistema degli ammassi totalitari, sar\u00e0 sostituito quello pi\u00f9 logico e pi\u00f9 utile economicamente degli ammassi per contingente. (<em>L\u2019interrogante chiede la risposta scritta<\/em>).<\/p><p>\u00abPersico\u00bb.<\/p><p>\u00abIl sottoscritto chiede d\u2019interrogare il Ministro dei trasporti, per sapere se \u00e8 possibile accelerare l\u2019inizio della costruzione della ferrovia elettrica a scartamento ridotto Napoli-Aversa, che, diramandosi dall\u2019attuale linea Napoli-Nola-Baiano, toccherebbe i comuni di Afragola, Caivano, Frattamaggiore, Grumo, S. Antimo, Cesa ed Aversa. L\u2019attuazione di tale linea ferroviaria, gi\u00e0 progettata dalla Societ\u00e0 strade ferrate secondarie meridionali, sarebbe di vitale importanza per lo sviluppo economico di una importantissima zona agricola che ha eccezionali possibilit\u00e0 produttive, con vantaggio non solo della popolazione interessata, ma dell\u2019intera Nazione. (<em>L\u2019interrogante chiede la risposta scritta<\/em>).<\/p><p>\u00abPersico\u00bb.<\/p><p>\u00abIl sottoscritto chiede d\u2019interrogare il Ministro dei trasporti per sapere se non intenda dare al pi\u00f9 presto opportune disposizioni per provvedere di decenti vetture la linea ferroviaria Roma-Napoli (via Cassino), sulla quale, oltre a poche vetture di terza, si agganciano pel servizio viaggiatori dei veri e propri carri bestiame. (<em>L\u2019interrogante chiede la risposta scritta<\/em>).<\/p><p>\u00abPersico\u00bb.<\/p><p>\u00abIl sottoscritto chiede d\u2019interrogare il Ministro dei lavori pubblici, per conoscere per quali ragioni non si siano ancora iniziati i lavori di costruzione del ponte sul Volturno, ove ora si trova la scafa di Caiazzo (Caserta), che \u00e8 reclamato urgentemente dalle popolazioni dell\u2019Alifano per ricollegarsi col capoluogo della Provincia.<\/p><p>\u00abAd analoga interrogazione ebbe a rispondere favorevolmente il Ministro dell\u2019epoca fin dal 27 settembre 1946, e recentemente la Camera di commercio, industria e agricoltura di Caserta ha fatto pervenire un voto al Ministero perch\u00e9 si provveda nel minor tempo possibile. (<em>L\u2019interrogante chiede la risposta scritta<\/em>).<\/p><p>\u00abPersico\u00bb.<\/p><p>\u00abIl sottoscritto chiede d\u2019interrogare il Ministro della difesa, per sapere quando sar\u00e0 risolta definitivamente l\u2019annosa questione del ritorno dell\u2019Accademia aeronautica alla sua storica sede di Caserta, soddisfacendo all\u2019ardente desiderio di quella nobilissima citt\u00e0. Ci\u00f2 in aderenza a quanto ebbe ad assicurare, in risposta ad analoga interrogazione, fin dal 20 agosto 1946, l\u2019allora Ministro dell\u2019aeronautica ed attualmente della difesa. (<em>L\u2019interrogante chiede la risposta scritta<\/em>).<\/p><p>\u00abPersico\u00bb.<\/p><p>\u00abIl sottoscritto chiede d\u2019interrogare il Ministro delle finanze, per sapere se intende ripristinare al pi\u00f9 presto l\u2019Ufficio del registro e bollo a Trentola (Caserta), soddisfacendo ai bisogni della popolazione della zona, riparando una ingiustizia commessa dal Governo fascista e sopra tutto rendendo pi\u00f9 difficili le evasioni e meno sproporzionate le applicazioni di tasse. (<em>L\u2019interrogante chiede la risposta scritta<\/em>).<\/p><p>\u00abPersico\u00bb.<\/p><p>\u00abI sottoscritti chiedono,di interrogare il Ministro dei trasporti, per sapere:<\/p><ol><li><em>a<\/em>) se non ritenga di assoluta necessit\u00e0 e della massima urgenza sollecitare la ricostruzione, anche in muratura o cemento armato, qualora non vi sia sufficiente disponibilit\u00e0 di prodotti ferrosi, del ponte sul fiume Magra, sulla linea Parma-Spezia, tra le stazioni di Verrano Ligure e Santo Stefano, al fine di evitare l\u2019attuale obbligato ed antieconomico allungamento di percorso, via Sarrana, che gravemente ostacola non solo il movimento del traffico merci e passeggeri, ma anche la normale ripresa della funzionalit\u00e0 del porto mercantile della citt\u00e0 di Spezia;<\/li><li><em>b<\/em>) se allo stesso fine non ritenga altrettanto urgente e necessario procedere al totale ripristino della trazione elettrica della linea stessa sollecitandone i lavori di riattivazione gi\u00e0 in corso;<\/li><li><em>c<\/em>) se non riconosca altres\u00ec l\u2019opportunit\u00e0 e l\u2019utilit\u00e0 di studiare ed attuare lavori di raddoppiamento del binario di corsa, ove possibile, nonch\u00e9 l\u2019adozione degli accorgimenti tecnici ritenuti idonei allo snellimento del traffico sull\u2019intera linea in oggetto, anche in considerazione del sempre crescente sviluppo di scambi e di attivit\u00e0 commerciali tra i due grandi centri di Parma e Spezia cui essa fa capo. (<em>Gli interroganti chiedono la risposta scritta<\/em>).<\/li><\/ol><p>\u00abGuerrieri Filippo, Gotelli Angela\u00bb.<\/p><p>\u00abIl sottoscritto chiede d\u2019interrogare il Ministro delle finanze, per sapere se non sia opportuno venire incontro alle legittime richieste degli agricoltori della provincia di Caserta, i quali si trovano per speciali condizioni nella assoluta impossibilit\u00e0 di versare il riscatto dell\u2019imposta ordinaria sul patrimonio nei termini fissati, ratizzando in 24 rate anzich\u00e9 in 10 il pagamento stesso. (<em>L\u2019interrogante chiede la risposta scritta<\/em>).<\/p><p>\u00abPersico\u00bb.<\/p><p>PRESIDENTE. Le interrogazioni test\u00e9 lette saranno iscritte all\u2019ordine del giorno e svolte al loro turno, trasmettendosi ai Ministri competenti quelle per le quali si chiede la risposta scritta.<\/p><p>La seduta termina alle 18.5.<\/p><p>Ordine del giorno per le sedute di domani.<\/p><p>Alle ore 10:<\/p><p>Seguito della discussione del progetto di Costituzione della Repubblica italiana.<\/p><p>Alle ore 16:<\/p><p>Discussione sulle comunicazioni del Governo.<\/p>\t\t\t\t\t\t\t\t<\/div>\n\t\t\t\t<\/div>\n\t\t\t\t\t<\/div>\n\t\t<\/div>\n\t\t\t\t\t<\/div>\n\t\t<\/section>\n\t\t\t\t<\/div>\n\t\t","protected":false},"excerpt":{"rendered":"<p>Versione PDF ASSEMBLEA COSTITUENTE CXLII. SEDUTA DI LUNED\u00cc 9 GIUGNO 1947 PRESIDENZA DEL PRESIDENTE TERRACINI INDICE Congedo: Presidente\u00a0\u00a0\u00a0\u00a0\u00a0\u00a0\u00a0\u00a0\u00a0\u00a0\u00a0\u00a0\u00a0\u00a0\u00a0\u00a0\u00a0\u00a0\u00a0\u00a0\u00a0\u00a0\u00a0\u00a0\u00a0\u00a0\u00a0\u00a0\u00a0\u00a0\u00a0\u00a0\u00a0\u00a0\u00a0\u00a0\u00a0\u00a0\u00a0\u00a0\u00a0\u00a0\u00a0\u00a0\u00a0\u00a0\u00a0\u00a0\u00a0\u00a0\u00a0\u00a0\u00a0\u00a0\u00a0\u00a0\u00a0\u00a0\u00a0\u00a0\u00a0\u00a0\u00a0\u00a0\u00a0\u00a0\u00a0\u00a0\u00a0\u00a0\u00a0\u00a0\u00a0\u00a0\u00a0\u00a0\u00a0\u00a0\u00a0\u00a0\u00a0\u00a0\u00a0\u00a0\u00a0\u00a0\u00a0\u00a0\u00a0\u00a0\u00a0\u00a0\u00a0\u00a0\u00a0\u00a0\u00a0\u00a0\u00a0\u00a0\u00a0\u00a0\u00a0\u00a0 Costituzione del Gabinetto: De Gasperi, Presidente del Consiglio dei Ministri\u00a0\u00a0\u00a0\u00a0\u00a0\u00a0\u00a0\u00a0\u00a0\u00a0\u00a0\u00a0\u00a0\u00a0\u00a0\u00a0\u00a0\u00a0\u00a0\u00a0\u00a0\u00a0\u00a0\u00a0\u00a0\u00a0\u00a0\u00a0\u00a0\u00a0\u00a0\u00a0\u00a0\u00a0\u00a0\u00a0\u00a0\u00a0\u00a0\u00a0\u00a0\u00a0\u00a0\u00a0\u00a0\u00a0\u00a0\u00a0 Commemorazione dei fratelli Carlo e Nello Rosselli: Calamandrei\u00a0\u00a0\u00a0\u00a0\u00a0\u00a0\u00a0\u00a0\u00a0\u00a0\u00a0\u00a0\u00a0\u00a0\u00a0\u00a0\u00a0\u00a0\u00a0\u00a0\u00a0\u00a0\u00a0\u00a0\u00a0\u00a0\u00a0\u00a0\u00a0\u00a0\u00a0\u00a0\u00a0\u00a0\u00a0\u00a0\u00a0\u00a0\u00a0\u00a0\u00a0\u00a0\u00a0\u00a0\u00a0\u00a0\u00a0\u00a0\u00a0\u00a0\u00a0\u00a0\u00a0\u00a0\u00a0\u00a0\u00a0\u00a0\u00a0\u00a0\u00a0\u00a0\u00a0\u00a0\u00a0\u00a0\u00a0\u00a0\u00a0\u00a0\u00a0\u00a0\u00a0\u00a0\u00a0\u00a0\u00a0\u00a0\u00a0\u00a0\u00a0\u00a0\u00a0\u00a0\u00a0\u00a0\u00a0\u00a0\u00a0\u00a0\u00a0\u00a0\u00a0\u00a0\u00a0\u00a0\u00a0\u00a0\u00a0 Cevolotto\u00a0\u00a0\u00a0\u00a0\u00a0\u00a0\u00a0\u00a0\u00a0\u00a0\u00a0\u00a0\u00a0\u00a0\u00a0\u00a0\u00a0\u00a0\u00a0\u00a0\u00a0\u00a0\u00a0\u00a0\u00a0\u00a0\u00a0\u00a0\u00a0\u00a0\u00a0\u00a0\u00a0\u00a0\u00a0\u00a0\u00a0\u00a0\u00a0\u00a0\u00a0\u00a0\u00a0\u00a0\u00a0\u00a0\u00a0\u00a0\u00a0\u00a0\u00a0\u00a0\u00a0\u00a0\u00a0\u00a0\u00a0\u00a0\u00a0\u00a0\u00a0\u00a0\u00a0\u00a0\u00a0\u00a0\u00a0\u00a0\u00a0\u00a0\u00a0\u00a0\u00a0\u00a0\u00a0\u00a0\u00a0\u00a0\u00a0\u00a0\u00a0\u00a0\u00a0\u00a0\u00a0\u00a0\u00a0\u00a0\u00a0\u00a0\u00a0\u00a0\u00a0\u00a0\u00a0\u00a0\u00a0\u00a0\u00a0\u00a0\u00a0\u00a0\u00a0\u00a0 Giua\u00a0\u00a0\u00a0\u00a0\u00a0\u00a0\u00a0\u00a0\u00a0\u00a0\u00a0\u00a0\u00a0\u00a0\u00a0\u00a0\u00a0\u00a0\u00a0\u00a0\u00a0\u00a0\u00a0\u00a0\u00a0\u00a0\u00a0\u00a0\u00a0\u00a0\u00a0\u00a0\u00a0\u00a0\u00a0\u00a0\u00a0\u00a0\u00a0\u00a0\u00a0\u00a0\u00a0\u00a0\u00a0\u00a0\u00a0\u00a0\u00a0\u00a0\u00a0\u00a0\u00a0\u00a0\u00a0\u00a0\u00a0\u00a0\u00a0\u00a0\u00a0\u00a0\u00a0\u00a0\u00a0\u00a0\u00a0\u00a0\u00a0\u00a0\u00a0\u00a0\u00a0\u00a0\u00a0\u00a0\u00a0\u00a0\u00a0\u00a0\u00a0\u00a0\u00a0\u00a0\u00a0\u00a0\u00a0\u00a0\u00a0\u00a0\u00a0\u00a0\u00a0\u00a0\u00a0\u00a0\u00a0\u00a0\u00a0\u00a0\u00a0\u00a0\u00a0\u00a0\u00a0\u00a0\u00a0\u00a0\u00a0\u00a0\u00a0\u00a0\u00a0\u00a0 Maffi\u00a0\u00a0\u00a0\u00a0\u00a0\u00a0\u00a0\u00a0\u00a0\u00a0\u00a0\u00a0\u00a0\u00a0\u00a0\u00a0\u00a0\u00a0\u00a0\u00a0\u00a0\u00a0\u00a0\u00a0\u00a0\u00a0\u00a0\u00a0\u00a0\u00a0\u00a0\u00a0\u00a0\u00a0\u00a0\u00a0\u00a0\u00a0\u00a0\u00a0\u00a0\u00a0\u00a0\u00a0\u00a0\u00a0\u00a0\u00a0\u00a0\u00a0\u00a0\u00a0\u00a0\u00a0\u00a0\u00a0\u00a0\u00a0\u00a0\u00a0\u00a0\u00a0\u00a0\u00a0\u00a0\u00a0\u00a0\u00a0\u00a0\u00a0\u00a0\u00a0\u00a0\u00a0\u00a0\u00a0\u00a0\u00a0\u00a0\u00a0\u00a0\u00a0\u00a0\u00a0\u00a0\u00a0\u00a0\u00a0\u00a0\u00a0\u00a0\u00a0\u00a0\u00a0\u00a0\u00a0\u00a0\u00a0\u00a0\u00a0\u00a0\u00a0\u00a0\u00a0\u00a0\u00a0\u00a0\u00a0\u00a0\u00a0\u00a0\u00a0 Macrelli\u00a0\u00a0\u00a0\u00a0\u00a0\u00a0\u00a0\u00a0\u00a0\u00a0\u00a0\u00a0\u00a0\u00a0\u00a0\u00a0\u00a0\u00a0\u00a0\u00a0\u00a0\u00a0\u00a0\u00a0\u00a0\u00a0\u00a0\u00a0\u00a0\u00a0\u00a0\u00a0\u00a0\u00a0\u00a0\u00a0\u00a0\u00a0\u00a0\u00a0\u00a0\u00a0\u00a0\u00a0\u00a0\u00a0\u00a0\u00a0\u00a0\u00a0\u00a0\u00a0\u00a0\u00a0\u00a0\u00a0\u00a0\u00a0\u00a0\u00a0\u00a0\u00a0\u00a0\u00a0\u00a0\u00a0\u00a0\u00a0\u00a0\u00a0\u00a0\u00a0\u00a0\u00a0\u00a0\u00a0\u00a0\u00a0\u00a0\u00a0\u00a0\u00a0\u00a0\u00a0\u00a0\u00a0\u00a0\u00a0\u00a0\u00a0\u00a0\u00a0\u00a0\u00a0\u00a0\u00a0\u00a0\u00a0\u00a0\u00a0\u00a0\u00a0\u00a0\u00a0\u00a0\u00a0 Tumminelli\u00a0\u00a0\u00a0\u00a0\u00a0\u00a0\u00a0\u00a0\u00a0\u00a0\u00a0\u00a0\u00a0\u00a0\u00a0\u00a0\u00a0\u00a0\u00a0\u00a0\u00a0\u00a0\u00a0\u00a0\u00a0\u00a0\u00a0\u00a0\u00a0\u00a0\u00a0\u00a0\u00a0\u00a0\u00a0\u00a0\u00a0\u00a0\u00a0\u00a0\u00a0\u00a0\u00a0\u00a0\u00a0\u00a0\u00a0\u00a0\u00a0\u00a0\u00a0\u00a0\u00a0\u00a0\u00a0\u00a0\u00a0\u00a0\u00a0\u00a0\u00a0\u00a0\u00a0\u00a0\u00a0\u00a0\u00a0\u00a0\u00a0\u00a0\u00a0\u00a0\u00a0\u00a0\u00a0\u00a0\u00a0\u00a0\u00a0\u00a0\u00a0\u00a0\u00a0\u00a0\u00a0\u00a0\u00a0\u00a0\u00a0\u00a0\u00a0\u00a0\u00a0\u00a0\u00a0\u00a0\u00a0\u00a0\u00a0\u00a0\u00a0\u00a0\u00a0 Corbino\u00a0\u00a0\u00a0\u00a0\u00a0\u00a0\u00a0\u00a0\u00a0\u00a0\u00a0\u00a0\u00a0\u00a0\u00a0\u00a0\u00a0\u00a0\u00a0\u00a0\u00a0\u00a0\u00a0\u00a0\u00a0\u00a0\u00a0\u00a0\u00a0\u00a0\u00a0\u00a0\u00a0\u00a0\u00a0\u00a0\u00a0\u00a0\u00a0\u00a0\u00a0\u00a0\u00a0\u00a0\u00a0\u00a0\u00a0\u00a0\u00a0\u00a0\u00a0\u00a0\u00a0\u00a0\u00a0\u00a0\u00a0\u00a0\u00a0\u00a0\u00a0\u00a0\u00a0\u00a0\u00a0\u00a0\u00a0\u00a0\u00a0\u00a0\u00a0\u00a0\u00a0\u00a0\u00a0\u00a0\u00a0\u00a0\u00a0\u00a0\u00a0\u00a0\u00a0\u00a0\u00a0\u00a0\u00a0\u00a0\u00a0\u00a0\u00a0\u00a0\u00a0\u00a0\u00a0\u00a0\u00a0\u00a0\u00a0\u00a0\u00a0\u00a0\u00a0\u00a0\u00a0\u00a0\u00a0\u00a0 Gronchi\u00a0\u00a0\u00a0\u00a0\u00a0\u00a0\u00a0\u00a0\u00a0\u00a0\u00a0\u00a0\u00a0\u00a0\u00a0\u00a0\u00a0\u00a0\u00a0\u00a0\u00a0\u00a0\u00a0\u00a0\u00a0\u00a0\u00a0\u00a0\u00a0\u00a0\u00a0\u00a0\u00a0\u00a0\u00a0\u00a0\u00a0\u00a0\u00a0\u00a0\u00a0\u00a0\u00a0\u00a0\u00a0\u00a0\u00a0\u00a0\u00a0\u00a0\u00a0\u00a0\u00a0\u00a0\u00a0\u00a0\u00a0\u00a0\u00a0\u00a0\u00a0\u00a0\u00a0\u00a0\u00a0\u00a0\u00a0\u00a0\u00a0\u00a0\u00a0\u00a0\u00a0\u00a0\u00a0\u00a0\u00a0\u00a0\u00a0\u00a0\u00a0\u00a0\u00a0\u00a0\u00a0\u00a0\u00a0\u00a0\u00a0\u00a0\u00a0\u00a0\u00a0\u00a0\u00a0\u00a0\u00a0\u00a0\u00a0\u00a0\u00a0\u00a0\u00a0\u00a0\u00a0\u00a0\u00a0\u00a0 Fietta\u00a0\u00a0\u00a0\u00a0\u00a0\u00a0\u00a0\u00a0\u00a0\u00a0\u00a0\u00a0\u00a0\u00a0\u00a0\u00a0\u00a0\u00a0\u00a0\u00a0\u00a0\u00a0\u00a0\u00a0\u00a0\u00a0\u00a0\u00a0\u00a0\u00a0\u00a0\u00a0\u00a0\u00a0\u00a0\u00a0\u00a0\u00a0\u00a0\u00a0\u00a0\u00a0\u00a0\u00a0\u00a0\u00a0\u00a0\u00a0\u00a0\u00a0\u00a0\u00a0\u00a0\u00a0\u00a0\u00a0\u00a0\u00a0\u00a0\u00a0\u00a0\u00a0\u00a0\u00a0\u00a0\u00a0\u00a0\u00a0\u00a0\u00a0\u00a0\u00a0\u00a0\u00a0\u00a0\u00a0\u00a0\u00a0\u00a0\u00a0\u00a0\u00a0\u00a0\u00a0\u00a0\u00a0\u00a0\u00a0\u00a0\u00a0\u00a0\u00a0\u00a0\u00a0\u00a0\u00a0\u00a0\u00a0\u00a0\u00a0\u00a0\u00a0\u00a0\u00a0\u00a0\u00a0\u00a0\u00a0\u00a0\u00a0\u00a0 Einaudi\u00a0\u00a0\u00a0\u00a0\u00a0\u00a0\u00a0\u00a0\u00a0\u00a0\u00a0\u00a0\u00a0\u00a0\u00a0\u00a0\u00a0\u00a0\u00a0\u00a0\u00a0\u00a0\u00a0\u00a0\u00a0\u00a0\u00a0\u00a0\u00a0\u00a0\u00a0\u00a0\u00a0\u00a0\u00a0\u00a0\u00a0\u00a0\u00a0\u00a0\u00a0\u00a0\u00a0\u00a0\u00a0\u00a0\u00a0\u00a0\u00a0\u00a0\u00a0\u00a0\u00a0\u00a0\u00a0\u00a0\u00a0\u00a0\u00a0\u00a0\u00a0\u00a0\u00a0\u00a0\u00a0\u00a0\u00a0\u00a0\u00a0\u00a0\u00a0\u00a0\u00a0\u00a0\u00a0\u00a0\u00a0\u00a0\u00a0\u00a0\u00a0\u00a0\u00a0\u00a0\u00a0\u00a0\u00a0\u00a0\u00a0\u00a0\u00a0\u00a0\u00a0\u00a0\u00a0\u00a0\u00a0\u00a0\u00a0\u00a0\u00a0\u00a0\u00a0\u00a0\u00a0\u00a0\u00a0\u00a0\u00a0 Bergamini\u00a0\u00a0\u00a0\u00a0\u00a0\u00a0\u00a0\u00a0\u00a0\u00a0\u00a0\u00a0\u00a0\u00a0\u00a0\u00a0\u00a0\u00a0\u00a0\u00a0\u00a0\u00a0\u00a0\u00a0\u00a0\u00a0\u00a0\u00a0\u00a0\u00a0\u00a0\u00a0\u00a0\u00a0\u00a0\u00a0\u00a0\u00a0\u00a0\u00a0\u00a0\u00a0\u00a0\u00a0\u00a0\u00a0\u00a0\u00a0\u00a0\u00a0\u00a0\u00a0\u00a0\u00a0\u00a0\u00a0\u00a0\u00a0\u00a0\u00a0\u00a0\u00a0\u00a0\u00a0\u00a0\u00a0\u00a0\u00a0\u00a0\u00a0\u00a0\u00a0\u00a0\u00a0\u00a0\u00a0\u00a0\u00a0\u00a0\u00a0\u00a0\u00a0\u00a0\u00a0\u00a0\u00a0\u00a0\u00a0\u00a0\u00a0\u00a0\u00a0\u00a0\u00a0\u00a0\u00a0\u00a0\u00a0\u00a0\u00a0\u00a0\u00a0\u00a0\u00a0\u00a0 De Gasperi, Presidente del Consiglio dei Ministri\u00a0\u00a0\u00a0\u00a0\u00a0\u00a0\u00a0\u00a0\u00a0\u00a0\u00a0\u00a0\u00a0\u00a0\u00a0\u00a0\u00a0\u00a0\u00a0\u00a0\u00a0\u00a0\u00a0\u00a0\u00a0\u00a0\u00a0\u00a0\u00a0\u00a0\u00a0\u00a0\u00a0\u00a0\u00a0\u00a0\u00a0\u00a0\u00a0\u00a0\u00a0\u00a0\u00a0\u00a0\u00a0\u00a0\u00a0\u00a0 Presidente\u00a0\u00a0\u00a0\u00a0\u00a0\u00a0\u00a0\u00a0\u00a0\u00a0\u00a0\u00a0\u00a0\u00a0\u00a0\u00a0\u00a0\u00a0\u00a0\u00a0\u00a0\u00a0\u00a0\u00a0\u00a0\u00a0\u00a0\u00a0\u00a0\u00a0\u00a0\u00a0\u00a0\u00a0\u00a0\u00a0\u00a0\u00a0\u00a0\u00a0\u00a0\u00a0\u00a0\u00a0\u00a0\u00a0\u00a0\u00a0\u00a0\u00a0\u00a0\u00a0\u00a0\u00a0\u00a0\u00a0\u00a0\u00a0\u00a0\u00a0\u00a0\u00a0\u00a0\u00a0\u00a0\u00a0\u00a0\u00a0\u00a0\u00a0\u00a0\u00a0\u00a0\u00a0\u00a0\u00a0\u00a0\u00a0\u00a0\u00a0\u00a0\u00a0\u00a0\u00a0\u00a0\u00a0\u00a0\u00a0\u00a0\u00a0\u00a0\u00a0\u00a0\u00a0\u00a0\u00a0\u00a0\u00a0\u00a0\u00a0\u00a0\u00a0\u00a0\u00a0 Dichiarazioni [&hellip;]<\/p>\n","protected":false},"author":1,"featured_media":0,"comment_status":"closed","ping_status":"closed","sticky":false,"template":"","format":"standard","meta":{"_relevanssi_hide_post":"","_relevanssi_hide_content":"","_relevanssi_pin_for_all":"","_relevanssi_pin_keywords":"","_relevanssi_unpin_keywords":"","_relevanssi_related_keywords":"","_relevanssi_related_include_ids":"","_relevanssi_related_exclude_ids":"","_relevanssi_related_no_append":"","_relevanssi_related_not_related":"","_relevanssi_related_posts":"2017,2042,2036,2175,1993,2364","_relevanssi_noindex_reason":"","_monsterinsights_skip_tracking":false,"_monsterinsights_sitenote_active":false,"_monsterinsights_sitenote_note":"","_monsterinsights_sitenote_category":0,"footnotes":""},"categories":[51,7],"tags":[],"post_folder":[50],"class_list":["post-1924","post","type-post","status-publish","format-standard","hentry","category-1947-06","category-assemblea"],"aioseo_notices":[],"_links":{"self":[{"href":"https:\/\/comenascelacostituzione.it\/index.php?rest_route=\/wp\/v2\/posts\/1924","targetHints":{"allow":["GET"]}}],"collection":[{"href":"https:\/\/comenascelacostituzione.it\/index.php?rest_route=\/wp\/v2\/posts"}],"about":[{"href":"https:\/\/comenascelacostituzione.it\/index.php?rest_route=\/wp\/v2\/types\/post"}],"author":[{"embeddable":true,"href":"https:\/\/comenascelacostituzione.it\/index.php?rest_route=\/wp\/v2\/users\/1"}],"replies":[{"embeddable":true,"href":"https:\/\/comenascelacostituzione.it\/index.php?rest_route=%2Fwp%2Fv2%2Fcomments&post=1924"}],"version-history":[{"count":5,"href":"https:\/\/comenascelacostituzione.it\/index.php?rest_route=\/wp\/v2\/posts\/1924\/revisions"}],"predecessor-version":[{"id":7021,"href":"https:\/\/comenascelacostituzione.it\/index.php?rest_route=\/wp\/v2\/posts\/1924\/revisions\/7021"}],"wp:attachment":[{"href":"https:\/\/comenascelacostituzione.it\/index.php?rest_route=%2Fwp%2Fv2%2Fmedia&parent=1924"}],"wp:term":[{"taxonomy":"category","embeddable":true,"href":"https:\/\/comenascelacostituzione.it\/index.php?rest_route=%2Fwp%2Fv2%2Fcategories&post=1924"},{"taxonomy":"post_tag","embeddable":true,"href":"https:\/\/comenascelacostituzione.it\/index.php?rest_route=%2Fwp%2Fv2%2Ftags&post=1924"},{"taxonomy":"post_folder","embeddable":true,"href":"https:\/\/comenascelacostituzione.it\/index.php?rest_route=%2Fwp%2Fv2%2Fpost_folder&post=1924"}],"curies":[{"name":"wp","href":"https:\/\/api.w.org\/{rel}","templated":true}]}}