{"id":1818,"date":"2023-09-10T15:31:56","date_gmt":"2023-09-10T13:31:56","guid":{"rendered":"https:\/\/comenascelacostituzione.it\/?p=1818"},"modified":"2023-10-22T00:40:40","modified_gmt":"2023-10-21T22:40:40","slug":"lunedi-28-aprile-1947","status":"publish","type":"post","link":"https:\/\/comenascelacostituzione.it\/?p=1818","title":{"rendered":"LUNED\u00cc 28 APRILE 1947"},"content":{"rendered":"\t\t<div data-elementor-type=\"wp-post\" data-elementor-id=\"1818\" class=\"elementor elementor-1818\" data-elementor-post-type=\"post\">\n\t\t\t\t\t\t<section class=\"elementor-section elementor-top-section elementor-element elementor-element-23361cb elementor-section-full_width elementor-section-height-default elementor-section-height-default\" data-id=\"23361cb\" data-element_type=\"section\">\n\t\t\t\t\t\t<div class=\"elementor-container elementor-column-gap-default\">\n\t\t\t\t\t<div class=\"elementor-column elementor-col-100 elementor-top-column elementor-element elementor-element-3244b9b\" data-id=\"3244b9b\" data-element_type=\"column\">\n\t\t\t<div class=\"elementor-widget-wrap elementor-element-populated\">\n\t\t\t\t\t\t<div class=\"elementor-element elementor-element-ed8217f elementor-align-right elementor-widget elementor-widget-button\" data-id=\"ed8217f\" data-element_type=\"widget\" data-widget_type=\"button.default\">\n\t\t\t\t<div class=\"elementor-widget-container\">\n\t\t\t\t\t\t\t\t\t<div class=\"elementor-button-wrapper\">\n\t\t\t\t\t<a class=\"elementor-button elementor-button-link elementor-size-sm\" href=\"https:\/\/comenascelacostituzione.it\/wp-content\/uploads\/2023\/09\/19470428_1.pdf\" target=\"_blank\">\n\t\t\t\t\t\t<span class=\"elementor-button-content-wrapper\">\n\t\t\t\t\t\t<span class=\"elementor-button-icon\">\n\t\t\t\t<i aria-hidden=\"true\" class=\"icon icon-view\"><\/i>\t\t\t<\/span>\n\t\t\t\t\t\t\t\t\t<span class=\"elementor-button-text\">Versione PDF<\/span>\n\t\t\t\t\t<\/span>\n\t\t\t\t\t<\/a>\n\t\t\t\t<\/div>\n\t\t\t\t\t\t\t\t<\/div>\n\t\t\t\t<\/div>\n\t\t\t\t<div class=\"elementor-element elementor-element-04b5c7b elementor-widget elementor-widget-text-editor\" data-id=\"04b5c7b\" data-element_type=\"widget\" data-widget_type=\"text-editor.default\">\n\t\t\t\t<div class=\"elementor-widget-container\">\n\t\t\t\t\t\t\t\t\t<p>ASSEMBLEA COSTITUENTE<\/p><p>CIV.<\/p><p>SEDUTA DI LUNED\u00cc 28 APRILE 1947<\/p><p>PRESIDENZA DEL PRESIDENTE <strong>TERRACINI<\/strong><\/p><p>indi<\/p><p>DEL VICEPRESIDENTE <strong>PECORARI<\/strong><\/p><p><strong>INDICE<\/strong><\/p><p><strong>Congedi:<\/strong><\/p><p>Presidente\u00a0\u00a0\u00a0\u00a0\u00a0\u00a0\u00a0\u00a0\u00a0\u00a0\u00a0\u00a0\u00a0\u00a0\u00a0\u00a0\u00a0\u00a0\u00a0\u00a0\u00a0\u00a0\u00a0\u00a0\u00a0\u00a0\u00a0\u00a0\u00a0\u00a0\u00a0\u00a0\u00a0\u00a0\u00a0\u00a0\u00a0\u00a0\u00a0\u00a0\u00a0\u00a0\u00a0\u00a0\u00a0\u00a0\u00a0\u00a0\u00a0\u00a0\u00a0\u00a0\u00a0\u00a0\u00a0\u00a0\u00a0\u00a0\u00a0\u00a0\u00a0\u00a0\u00a0\u00a0\u00a0\u00a0\u00a0\u00a0\u00a0\u00a0\u00a0\u00a0\u00a0\u00a0\u00a0\u00a0\u00a0\u00a0\u00a0\u00a0\u00a0\u00a0\u00a0\u00a0\u00a0\u00a0\u00a0\u00a0\u00a0\u00a0\u00a0\u00a0\u00a0\u00a0\u00a0\u00a0\u00a0\u00a0\u00a0\u00a0\u00a0\u00a0\u00a0\u00a0<\/p><p><strong>Ringraziamento del Capo dello Stato:<\/strong><\/p><p>Presidente\u00a0\u00a0\u00a0\u00a0\u00a0\u00a0\u00a0\u00a0\u00a0\u00a0\u00a0\u00a0\u00a0\u00a0\u00a0\u00a0\u00a0\u00a0\u00a0\u00a0\u00a0\u00a0\u00a0\u00a0\u00a0\u00a0\u00a0\u00a0\u00a0\u00a0\u00a0\u00a0\u00a0\u00a0\u00a0\u00a0\u00a0\u00a0\u00a0\u00a0\u00a0\u00a0\u00a0\u00a0\u00a0\u00a0\u00a0\u00a0\u00a0\u00a0\u00a0\u00a0\u00a0\u00a0\u00a0\u00a0\u00a0\u00a0\u00a0\u00a0\u00a0\u00a0\u00a0\u00a0\u00a0\u00a0\u00a0\u00a0\u00a0\u00a0\u00a0\u00a0\u00a0\u00a0\u00a0\u00a0\u00a0\u00a0\u00a0\u00a0\u00a0\u00a0\u00a0\u00a0\u00a0\u00a0\u00a0\u00a0\u00a0\u00a0\u00a0\u00a0\u00a0\u00a0\u00a0\u00a0\u00a0\u00a0\u00a0\u00a0\u00a0\u00a0\u00a0\u00a0<\/p><p><strong>Ringraziamento del Corpo accademico dell\u2019Universit\u00e0 di Trieste:<\/strong><\/p><p>Presidente\u00a0\u00a0\u00a0\u00a0\u00a0\u00a0\u00a0\u00a0\u00a0\u00a0\u00a0\u00a0\u00a0\u00a0\u00a0\u00a0\u00a0\u00a0\u00a0\u00a0\u00a0\u00a0\u00a0\u00a0\u00a0\u00a0\u00a0\u00a0\u00a0\u00a0\u00a0\u00a0\u00a0\u00a0\u00a0\u00a0\u00a0\u00a0\u00a0\u00a0\u00a0\u00a0\u00a0\u00a0\u00a0\u00a0\u00a0\u00a0\u00a0\u00a0\u00a0\u00a0\u00a0\u00a0\u00a0\u00a0\u00a0\u00a0\u00a0\u00a0\u00a0\u00a0\u00a0\u00a0\u00a0\u00a0\u00a0\u00a0\u00a0\u00a0\u00a0\u00a0\u00a0\u00a0\u00a0\u00a0\u00a0\u00a0\u00a0\u00a0\u00a0\u00a0\u00a0\u00a0\u00a0\u00a0\u00a0\u00a0\u00a0\u00a0\u00a0\u00a0\u00a0\u00a0\u00a0\u00a0\u00a0\u00a0\u00a0\u00a0\u00a0\u00a0\u00a0\u00a0<\/p><p><strong>Sulla composizione della Commissione degli Undici:<\/strong><\/p><p>Presidente\u00a0\u00a0\u00a0\u00a0\u00a0\u00a0\u00a0\u00a0\u00a0\u00a0\u00a0\u00a0\u00a0\u00a0\u00a0\u00a0\u00a0\u00a0\u00a0\u00a0\u00a0\u00a0\u00a0\u00a0\u00a0\u00a0\u00a0\u00a0\u00a0\u00a0\u00a0\u00a0\u00a0\u00a0\u00a0\u00a0\u00a0\u00a0\u00a0\u00a0\u00a0\u00a0\u00a0\u00a0\u00a0\u00a0\u00a0\u00a0\u00a0\u00a0\u00a0\u00a0\u00a0\u00a0\u00a0\u00a0\u00a0\u00a0\u00a0\u00a0\u00a0\u00a0\u00a0\u00a0\u00a0\u00a0\u00a0\u00a0\u00a0\u00a0\u00a0\u00a0\u00a0\u00a0\u00a0\u00a0\u00a0\u00a0\u00a0\u00a0\u00a0\u00a0\u00a0\u00a0\u00a0\u00a0\u00a0\u00a0\u00a0\u00a0\u00a0\u00a0\u00a0\u00a0\u00a0\u00a0\u00a0\u00a0\u00a0\u00a0\u00a0\u00a0\u00a0\u00a0<\/p><p><strong>Commemorazione di Antonio Gramsci:<\/strong><\/p><p>Scoccimarro\u00a0\u00a0\u00a0\u00a0\u00a0\u00a0\u00a0\u00a0\u00a0\u00a0\u00a0\u00a0\u00a0\u00a0\u00a0\u00a0\u00a0\u00a0\u00a0\u00a0\u00a0\u00a0\u00a0\u00a0\u00a0\u00a0\u00a0\u00a0\u00a0\u00a0\u00a0\u00a0\u00a0\u00a0\u00a0\u00a0\u00a0\u00a0\u00a0\u00a0\u00a0\u00a0\u00a0\u00a0\u00a0\u00a0\u00a0\u00a0\u00a0\u00a0\u00a0\u00a0\u00a0\u00a0\u00a0\u00a0\u00a0\u00a0\u00a0\u00a0\u00a0\u00a0\u00a0\u00a0\u00a0\u00a0\u00a0\u00a0\u00a0\u00a0\u00a0\u00a0\u00a0\u00a0\u00a0\u00a0\u00a0\u00a0\u00a0\u00a0\u00a0\u00a0\u00a0\u00a0\u00a0\u00a0\u00a0\u00a0\u00a0\u00a0\u00a0\u00a0\u00a0\u00a0\u00a0\u00a0\u00a0\u00a0\u00a0\u00a0<\/p><p>Gabrieli\u00a0\u00a0\u00a0\u00a0\u00a0\u00a0\u00a0\u00a0\u00a0\u00a0\u00a0\u00a0\u00a0\u00a0\u00a0\u00a0\u00a0\u00a0\u00a0\u00a0\u00a0\u00a0\u00a0\u00a0\u00a0\u00a0\u00a0\u00a0\u00a0\u00a0\u00a0\u00a0\u00a0\u00a0\u00a0\u00a0\u00a0\u00a0\u00a0\u00a0\u00a0\u00a0\u00a0\u00a0\u00a0\u00a0\u00a0\u00a0\u00a0\u00a0\u00a0\u00a0\u00a0\u00a0\u00a0\u00a0\u00a0\u00a0\u00a0\u00a0\u00a0\u00a0\u00a0\u00a0\u00a0\u00a0\u00a0\u00a0\u00a0\u00a0\u00a0\u00a0\u00a0\u00a0\u00a0\u00a0\u00a0\u00a0\u00a0\u00a0\u00a0\u00a0\u00a0\u00a0\u00a0\u00a0\u00a0\u00a0\u00a0\u00a0\u00a0\u00a0\u00a0\u00a0\u00a0\u00a0\u00a0\u00a0\u00a0\u00a0\u00a0\u00a0\u00a0\u00a0\u00a0\u00a0\u00a0\u00a0<\/p><p>Lussu\u00a0\u00a0\u00a0\u00a0\u00a0\u00a0\u00a0\u00a0\u00a0\u00a0\u00a0\u00a0\u00a0\u00a0\u00a0\u00a0\u00a0\u00a0\u00a0\u00a0\u00a0\u00a0\u00a0\u00a0\u00a0\u00a0\u00a0\u00a0\u00a0\u00a0\u00a0\u00a0\u00a0\u00a0\u00a0\u00a0\u00a0\u00a0\u00a0\u00a0\u00a0\u00a0\u00a0\u00a0\u00a0\u00a0\u00a0\u00a0\u00a0\u00a0\u00a0\u00a0\u00a0\u00a0\u00a0\u00a0\u00a0\u00a0\u00a0\u00a0\u00a0\u00a0\u00a0\u00a0\u00a0\u00a0\u00a0\u00a0\u00a0\u00a0\u00a0\u00a0\u00a0\u00a0\u00a0\u00a0\u00a0\u00a0\u00a0\u00a0\u00a0\u00a0\u00a0\u00a0\u00a0\u00a0\u00a0\u00a0\u00a0\u00a0\u00a0\u00a0\u00a0\u00a0\u00a0\u00a0\u00a0\u00a0\u00a0\u00a0\u00a0\u00a0\u00a0\u00a0\u00a0\u00a0\u00a0\u00a0\u00a0\u00a0\u00a0\u00a0<\/p><p>Targetti\u00a0\u00a0\u00a0\u00a0\u00a0\u00a0\u00a0\u00a0\u00a0\u00a0\u00a0\u00a0\u00a0\u00a0\u00a0\u00a0\u00a0\u00a0\u00a0\u00a0\u00a0\u00a0\u00a0\u00a0\u00a0\u00a0\u00a0\u00a0\u00a0\u00a0\u00a0\u00a0\u00a0\u00a0\u00a0\u00a0\u00a0\u00a0\u00a0\u00a0\u00a0\u00a0\u00a0\u00a0\u00a0\u00a0\u00a0\u00a0\u00a0\u00a0\u00a0\u00a0\u00a0\u00a0\u00a0\u00a0\u00a0\u00a0\u00a0\u00a0\u00a0\u00a0\u00a0\u00a0\u00a0\u00a0\u00a0\u00a0\u00a0\u00a0\u00a0\u00a0\u00a0\u00a0\u00a0\u00a0\u00a0\u00a0\u00a0\u00a0\u00a0\u00a0\u00a0\u00a0\u00a0\u00a0\u00a0\u00a0\u00a0\u00a0\u00a0\u00a0\u00a0\u00a0\u00a0\u00a0\u00a0\u00a0\u00a0\u00a0\u00a0\u00a0\u00a0\u00a0\u00a0\u00a0\u00a0<\/p><p>Calosso\u00a0\u00a0\u00a0\u00a0\u00a0\u00a0\u00a0\u00a0\u00a0\u00a0\u00a0\u00a0\u00a0\u00a0\u00a0\u00a0\u00a0\u00a0\u00a0\u00a0\u00a0\u00a0\u00a0\u00a0\u00a0\u00a0\u00a0\u00a0\u00a0\u00a0\u00a0\u00a0\u00a0\u00a0\u00a0\u00a0\u00a0\u00a0\u00a0\u00a0\u00a0\u00a0\u00a0\u00a0\u00a0\u00a0\u00a0\u00a0\u00a0\u00a0\u00a0\u00a0\u00a0\u00a0\u00a0\u00a0\u00a0\u00a0\u00a0\u00a0\u00a0\u00a0\u00a0\u00a0\u00a0\u00a0\u00a0\u00a0\u00a0\u00a0\u00a0\u00a0\u00a0\u00a0\u00a0\u00a0\u00a0\u00a0\u00a0\u00a0\u00a0\u00a0\u00a0\u00a0\u00a0\u00a0\u00a0\u00a0\u00a0\u00a0\u00a0\u00a0\u00a0\u00a0\u00a0\u00a0\u00a0\u00a0\u00a0\u00a0\u00a0\u00a0\u00a0\u00a0\u00a0\u00a0\u00a0\u00a0<\/p><p>Macrelli\u00a0\u00a0\u00a0\u00a0\u00a0\u00a0\u00a0\u00a0\u00a0\u00a0\u00a0\u00a0\u00a0\u00a0\u00a0\u00a0\u00a0\u00a0\u00a0\u00a0\u00a0\u00a0\u00a0\u00a0\u00a0\u00a0\u00a0\u00a0\u00a0\u00a0\u00a0\u00a0\u00a0\u00a0\u00a0\u00a0\u00a0\u00a0\u00a0\u00a0\u00a0\u00a0\u00a0\u00a0\u00a0\u00a0\u00a0\u00a0\u00a0\u00a0\u00a0\u00a0\u00a0\u00a0\u00a0\u00a0\u00a0\u00a0\u00a0\u00a0\u00a0\u00a0\u00a0\u00a0\u00a0\u00a0\u00a0\u00a0\u00a0\u00a0\u00a0\u00a0\u00a0\u00a0\u00a0\u00a0\u00a0\u00a0\u00a0\u00a0\u00a0\u00a0\u00a0\u00a0\u00a0\u00a0\u00a0\u00a0\u00a0\u00a0\u00a0\u00a0\u00a0\u00a0\u00a0\u00a0\u00a0\u00a0\u00a0\u00a0\u00a0\u00a0\u00a0\u00a0\u00a0\u00a0<\/p><p>Corsi\u00a0\u00a0\u00a0\u00a0\u00a0\u00a0\u00a0\u00a0\u00a0\u00a0\u00a0\u00a0\u00a0\u00a0\u00a0\u00a0\u00a0\u00a0\u00a0\u00a0\u00a0\u00a0\u00a0\u00a0\u00a0\u00a0\u00a0\u00a0\u00a0\u00a0\u00a0\u00a0\u00a0\u00a0\u00a0\u00a0\u00a0\u00a0\u00a0\u00a0\u00a0\u00a0\u00a0\u00a0\u00a0\u00a0\u00a0\u00a0\u00a0\u00a0\u00a0\u00a0\u00a0\u00a0\u00a0\u00a0\u00a0\u00a0\u00a0\u00a0\u00a0\u00a0\u00a0\u00a0\u00a0\u00a0\u00a0\u00a0\u00a0\u00a0\u00a0\u00a0\u00a0\u00a0\u00a0\u00a0\u00a0\u00a0\u00a0\u00a0\u00a0\u00a0\u00a0\u00a0\u00a0\u00a0\u00a0\u00a0\u00a0\u00a0\u00a0\u00a0\u00a0\u00a0\u00a0\u00a0\u00a0\u00a0\u00a0\u00a0\u00a0\u00a0\u00a0\u00a0\u00a0\u00a0\u00a0\u00a0\u00a0\u00a0\u00a0\u00a0\u00a0<\/p><p>Colitto\u00a0\u00a0\u00a0\u00a0\u00a0\u00a0\u00a0\u00a0\u00a0\u00a0\u00a0\u00a0\u00a0\u00a0\u00a0\u00a0\u00a0\u00a0\u00a0\u00a0\u00a0\u00a0\u00a0\u00a0\u00a0\u00a0\u00a0\u00a0\u00a0\u00a0\u00a0\u00a0\u00a0\u00a0\u00a0\u00a0\u00a0\u00a0\u00a0\u00a0\u00a0\u00a0\u00a0\u00a0\u00a0\u00a0\u00a0\u00a0\u00a0\u00a0\u00a0\u00a0\u00a0\u00a0\u00a0\u00a0\u00a0\u00a0\u00a0\u00a0\u00a0\u00a0\u00a0\u00a0\u00a0\u00a0\u00a0\u00a0\u00a0\u00a0\u00a0\u00a0\u00a0\u00a0\u00a0\u00a0\u00a0\u00a0\u00a0\u00a0\u00a0\u00a0\u00a0\u00a0\u00a0\u00a0\u00a0\u00a0\u00a0\u00a0\u00a0\u00a0\u00a0\u00a0\u00a0\u00a0\u00a0\u00a0\u00a0\u00a0\u00a0\u00a0\u00a0\u00a0\u00a0\u00a0\u00a0\u00a0\u00a0<\/p><p>Cevolotto\u00a0\u00a0\u00a0\u00a0\u00a0\u00a0\u00a0\u00a0\u00a0\u00a0\u00a0\u00a0\u00a0\u00a0\u00a0\u00a0\u00a0\u00a0\u00a0\u00a0\u00a0\u00a0\u00a0\u00a0\u00a0\u00a0\u00a0\u00a0\u00a0\u00a0\u00a0\u00a0\u00a0\u00a0\u00a0\u00a0\u00a0\u00a0\u00a0\u00a0\u00a0\u00a0\u00a0\u00a0\u00a0\u00a0\u00a0\u00a0\u00a0\u00a0\u00a0\u00a0\u00a0\u00a0\u00a0\u00a0\u00a0\u00a0\u00a0\u00a0\u00a0\u00a0\u00a0\u00a0\u00a0\u00a0\u00a0\u00a0\u00a0\u00a0\u00a0\u00a0\u00a0\u00a0\u00a0\u00a0\u00a0\u00a0\u00a0\u00a0\u00a0\u00a0\u00a0\u00a0\u00a0\u00a0\u00a0\u00a0\u00a0\u00a0\u00a0\u00a0\u00a0\u00a0\u00a0\u00a0\u00a0\u00a0\u00a0\u00a0\u00a0\u00a0\u00a0\u00a0<\/p><p>Crispo\u00a0\u00a0\u00a0\u00a0\u00a0\u00a0\u00a0\u00a0\u00a0\u00a0\u00a0\u00a0\u00a0\u00a0\u00a0\u00a0\u00a0\u00a0\u00a0\u00a0\u00a0\u00a0\u00a0\u00a0\u00a0\u00a0\u00a0\u00a0\u00a0\u00a0\u00a0\u00a0\u00a0\u00a0\u00a0\u00a0\u00a0\u00a0\u00a0\u00a0\u00a0\u00a0\u00a0\u00a0\u00a0\u00a0\u00a0\u00a0\u00a0\u00a0\u00a0\u00a0\u00a0\u00a0\u00a0\u00a0\u00a0\u00a0\u00a0\u00a0\u00a0\u00a0\u00a0\u00a0\u00a0\u00a0\u00a0\u00a0\u00a0\u00a0\u00a0\u00a0\u00a0\u00a0\u00a0\u00a0\u00a0\u00a0\u00a0\u00a0\u00a0\u00a0\u00a0\u00a0\u00a0\u00a0\u00a0\u00a0\u00a0\u00a0\u00a0\u00a0\u00a0\u00a0\u00a0\u00a0\u00a0\u00a0\u00a0\u00a0\u00a0\u00a0\u00a0\u00a0\u00a0\u00a0\u00a0\u00a0\u00a0\u00a0\u00a0<\/p><p>Bruni\u00a0\u00a0\u00a0\u00a0\u00a0\u00a0\u00a0\u00a0\u00a0\u00a0\u00a0\u00a0\u00a0\u00a0\u00a0\u00a0\u00a0\u00a0\u00a0\u00a0\u00a0\u00a0\u00a0\u00a0\u00a0\u00a0\u00a0\u00a0\u00a0\u00a0\u00a0\u00a0\u00a0\u00a0\u00a0\u00a0\u00a0\u00a0\u00a0\u00a0\u00a0\u00a0\u00a0\u00a0\u00a0\u00a0\u00a0\u00a0\u00a0\u00a0\u00a0\u00a0\u00a0\u00a0\u00a0\u00a0\u00a0\u00a0\u00a0\u00a0\u00a0\u00a0\u00a0\u00a0\u00a0\u00a0\u00a0\u00a0\u00a0\u00a0\u00a0\u00a0\u00a0\u00a0\u00a0\u00a0\u00a0\u00a0\u00a0\u00a0\u00a0\u00a0\u00a0\u00a0\u00a0\u00a0\u00a0\u00a0\u00a0\u00a0\u00a0\u00a0\u00a0\u00a0\u00a0\u00a0\u00a0\u00a0\u00a0\u00a0\u00a0\u00a0\u00a0\u00a0\u00a0\u00a0\u00a0\u00a0\u00a0\u00a0\u00a0\u00a0<\/p><p>Gronchi\u00a0\u00a0\u00a0\u00a0\u00a0\u00a0\u00a0\u00a0\u00a0\u00a0\u00a0\u00a0\u00a0\u00a0\u00a0\u00a0\u00a0\u00a0\u00a0\u00a0\u00a0\u00a0\u00a0\u00a0\u00a0\u00a0\u00a0\u00a0\u00a0\u00a0\u00a0\u00a0\u00a0\u00a0\u00a0\u00a0\u00a0\u00a0\u00a0\u00a0\u00a0\u00a0\u00a0\u00a0\u00a0\u00a0\u00a0\u00a0\u00a0\u00a0\u00a0\u00a0\u00a0\u00a0\u00a0\u00a0\u00a0\u00a0\u00a0\u00a0\u00a0\u00a0\u00a0\u00a0\u00a0\u00a0\u00a0\u00a0\u00a0\u00a0\u00a0\u00a0\u00a0\u00a0\u00a0\u00a0\u00a0\u00a0\u00a0\u00a0\u00a0\u00a0\u00a0\u00a0\u00a0\u00a0\u00a0\u00a0\u00a0\u00a0\u00a0\u00a0\u00a0\u00a0\u00a0\u00a0\u00a0\u00a0\u00a0\u00a0\u00a0\u00a0\u00a0\u00a0\u00a0\u00a0\u00a0\u00a0<\/p><p>Gasparotto, <em>Ministro della difesa<\/em>\u00a0\u00a0\u00a0\u00a0\u00a0\u00a0\u00a0\u00a0\u00a0\u00a0\u00a0\u00a0\u00a0\u00a0\u00a0\u00a0\u00a0\u00a0\u00a0\u00a0\u00a0\u00a0\u00a0\u00a0\u00a0\u00a0\u00a0\u00a0\u00a0\u00a0\u00a0\u00a0\u00a0\u00a0\u00a0\u00a0\u00a0\u00a0\u00a0\u00a0\u00a0\u00a0\u00a0\u00a0\u00a0\u00a0\u00a0\u00a0\u00a0\u00a0\u00a0\u00a0\u00a0\u00a0\u00a0\u00a0\u00a0\u00a0\u00a0\u00a0\u00a0\u00a0\u00a0\u00a0\u00a0\u00a0\u00a0\u00a0\u00a0<\/p><p>Presidente\u00a0\u00a0\u00a0\u00a0\u00a0\u00a0\u00a0\u00a0\u00a0\u00a0\u00a0\u00a0\u00a0\u00a0\u00a0\u00a0\u00a0\u00a0\u00a0\u00a0\u00a0\u00a0\u00a0\u00a0\u00a0\u00a0\u00a0\u00a0\u00a0\u00a0\u00a0\u00a0\u00a0\u00a0\u00a0\u00a0\u00a0\u00a0\u00a0\u00a0\u00a0\u00a0\u00a0\u00a0\u00a0\u00a0\u00a0\u00a0\u00a0\u00a0\u00a0\u00a0\u00a0\u00a0\u00a0\u00a0\u00a0\u00a0\u00a0\u00a0\u00a0\u00a0\u00a0\u00a0\u00a0\u00a0\u00a0\u00a0\u00a0\u00a0\u00a0\u00a0\u00a0\u00a0\u00a0\u00a0\u00a0\u00a0\u00a0\u00a0\u00a0\u00a0\u00a0\u00a0\u00a0\u00a0\u00a0\u00a0\u00a0\u00a0\u00a0\u00a0\u00a0\u00a0\u00a0\u00a0\u00a0\u00a0\u00a0\u00a0\u00a0\u00a0\u00a0\u00a0<\/p><p><strong>Progetto di Costituzione della Repubblica italiana <\/strong>(<em>Seguito della discussione<\/em>)<strong>:<\/strong><\/p><p>Presidente\u00a0\u00a0\u00a0\u00a0\u00a0\u00a0\u00a0\u00a0\u00a0\u00a0\u00a0\u00a0\u00a0\u00a0\u00a0\u00a0\u00a0\u00a0\u00a0\u00a0\u00a0\u00a0\u00a0\u00a0\u00a0\u00a0\u00a0\u00a0\u00a0\u00a0\u00a0\u00a0\u00a0\u00a0\u00a0\u00a0\u00a0\u00a0\u00a0\u00a0\u00a0\u00a0\u00a0\u00a0\u00a0\u00a0\u00a0\u00a0\u00a0\u00a0\u00a0\u00a0\u00a0\u00a0\u00a0\u00a0\u00a0\u00a0\u00a0\u00a0\u00a0\u00a0\u00a0\u00a0\u00a0\u00a0\u00a0\u00a0\u00a0\u00a0\u00a0\u00a0\u00a0\u00a0\u00a0\u00a0\u00a0\u00a0\u00a0\u00a0\u00a0\u00a0\u00a0\u00a0\u00a0\u00a0\u00a0\u00a0\u00a0\u00a0\u00a0\u00a0\u00a0\u00a0\u00a0\u00a0\u00a0\u00a0\u00a0\u00a0\u00a0\u00a0\u00a0\u00a0<\/p><p>Tupini, <em>Presidente della prima Sottocommissione<\/em>\u00a0\u00a0\u00a0\u00a0\u00a0\u00a0\u00a0\u00a0\u00a0\u00a0\u00a0\u00a0\u00a0\u00a0\u00a0\u00a0\u00a0\u00a0\u00a0\u00a0\u00a0\u00a0\u00a0\u00a0\u00a0\u00a0\u00a0\u00a0\u00a0\u00a0\u00a0\u00a0\u00a0\u00a0\u00a0\u00a0\u00a0\u00a0\u00a0\u00a0\u00a0\u00a0\u00a0\u00a0\u00a0\u00a0\u00a0\u00a0\u00a0<\/p><p>Tumminelli\u00a0\u00a0\u00a0\u00a0\u00a0\u00a0\u00a0\u00a0\u00a0\u00a0\u00a0\u00a0\u00a0\u00a0\u00a0\u00a0\u00a0\u00a0\u00a0\u00a0\u00a0\u00a0\u00a0\u00a0\u00a0\u00a0\u00a0\u00a0\u00a0\u00a0\u00a0\u00a0\u00a0\u00a0\u00a0\u00a0\u00a0\u00a0\u00a0\u00a0\u00a0\u00a0\u00a0\u00a0\u00a0\u00a0\u00a0\u00a0\u00a0\u00a0\u00a0\u00a0\u00a0\u00a0\u00a0\u00a0\u00a0\u00a0\u00a0\u00a0\u00a0\u00a0\u00a0\u00a0\u00a0\u00a0\u00a0\u00a0\u00a0\u00a0\u00a0\u00a0\u00a0\u00a0\u00a0\u00a0\u00a0\u00a0\u00a0\u00a0\u00a0\u00a0\u00a0\u00a0\u00a0\u00a0\u00a0\u00a0\u00a0\u00a0\u00a0\u00a0\u00a0\u00a0\u00a0\u00a0\u00a0\u00a0\u00a0\u00a0\u00a0\u00a0\u00a0<\/p><p>Franceschini\u00a0\u00a0\u00a0\u00a0\u00a0\u00a0\u00a0\u00a0\u00a0\u00a0\u00a0\u00a0\u00a0\u00a0\u00a0\u00a0\u00a0\u00a0\u00a0\u00a0\u00a0\u00a0\u00a0\u00a0\u00a0\u00a0\u00a0\u00a0\u00a0\u00a0\u00a0\u00a0\u00a0\u00a0\u00a0\u00a0\u00a0\u00a0\u00a0\u00a0\u00a0\u00a0\u00a0\u00a0\u00a0\u00a0\u00a0\u00a0\u00a0\u00a0\u00a0\u00a0\u00a0\u00a0\u00a0\u00a0\u00a0\u00a0\u00a0\u00a0\u00a0\u00a0\u00a0\u00a0\u00a0\u00a0\u00a0\u00a0\u00a0\u00a0\u00a0\u00a0\u00a0\u00a0\u00a0\u00a0\u00a0\u00a0\u00a0\u00a0\u00a0\u00a0\u00a0\u00a0\u00a0\u00a0\u00a0\u00a0\u00a0\u00a0\u00a0\u00a0\u00a0\u00a0\u00a0\u00a0\u00a0\u00a0\u00a0\u00a0<\/p><p>Binni\u00a0\u00a0\u00a0\u00a0\u00a0\u00a0\u00a0\u00a0\u00a0\u00a0\u00a0\u00a0\u00a0\u00a0\u00a0\u00a0\u00a0\u00a0\u00a0\u00a0\u00a0\u00a0\u00a0\u00a0\u00a0\u00a0\u00a0\u00a0\u00a0\u00a0\u00a0\u00a0\u00a0\u00a0\u00a0\u00a0\u00a0\u00a0\u00a0\u00a0\u00a0\u00a0\u00a0\u00a0\u00a0\u00a0\u00a0\u00a0\u00a0\u00a0\u00a0\u00a0\u00a0\u00a0\u00a0\u00a0\u00a0\u00a0\u00a0\u00a0\u00a0\u00a0\u00a0\u00a0\u00a0\u00a0\u00a0\u00a0\u00a0\u00a0\u00a0\u00a0\u00a0\u00a0\u00a0\u00a0\u00a0\u00a0\u00a0\u00a0\u00a0\u00a0\u00a0\u00a0\u00a0\u00a0\u00a0\u00a0\u00a0\u00a0\u00a0\u00a0\u00a0\u00a0\u00a0\u00a0\u00a0\u00a0\u00a0\u00a0\u00a0\u00a0\u00a0\u00a0\u00a0\u00a0\u00a0\u00a0\u00a0\u00a0\u00a0\u00a0\u00a0<\/p><p>Codignola\u00a0\u00a0\u00a0\u00a0\u00a0\u00a0\u00a0\u00a0\u00a0\u00a0\u00a0\u00a0\u00a0\u00a0\u00a0\u00a0\u00a0\u00a0\u00a0\u00a0\u00a0\u00a0\u00a0\u00a0\u00a0\u00a0\u00a0\u00a0\u00a0\u00a0\u00a0\u00a0\u00a0\u00a0\u00a0\u00a0\u00a0\u00a0\u00a0\u00a0\u00a0\u00a0\u00a0\u00a0\u00a0\u00a0\u00a0\u00a0\u00a0\u00a0\u00a0\u00a0\u00a0\u00a0\u00a0\u00a0\u00a0\u00a0\u00a0\u00a0\u00a0\u00a0\u00a0\u00a0\u00a0\u00a0\u00a0\u00a0\u00a0\u00a0\u00a0\u00a0\u00a0\u00a0\u00a0\u00a0\u00a0\u00a0\u00a0\u00a0\u00a0\u00a0\u00a0\u00a0\u00a0\u00a0\u00a0\u00a0\u00a0\u00a0\u00a0\u00a0\u00a0\u00a0\u00a0\u00a0\u00a0\u00a0\u00a0\u00a0\u00a0\u00a0\u00a0\u00a0<\/p><p>Treves\u00a0\u00a0\u00a0\u00a0\u00a0\u00a0\u00a0\u00a0\u00a0\u00a0\u00a0\u00a0\u00a0\u00a0\u00a0\u00a0\u00a0\u00a0\u00a0\u00a0\u00a0\u00a0\u00a0\u00a0\u00a0\u00a0\u00a0\u00a0\u00a0\u00a0\u00a0\u00a0\u00a0\u00a0\u00a0\u00a0\u00a0\u00a0\u00a0\u00a0\u00a0\u00a0\u00a0\u00a0\u00a0\u00a0\u00a0\u00a0\u00a0\u00a0\u00a0\u00a0\u00a0\u00a0\u00a0\u00a0\u00a0\u00a0\u00a0\u00a0\u00a0\u00a0\u00a0\u00a0\u00a0\u00a0\u00a0\u00a0\u00a0\u00a0\u00a0\u00a0\u00a0\u00a0\u00a0\u00a0\u00a0\u00a0\u00a0\u00a0\u00a0\u00a0\u00a0\u00a0\u00a0\u00a0\u00a0\u00a0\u00a0\u00a0\u00a0\u00a0\u00a0\u00a0\u00a0\u00a0\u00a0\u00a0\u00a0\u00a0\u00a0\u00a0\u00a0\u00a0\u00a0\u00a0\u00a0\u00a0\u00a0\u00a0<\/p><p>Rivera\u00a0\u00a0\u00a0\u00a0\u00a0\u00a0\u00a0\u00a0\u00a0\u00a0\u00a0\u00a0\u00a0\u00a0\u00a0\u00a0\u00a0\u00a0\u00a0\u00a0\u00a0\u00a0\u00a0\u00a0\u00a0\u00a0\u00a0\u00a0\u00a0\u00a0\u00a0\u00a0\u00a0\u00a0\u00a0\u00a0\u00a0\u00a0\u00a0\u00a0\u00a0\u00a0\u00a0\u00a0\u00a0\u00a0\u00a0\u00a0\u00a0\u00a0\u00a0\u00a0\u00a0\u00a0\u00a0\u00a0\u00a0\u00a0\u00a0\u00a0\u00a0\u00a0\u00a0\u00a0\u00a0\u00a0\u00a0\u00a0\u00a0\u00a0\u00a0\u00a0\u00a0\u00a0\u00a0\u00a0\u00a0\u00a0\u00a0\u00a0\u00a0\u00a0\u00a0\u00a0\u00a0\u00a0\u00a0\u00a0\u00a0\u00a0\u00a0\u00a0\u00a0\u00a0\u00a0\u00a0\u00a0\u00a0\u00a0\u00a0\u00a0\u00a0\u00a0\u00a0\u00a0\u00a0\u00a0\u00a0\u00a0\u00a0<\/p><p>Leone Giovanni\u00a0\u00a0\u00a0\u00a0\u00a0\u00a0\u00a0\u00a0\u00a0\u00a0\u00a0\u00a0\u00a0\u00a0\u00a0\u00a0\u00a0\u00a0\u00a0\u00a0\u00a0\u00a0\u00a0\u00a0\u00a0\u00a0\u00a0\u00a0\u00a0\u00a0\u00a0\u00a0\u00a0\u00a0\u00a0\u00a0\u00a0\u00a0\u00a0\u00a0\u00a0\u00a0\u00a0\u00a0\u00a0\u00a0\u00a0\u00a0\u00a0\u00a0\u00a0\u00a0\u00a0\u00a0\u00a0\u00a0\u00a0\u00a0\u00a0\u00a0\u00a0\u00a0\u00a0\u00a0\u00a0\u00a0\u00a0\u00a0\u00a0\u00a0\u00a0\u00a0\u00a0\u00a0\u00a0\u00a0\u00a0\u00a0\u00a0\u00a0\u00a0\u00a0\u00a0\u00a0\u00a0\u00a0\u00a0\u00a0\u00a0\u00a0\u00a0\u00a0\u00a0\u00a0\u00a0<\/p><p>Pignedoli\u00a0\u00a0\u00a0\u00a0\u00a0\u00a0\u00a0\u00a0\u00a0\u00a0\u00a0\u00a0\u00a0\u00a0\u00a0\u00a0\u00a0\u00a0\u00a0\u00a0\u00a0\u00a0\u00a0\u00a0\u00a0\u00a0\u00a0\u00a0\u00a0\u00a0\u00a0\u00a0\u00a0\u00a0\u00a0\u00a0\u00a0\u00a0\u00a0\u00a0\u00a0\u00a0\u00a0\u00a0\u00a0\u00a0\u00a0\u00a0\u00a0\u00a0\u00a0\u00a0\u00a0\u00a0\u00a0\u00a0\u00a0\u00a0\u00a0\u00a0\u00a0\u00a0\u00a0\u00a0\u00a0\u00a0\u00a0\u00a0\u00a0\u00a0\u00a0\u00a0\u00a0\u00a0\u00a0\u00a0\u00a0\u00a0\u00a0\u00a0\u00a0\u00a0\u00a0\u00a0\u00a0\u00a0\u00a0\u00a0\u00a0\u00a0\u00a0\u00a0\u00a0\u00a0\u00a0\u00a0\u00a0\u00a0\u00a0\u00a0\u00a0\u00a0\u00a0\u00a0\u00a0\u00a0<\/p><p>Colonnetti\u00a0\u00a0\u00a0\u00a0\u00a0\u00a0\u00a0\u00a0\u00a0\u00a0\u00a0\u00a0\u00a0\u00a0\u00a0\u00a0\u00a0\u00a0\u00a0\u00a0\u00a0\u00a0\u00a0\u00a0\u00a0\u00a0\u00a0\u00a0\u00a0\u00a0\u00a0\u00a0\u00a0\u00a0\u00a0\u00a0\u00a0\u00a0\u00a0\u00a0\u00a0\u00a0\u00a0\u00a0\u00a0\u00a0\u00a0\u00a0\u00a0\u00a0\u00a0\u00a0\u00a0\u00a0\u00a0\u00a0\u00a0\u00a0\u00a0\u00a0\u00a0\u00a0\u00a0\u00a0\u00a0\u00a0\u00a0\u00a0\u00a0\u00a0\u00a0\u00a0\u00a0\u00a0\u00a0\u00a0\u00a0\u00a0\u00a0\u00a0\u00a0\u00a0\u00a0\u00a0\u00a0\u00a0\u00a0\u00a0\u00a0\u00a0\u00a0\u00a0\u00a0\u00a0\u00a0\u00a0\u00a0\u00a0\u00a0\u00a0\u00a0\u00a0\u00a0<\/p><p>Martino Gaetano\u00a0\u00a0\u00a0\u00a0\u00a0\u00a0\u00a0\u00a0\u00a0\u00a0\u00a0\u00a0\u00a0\u00a0\u00a0\u00a0\u00a0\u00a0\u00a0\u00a0\u00a0\u00a0\u00a0\u00a0\u00a0\u00a0\u00a0\u00a0\u00a0\u00a0\u00a0\u00a0\u00a0\u00a0\u00a0\u00a0\u00a0\u00a0\u00a0\u00a0\u00a0\u00a0\u00a0\u00a0\u00a0\u00a0\u00a0\u00a0\u00a0\u00a0\u00a0\u00a0\u00a0\u00a0\u00a0\u00a0\u00a0\u00a0\u00a0\u00a0\u00a0\u00a0\u00a0\u00a0\u00a0\u00a0\u00a0\u00a0\u00a0\u00a0\u00a0\u00a0\u00a0\u00a0\u00a0\u00a0\u00a0\u00a0\u00a0\u00a0\u00a0\u00a0\u00a0\u00a0\u00a0\u00a0\u00a0\u00a0\u00a0\u00a0\u00a0<\/p><p>Bernini\u00a0\u00a0\u00a0\u00a0\u00a0\u00a0\u00a0\u00a0\u00a0\u00a0\u00a0\u00a0\u00a0\u00a0\u00a0\u00a0\u00a0\u00a0\u00a0\u00a0\u00a0\u00a0\u00a0\u00a0\u00a0\u00a0\u00a0\u00a0\u00a0\u00a0\u00a0\u00a0\u00a0\u00a0\u00a0\u00a0\u00a0\u00a0\u00a0\u00a0\u00a0\u00a0\u00a0\u00a0\u00a0\u00a0\u00a0\u00a0\u00a0\u00a0\u00a0\u00a0\u00a0\u00a0\u00a0\u00a0\u00a0\u00a0\u00a0\u00a0\u00a0\u00a0\u00a0\u00a0\u00a0\u00a0\u00a0\u00a0\u00a0\u00a0\u00a0\u00a0\u00a0\u00a0\u00a0\u00a0\u00a0\u00a0\u00a0\u00a0\u00a0\u00a0\u00a0\u00a0 Camposarcuno\u00a0\u00a0\u00a0\u00a0\u00a0\u00a0<\/p><p>Fabriani\u00a0\u00a0\u00a0\u00a0\u00a0\u00a0\u00a0\u00a0\u00a0\u00a0\u00a0\u00a0\u00a0\u00a0\u00a0\u00a0\u00a0\u00a0\u00a0\u00a0\u00a0\u00a0\u00a0\u00a0\u00a0\u00a0\u00a0\u00a0\u00a0\u00a0\u00a0\u00a0\u00a0\u00a0\u00a0\u00a0\u00a0\u00a0\u00a0\u00a0\u00a0\u00a0\u00a0\u00a0\u00a0\u00a0\u00a0\u00a0\u00a0\u00a0\u00a0\u00a0\u00a0\u00a0\u00a0\u00a0\u00a0\u00a0\u00a0\u00a0\u00a0\u00a0\u00a0\u00a0\u00a0\u00a0\u00a0\u00a0\u00a0\u00a0\u00a0\u00a0\u00a0\u00a0\u00a0\u00a0\u00a0\u00a0\u00a0\u00a0\u00a0\u00a0\u00a0\u00a0\u00a0\u00a0\u00a0\u00a0\u00a0\u00a0\u00a0\u00a0\u00a0\u00a0\u00a0\u00a0\u00a0\u00a0\u00a0\u00a0\u00a0\u00a0\u00a0\u00a0\u00a0\u00a0\u00a0<\/p><p>Bruni\u00a0\u00a0\u00a0\u00a0\u00a0\u00a0\u00a0\u00a0\u00a0\u00a0\u00a0\u00a0\u00a0\u00a0\u00a0\u00a0\u00a0\u00a0\u00a0\u00a0\u00a0\u00a0\u00a0\u00a0\u00a0\u00a0\u00a0\u00a0\u00a0\u00a0\u00a0\u00a0\u00a0\u00a0\u00a0\u00a0\u00a0\u00a0\u00a0\u00a0\u00a0\u00a0\u00a0\u00a0\u00a0\u00a0\u00a0\u00a0\u00a0\u00a0\u00a0\u00a0\u00a0\u00a0\u00a0\u00a0\u00a0\u00a0\u00a0\u00a0\u00a0\u00a0\u00a0\u00a0\u00a0\u00a0\u00a0\u00a0\u00a0\u00a0\u00a0\u00a0\u00a0\u00a0\u00a0\u00a0\u00a0\u00a0\u00a0\u00a0\u00a0\u00a0\u00a0\u00a0\u00a0\u00a0\u00a0\u00a0\u00a0\u00a0\u00a0\u00a0\u00a0\u00a0\u00a0\u00a0\u00a0\u00a0\u00a0\u00a0\u00a0\u00a0\u00a0\u00a0\u00a0\u00a0\u00a0\u00a0\u00a0\u00a0\u00a0\u00a0<\/p><p>Rescigno\u00a0\u00a0\u00a0\u00a0\u00a0\u00a0\u00a0\u00a0\u00a0\u00a0\u00a0\u00a0\u00a0\u00a0\u00a0\u00a0\u00a0\u00a0\u00a0\u00a0\u00a0\u00a0\u00a0\u00a0\u00a0\u00a0\u00a0\u00a0\u00a0\u00a0\u00a0\u00a0\u00a0\u00a0\u00a0\u00a0\u00a0\u00a0\u00a0\u00a0\u00a0\u00a0\u00a0\u00a0\u00a0\u00a0\u00a0\u00a0\u00a0\u00a0\u00a0\u00a0\u00a0\u00a0\u00a0\u00a0\u00a0\u00a0\u00a0\u00a0\u00a0\u00a0\u00a0\u00a0\u00a0\u00a0\u00a0\u00a0\u00a0\u00a0\u00a0\u00a0\u00a0\u00a0\u00a0\u00a0\u00a0\u00a0\u00a0\u00a0\u00a0\u00a0\u00a0\u00a0\u00a0\u00a0\u00a0\u00a0\u00a0\u00a0\u00a0\u00a0\u00a0\u00a0\u00a0\u00a0\u00a0\u00a0\u00a0\u00a0\u00a0\u00a0\u00a0\u00a0\u00a0\u00a0\u00a0<\/p><p>Corbino\u00a0\u00a0\u00a0\u00a0\u00a0\u00a0\u00a0\u00a0\u00a0\u00a0\u00a0\u00a0\u00a0\u00a0\u00a0\u00a0\u00a0\u00a0\u00a0\u00a0\u00a0\u00a0\u00a0\u00a0\u00a0\u00a0\u00a0\u00a0\u00a0\u00a0\u00a0\u00a0\u00a0\u00a0\u00a0\u00a0\u00a0\u00a0\u00a0\u00a0\u00a0\u00a0\u00a0\u00a0\u00a0\u00a0\u00a0\u00a0\u00a0\u00a0\u00a0\u00a0\u00a0\u00a0\u00a0\u00a0\u00a0\u00a0\u00a0\u00a0\u00a0\u00a0\u00a0\u00a0\u00a0\u00a0\u00a0\u00a0\u00a0\u00a0\u00a0\u00a0\u00a0\u00a0\u00a0\u00a0\u00a0\u00a0\u00a0\u00a0\u00a0\u00a0\u00a0\u00a0\u00a0\u00a0\u00a0\u00a0\u00a0\u00a0\u00a0\u00a0\u00a0\u00a0\u00a0\u00a0\u00a0\u00a0\u00a0\u00a0\u00a0\u00a0\u00a0\u00a0\u00a0\u00a0\u00a0\u00a0<\/p><p>Marchesi\u00a0\u00a0\u00a0\u00a0\u00a0\u00a0\u00a0\u00a0\u00a0\u00a0\u00a0\u00a0\u00a0\u00a0\u00a0\u00a0\u00a0\u00a0\u00a0\u00a0\u00a0\u00a0\u00a0\u00a0\u00a0\u00a0\u00a0\u00a0\u00a0\u00a0\u00a0\u00a0\u00a0\u00a0\u00a0\u00a0\u00a0\u00a0\u00a0\u00a0\u00a0\u00a0\u00a0\u00a0\u00a0\u00a0\u00a0\u00a0\u00a0\u00a0\u00a0\u00a0\u00a0\u00a0\u00a0\u00a0\u00a0\u00a0\u00a0\u00a0\u00a0\u00a0\u00a0\u00a0\u00a0\u00a0\u00a0\u00a0\u00a0\u00a0\u00a0\u00a0\u00a0\u00a0\u00a0\u00a0\u00a0\u00a0\u00a0\u00a0\u00a0\u00a0\u00a0\u00a0\u00a0\u00a0\u00a0\u00a0\u00a0\u00a0\u00a0\u00a0\u00a0\u00a0\u00a0\u00a0\u00a0\u00a0\u00a0\u00a0\u00a0\u00a0\u00a0\u00a0\u00a0\u00a0<\/p><p>Dossetti\u00a0\u00a0\u00a0\u00a0\u00a0\u00a0\u00a0\u00a0\u00a0\u00a0\u00a0\u00a0\u00a0\u00a0\u00a0\u00a0\u00a0\u00a0\u00a0\u00a0\u00a0\u00a0\u00a0\u00a0\u00a0\u00a0\u00a0\u00a0\u00a0\u00a0\u00a0\u00a0\u00a0\u00a0\u00a0\u00a0\u00a0\u00a0\u00a0\u00a0\u00a0\u00a0\u00a0\u00a0\u00a0\u00a0\u00a0\u00a0\u00a0\u00a0\u00a0\u00a0\u00a0\u00a0\u00a0\u00a0\u00a0\u00a0\u00a0\u00a0\u00a0\u00a0\u00a0\u00a0\u00a0\u00a0\u00a0\u00a0\u00a0\u00a0\u00a0\u00a0\u00a0\u00a0\u00a0\u00a0\u00a0\u00a0\u00a0\u00a0\u00a0\u00a0\u00a0\u00a0\u00a0\u00a0\u00a0\u00a0\u00a0\u00a0\u00a0\u00a0\u00a0\u00a0\u00a0\u00a0\u00a0\u00a0\u00a0\u00a0\u00a0\u00a0\u00a0\u00a0\u00a0\u00a0\u00a0<\/p><p>Corsanego\u00a0\u00a0\u00a0\u00a0\u00a0\u00a0\u00a0\u00a0\u00a0\u00a0\u00a0\u00a0\u00a0\u00a0\u00a0\u00a0\u00a0\u00a0\u00a0\u00a0\u00a0\u00a0\u00a0\u00a0\u00a0\u00a0\u00a0\u00a0\u00a0\u00a0\u00a0\u00a0\u00a0\u00a0\u00a0\u00a0\u00a0\u00a0\u00a0\u00a0\u00a0\u00a0\u00a0\u00a0\u00a0\u00a0\u00a0\u00a0\u00a0\u00a0\u00a0\u00a0\u00a0\u00a0\u00a0\u00a0\u00a0\u00a0\u00a0\u00a0\u00a0\u00a0\u00a0\u00a0\u00a0\u00a0\u00a0\u00a0\u00a0\u00a0\u00a0\u00a0\u00a0\u00a0\u00a0\u00a0\u00a0\u00a0\u00a0\u00a0\u00a0\u00a0\u00a0\u00a0\u00a0\u00a0\u00a0\u00a0\u00a0\u00a0\u00a0\u00a0\u00a0\u00a0\u00a0\u00a0\u00a0\u00a0\u00a0\u00a0\u00a0\u00a0\u00a0<\/p><p>Condorelli\u00a0\u00a0\u00a0\u00a0\u00a0\u00a0\u00a0\u00a0\u00a0\u00a0\u00a0\u00a0\u00a0\u00a0\u00a0\u00a0\u00a0\u00a0\u00a0\u00a0\u00a0\u00a0\u00a0\u00a0\u00a0\u00a0\u00a0\u00a0\u00a0\u00a0\u00a0\u00a0\u00a0\u00a0\u00a0\u00a0\u00a0\u00a0\u00a0\u00a0\u00a0\u00a0\u00a0\u00a0\u00a0\u00a0\u00a0\u00a0\u00a0\u00a0\u00a0\u00a0\u00a0\u00a0\u00a0\u00a0\u00a0\u00a0\u00a0\u00a0\u00a0\u00a0\u00a0\u00a0\u00a0\u00a0\u00a0\u00a0\u00a0\u00a0\u00a0\u00a0\u00a0\u00a0\u00a0\u00a0\u00a0\u00a0\u00a0\u00a0\u00a0\u00a0\u00a0\u00a0\u00a0\u00a0\u00a0\u00a0\u00a0\u00a0\u00a0\u00a0\u00a0\u00a0\u00a0\u00a0\u00a0\u00a0\u00a0\u00a0\u00a0\u00a0<\/p><p>Moro\u00a0\u00a0\u00a0\u00a0\u00a0\u00a0\u00a0\u00a0\u00a0\u00a0\u00a0\u00a0\u00a0\u00a0\u00a0\u00a0\u00a0\u00a0\u00a0\u00a0\u00a0\u00a0\u00a0\u00a0\u00a0\u00a0\u00a0\u00a0\u00a0\u00a0\u00a0\u00a0\u00a0\u00a0\u00a0\u00a0\u00a0\u00a0\u00a0\u00a0\u00a0\u00a0\u00a0\u00a0\u00a0\u00a0\u00a0\u00a0\u00a0\u00a0\u00a0\u00a0\u00a0\u00a0\u00a0\u00a0\u00a0\u00a0\u00a0\u00a0\u00a0\u00a0\u00a0\u00a0\u00a0\u00a0\u00a0\u00a0\u00a0\u00a0\u00a0\u00a0\u00a0\u00a0\u00a0\u00a0\u00a0\u00a0\u00a0\u00a0\u00a0\u00a0\u00a0\u00a0\u00a0\u00a0\u00a0\u00a0\u00a0\u00a0\u00a0\u00a0\u00a0\u00a0\u00a0\u00a0\u00a0\u00a0\u00a0\u00a0\u00a0\u00a0\u00a0\u00a0\u00a0\u00a0\u00a0\u00a0\u00a0\u00a0\u00a0\u00a0<\/p><p>Gronchi\u00a0\u00a0\u00a0\u00a0\u00a0\u00a0\u00a0\u00a0\u00a0\u00a0\u00a0\u00a0\u00a0\u00a0\u00a0\u00a0\u00a0\u00a0\u00a0\u00a0\u00a0\u00a0\u00a0\u00a0\u00a0\u00a0\u00a0\u00a0\u00a0\u00a0\u00a0\u00a0\u00a0\u00a0\u00a0\u00a0\u00a0\u00a0\u00a0\u00a0\u00a0\u00a0\u00a0\u00a0\u00a0\u00a0\u00a0\u00a0\u00a0\u00a0\u00a0\u00a0\u00a0\u00a0\u00a0\u00a0\u00a0\u00a0\u00a0\u00a0\u00a0\u00a0\u00a0\u00a0\u00a0\u00a0\u00a0\u00a0\u00a0\u00a0\u00a0\u00a0\u00a0\u00a0\u00a0\u00a0\u00a0\u00a0\u00a0\u00a0\u00a0\u00a0\u00a0\u00a0\u00a0\u00a0\u00a0\u00a0\u00a0\u00a0\u00a0\u00a0\u00a0\u00a0\u00a0\u00a0\u00a0\u00a0\u00a0\u00a0\u00a0\u00a0\u00a0\u00a0\u00a0\u00a0\u00a0\u00a0<\/p><p>Lucifero\u00a0\u00a0\u00a0\u00a0\u00a0\u00a0\u00a0\u00a0\u00a0\u00a0\u00a0\u00a0\u00a0\u00a0\u00a0\u00a0\u00a0\u00a0\u00a0\u00a0\u00a0\u00a0\u00a0\u00a0\u00a0\u00a0\u00a0\u00a0\u00a0\u00a0\u00a0\u00a0\u00a0\u00a0\u00a0\u00a0\u00a0\u00a0\u00a0\u00a0\u00a0\u00a0\u00a0\u00a0\u00a0\u00a0\u00a0\u00a0\u00a0\u00a0\u00a0\u00a0\u00a0\u00a0\u00a0\u00a0\u00a0\u00a0\u00a0\u00a0\u00a0\u00a0\u00a0\u00a0\u00a0\u00a0\u00a0\u00a0\u00a0\u00a0\u00a0\u00a0\u00a0\u00a0\u00a0\u00a0\u00a0\u00a0\u00a0\u00a0\u00a0\u00a0\u00a0\u00a0\u00a0\u00a0\u00a0\u00a0\u00a0\u00a0\u00a0\u00a0\u00a0\u00a0\u00a0\u00a0\u00a0\u00a0\u00a0\u00a0\u00a0\u00a0\u00a0\u00a0\u00a0\u00a0\u00a0<\/p><p>Crispo\u00a0\u00a0\u00a0\u00a0\u00a0\u00a0\u00a0\u00a0\u00a0\u00a0\u00a0\u00a0\u00a0\u00a0\u00a0\u00a0\u00a0\u00a0\u00a0\u00a0\u00a0\u00a0\u00a0\u00a0\u00a0\u00a0\u00a0\u00a0\u00a0\u00a0\u00a0\u00a0\u00a0\u00a0\u00a0\u00a0\u00a0\u00a0\u00a0\u00a0\u00a0\u00a0\u00a0\u00a0\u00a0\u00a0\u00a0\u00a0\u00a0\u00a0\u00a0\u00a0\u00a0\u00a0\u00a0\u00a0\u00a0\u00a0\u00a0\u00a0\u00a0\u00a0\u00a0\u00a0\u00a0\u00a0\u00a0\u00a0\u00a0\u00a0\u00a0\u00a0\u00a0\u00a0\u00a0\u00a0\u00a0\u00a0\u00a0\u00a0\u00a0\u00a0\u00a0\u00a0\u00a0\u00a0\u00a0\u00a0\u00a0\u00a0\u00a0\u00a0\u00a0\u00a0\u00a0\u00a0\u00a0\u00a0\u00a0\u00a0\u00a0\u00a0\u00a0\u00a0\u00a0\u00a0\u00a0\u00a0\u00a0\u00a0\u00a0<\/p><p>Tonello\u00a0\u00a0\u00a0\u00a0\u00a0\u00a0\u00a0\u00a0\u00a0\u00a0\u00a0\u00a0\u00a0\u00a0\u00a0\u00a0\u00a0\u00a0\u00a0\u00a0\u00a0\u00a0\u00a0\u00a0\u00a0\u00a0\u00a0\u00a0\u00a0\u00a0\u00a0\u00a0\u00a0\u00a0\u00a0\u00a0\u00a0\u00a0\u00a0\u00a0\u00a0\u00a0\u00a0\u00a0\u00a0\u00a0\u00a0\u00a0\u00a0\u00a0\u00a0\u00a0\u00a0\u00a0\u00a0\u00a0\u00a0\u00a0\u00a0\u00a0\u00a0\u00a0\u00a0\u00a0\u00a0\u00a0\u00a0\u00a0\u00a0\u00a0\u00a0\u00a0\u00a0\u00a0\u00a0\u00a0\u00a0\u00a0\u00a0\u00a0\u00a0\u00a0\u00a0\u00a0\u00a0\u00a0\u00a0\u00a0\u00a0\u00a0\u00a0\u00a0\u00a0\u00a0\u00a0\u00a0\u00a0\u00a0\u00a0\u00a0\u00a0\u00a0\u00a0\u00a0\u00a0\u00a0\u00a0\u00a0<\/p><p>Scoccimarro\u00a0\u00a0\u00a0\u00a0\u00a0\u00a0\u00a0\u00a0\u00a0\u00a0\u00a0\u00a0\u00a0\u00a0\u00a0\u00a0\u00a0\u00a0\u00a0\u00a0\u00a0\u00a0\u00a0\u00a0\u00a0\u00a0\u00a0\u00a0\u00a0\u00a0\u00a0\u00a0\u00a0\u00a0\u00a0\u00a0\u00a0\u00a0\u00a0\u00a0\u00a0\u00a0\u00a0\u00a0\u00a0\u00a0\u00a0\u00a0\u00a0\u00a0\u00a0\u00a0\u00a0\u00a0\u00a0\u00a0\u00a0\u00a0\u00a0\u00a0\u00a0\u00a0\u00a0\u00a0\u00a0\u00a0\u00a0\u00a0\u00a0\u00a0\u00a0\u00a0\u00a0\u00a0\u00a0\u00a0\u00a0\u00a0\u00a0\u00a0\u00a0\u00a0\u00a0\u00a0\u00a0\u00a0\u00a0\u00a0\u00a0\u00a0\u00a0\u00a0\u00a0\u00a0\u00a0\u00a0\u00a0\u00a0\u00a0\u00a0<\/p><p><strong>Votazione segreta:<\/strong><\/p><p>Presidente\u00a0\u00a0\u00a0\u00a0\u00a0\u00a0\u00a0\u00a0\u00a0\u00a0\u00a0\u00a0\u00a0\u00a0\u00a0\u00a0\u00a0\u00a0\u00a0\u00a0\u00a0\u00a0\u00a0\u00a0\u00a0\u00a0\u00a0\u00a0\u00a0\u00a0\u00a0\u00a0\u00a0\u00a0\u00a0\u00a0\u00a0\u00a0\u00a0\u00a0\u00a0\u00a0\u00a0\u00a0\u00a0\u00a0\u00a0\u00a0\u00a0\u00a0\u00a0\u00a0\u00a0\u00a0\u00a0\u00a0\u00a0\u00a0\u00a0\u00a0\u00a0\u00a0\u00a0\u00a0\u00a0\u00a0\u00a0\u00a0\u00a0\u00a0\u00a0\u00a0\u00a0\u00a0\u00a0\u00a0\u00a0\u00a0\u00a0\u00a0\u00a0\u00a0\u00a0\u00a0\u00a0\u00a0\u00a0\u00a0\u00a0\u00a0\u00a0\u00a0\u00a0\u00a0\u00a0\u00a0\u00a0\u00a0\u00a0\u00a0\u00a0\u00a0\u00a0\u00a0<\/p><p><strong>Presentazione di un disegno di legge:<\/strong><\/p><p>Sforza, <em>Ministro degli affari esteri<\/em>\u00a0\u00a0\u00a0\u00a0\u00a0\u00a0\u00a0\u00a0\u00a0\u00a0\u00a0\u00a0\u00a0\u00a0\u00a0\u00a0\u00a0\u00a0\u00a0\u00a0\u00a0\u00a0\u00a0\u00a0\u00a0\u00a0\u00a0\u00a0\u00a0\u00a0\u00a0\u00a0\u00a0\u00a0\u00a0\u00a0\u00a0\u00a0\u00a0\u00a0\u00a0\u00a0\u00a0\u00a0\u00a0\u00a0\u00a0\u00a0\u00a0\u00a0\u00a0\u00a0\u00a0\u00a0\u00a0\u00a0\u00a0\u00a0\u00a0\u00a0\u00a0\u00a0\u00a0\u00a0\u00a0\u00a0\u00a0\u00a0\u00a0<\/p><p>Presidente\u00a0\u00a0\u00a0\u00a0\u00a0\u00a0\u00a0\u00a0\u00a0\u00a0\u00a0\u00a0\u00a0\u00a0\u00a0\u00a0\u00a0\u00a0\u00a0\u00a0\u00a0\u00a0\u00a0\u00a0\u00a0\u00a0\u00a0\u00a0\u00a0\u00a0\u00a0\u00a0\u00a0\u00a0\u00a0\u00a0\u00a0\u00a0\u00a0\u00a0\u00a0\u00a0\u00a0\u00a0\u00a0\u00a0\u00a0\u00a0\u00a0\u00a0\u00a0\u00a0\u00a0\u00a0\u00a0\u00a0\u00a0\u00a0\u00a0\u00a0\u00a0\u00a0\u00a0\u00a0\u00a0\u00a0\u00a0\u00a0\u00a0\u00a0\u00a0\u00a0\u00a0\u00a0\u00a0\u00a0\u00a0\u00a0\u00a0\u00a0\u00a0\u00a0\u00a0\u00a0\u00a0\u00a0\u00a0\u00a0\u00a0\u00a0\u00a0\u00a0\u00a0\u00a0\u00a0\u00a0\u00a0\u00a0\u00a0\u00a0\u00a0\u00a0\u00a0\u00a0<\/p><p><strong>Votazione nominale:<\/strong><\/p><p>Presidente\u00a0\u00a0\u00a0\u00a0\u00a0\u00a0\u00a0\u00a0\u00a0\u00a0\u00a0\u00a0\u00a0\u00a0\u00a0\u00a0\u00a0\u00a0\u00a0\u00a0\u00a0\u00a0\u00a0\u00a0\u00a0\u00a0\u00a0\u00a0\u00a0\u00a0\u00a0\u00a0\u00a0\u00a0\u00a0\u00a0\u00a0\u00a0\u00a0\u00a0\u00a0\u00a0\u00a0\u00a0\u00a0\u00a0\u00a0\u00a0\u00a0\u00a0\u00a0\u00a0\u00a0\u00a0\u00a0\u00a0\u00a0\u00a0\u00a0\u00a0\u00a0\u00a0\u00a0\u00a0\u00a0\u00a0\u00a0\u00a0\u00a0\u00a0\u00a0\u00a0\u00a0\u00a0\u00a0\u00a0\u00a0\u00a0\u00a0\u00a0\u00a0\u00a0\u00a0\u00a0\u00a0\u00a0\u00a0\u00a0\u00a0\u00a0\u00a0\u00a0\u00a0\u00a0\u00a0\u00a0\u00a0\u00a0\u00a0\u00a0\u00a0\u00a0\u00a0\u00a0<\/p><p><strong>Sulla verifica del numero legale:<\/strong><\/p><p>Presidente\u00a0\u00a0\u00a0\u00a0\u00a0\u00a0\u00a0\u00a0\u00a0\u00a0\u00a0\u00a0\u00a0\u00a0\u00a0\u00a0\u00a0\u00a0\u00a0\u00a0\u00a0\u00a0\u00a0\u00a0\u00a0\u00a0\u00a0\u00a0\u00a0\u00a0\u00a0\u00a0\u00a0\u00a0\u00a0\u00a0\u00a0\u00a0\u00a0\u00a0\u00a0\u00a0\u00a0\u00a0\u00a0\u00a0\u00a0\u00a0\u00a0\u00a0\u00a0\u00a0\u00a0\u00a0\u00a0\u00a0\u00a0\u00a0\u00a0\u00a0\u00a0\u00a0\u00a0\u00a0\u00a0\u00a0\u00a0\u00a0\u00a0\u00a0\u00a0\u00a0\u00a0\u00a0\u00a0\u00a0\u00a0\u00a0\u00a0\u00a0\u00a0\u00a0\u00a0\u00a0\u00a0\u00a0\u00a0\u00a0\u00a0\u00a0\u00a0\u00a0\u00a0\u00a0\u00a0\u00a0\u00a0\u00a0\u00a0\u00a0\u00a0\u00a0\u00a0\u00a0<\/p><p>Taviani\u00a0\u00a0\u00a0\u00a0\u00a0\u00a0\u00a0\u00a0\u00a0\u00a0\u00a0\u00a0\u00a0\u00a0\u00a0\u00a0\u00a0\u00a0\u00a0\u00a0\u00a0\u00a0\u00a0\u00a0\u00a0\u00a0\u00a0\u00a0\u00a0\u00a0\u00a0\u00a0\u00a0\u00a0\u00a0\u00a0\u00a0\u00a0\u00a0\u00a0\u00a0\u00a0\u00a0\u00a0\u00a0\u00a0\u00a0\u00a0\u00a0\u00a0\u00a0\u00a0\u00a0\u00a0\u00a0\u00a0\u00a0\u00a0\u00a0\u00a0\u00a0\u00a0\u00a0\u00a0\u00a0\u00a0\u00a0\u00a0\u00a0\u00a0\u00a0\u00a0\u00a0\u00a0\u00a0\u00a0\u00a0\u00a0\u00a0\u00a0\u00a0\u00a0\u00a0\u00a0\u00a0\u00a0\u00a0\u00a0\u00a0\u00a0\u00a0\u00a0\u00a0\u00a0\u00a0\u00a0\u00a0\u00a0\u00a0\u00a0\u00a0\u00a0\u00a0\u00a0\u00a0\u00a0\u00a0\u00a0\u00a0<\/p><p>Piccioni\u00a0\u00a0\u00a0\u00a0\u00a0\u00a0\u00a0\u00a0\u00a0\u00a0\u00a0\u00a0\u00a0\u00a0\u00a0\u00a0\u00a0\u00a0\u00a0\u00a0\u00a0\u00a0\u00a0\u00a0\u00a0\u00a0\u00a0\u00a0\u00a0\u00a0\u00a0\u00a0\u00a0\u00a0\u00a0\u00a0\u00a0\u00a0\u00a0\u00a0\u00a0\u00a0\u00a0\u00a0\u00a0\u00a0\u00a0\u00a0\u00a0\u00a0\u00a0\u00a0\u00a0\u00a0\u00a0\u00a0\u00a0\u00a0\u00a0\u00a0\u00a0\u00a0\u00a0\u00a0\u00a0\u00a0\u00a0\u00a0\u00a0\u00a0\u00a0\u00a0\u00a0\u00a0\u00a0\u00a0\u00a0\u00a0\u00a0\u00a0\u00a0\u00a0\u00a0\u00a0\u00a0\u00a0\u00a0\u00a0\u00a0\u00a0\u00a0\u00a0\u00a0\u00a0\u00a0\u00a0\u00a0\u00a0\u00a0\u00a0\u00a0\u00a0\u00a0\u00a0\u00a0\u00a0\u00a0\u00a0\u00a0<\/p><p>Dossetti\u00a0\u00a0\u00a0\u00a0\u00a0\u00a0\u00a0\u00a0\u00a0\u00a0\u00a0\u00a0\u00a0\u00a0\u00a0\u00a0\u00a0\u00a0\u00a0\u00a0\u00a0\u00a0\u00a0\u00a0\u00a0\u00a0\u00a0\u00a0\u00a0\u00a0\u00a0\u00a0\u00a0\u00a0\u00a0\u00a0\u00a0\u00a0\u00a0\u00a0\u00a0\u00a0\u00a0\u00a0\u00a0\u00a0\u00a0\u00a0\u00a0\u00a0\u00a0\u00a0\u00a0\u00a0\u00a0\u00a0\u00a0\u00a0\u00a0\u00a0\u00a0\u00a0\u00a0\u00a0\u00a0\u00a0\u00a0\u00a0\u00a0\u00a0\u00a0\u00a0\u00a0\u00a0\u00a0\u00a0\u00a0\u00a0\u00a0\u00a0\u00a0\u00a0\u00a0\u00a0\u00a0\u00a0\u00a0\u00a0\u00a0 Cevolotto\u00a0\u00a0\u00a0\u00a0\u00a0\u00a0<\/p><p>Cingolani\u00a0\u00a0\u00a0\u00a0\u00a0\u00a0\u00a0\u00a0\u00a0\u00a0\u00a0\u00a0\u00a0\u00a0\u00a0\u00a0\u00a0\u00a0\u00a0\u00a0\u00a0\u00a0\u00a0\u00a0\u00a0\u00a0\u00a0\u00a0\u00a0\u00a0\u00a0\u00a0\u00a0\u00a0\u00a0\u00a0\u00a0\u00a0\u00a0\u00a0\u00a0\u00a0\u00a0\u00a0\u00a0\u00a0\u00a0\u00a0\u00a0\u00a0\u00a0\u00a0\u00a0\u00a0\u00a0\u00a0\u00a0\u00a0\u00a0\u00a0\u00a0\u00a0\u00a0\u00a0\u00a0\u00a0\u00a0\u00a0\u00a0\u00a0\u00a0\u00a0\u00a0\u00a0\u00a0\u00a0\u00a0\u00a0\u00a0\u00a0\u00a0\u00a0\u00a0\u00a0\u00a0\u00a0\u00a0\u00a0\u00a0\u00a0\u00a0\u00a0\u00a0\u00a0\u00a0\u00a0\u00a0\u00a0\u00a0\u00a0\u00a0\u00a0\u00a0\u00a0\u00a0<\/p><p>Corbino\u00a0\u00a0\u00a0\u00a0\u00a0\u00a0\u00a0\u00a0\u00a0\u00a0\u00a0\u00a0\u00a0\u00a0\u00a0\u00a0\u00a0\u00a0\u00a0\u00a0\u00a0\u00a0\u00a0\u00a0\u00a0\u00a0\u00a0\u00a0\u00a0\u00a0\u00a0\u00a0\u00a0\u00a0\u00a0\u00a0\u00a0\u00a0\u00a0\u00a0\u00a0\u00a0\u00a0\u00a0\u00a0\u00a0\u00a0\u00a0\u00a0\u00a0\u00a0\u00a0\u00a0\u00a0\u00a0\u00a0\u00a0\u00a0\u00a0\u00a0\u00a0\u00a0\u00a0\u00a0\u00a0\u00a0\u00a0\u00a0\u00a0\u00a0\u00a0\u00a0\u00a0\u00a0\u00a0\u00a0\u00a0\u00a0\u00a0\u00a0\u00a0\u00a0\u00a0\u00a0\u00a0\u00a0\u00a0\u00a0\u00a0\u00a0\u00a0\u00a0\u00a0\u00a0\u00a0\u00a0\u00a0\u00a0\u00a0\u00a0\u00a0\u00a0\u00a0\u00a0\u00a0\u00a0\u00a0\u00a0<\/p><p>Cappa\u00a0\u00a0\u00a0\u00a0\u00a0\u00a0\u00a0\u00a0\u00a0\u00a0\u00a0\u00a0\u00a0\u00a0\u00a0\u00a0\u00a0\u00a0\u00a0\u00a0\u00a0\u00a0\u00a0\u00a0\u00a0\u00a0\u00a0\u00a0\u00a0\u00a0\u00a0\u00a0\u00a0\u00a0\u00a0\u00a0\u00a0\u00a0\u00a0\u00a0\u00a0\u00a0\u00a0\u00a0\u00a0\u00a0\u00a0\u00a0\u00a0\u00a0\u00a0\u00a0\u00a0\u00a0\u00a0\u00a0\u00a0\u00a0\u00a0\u00a0\u00a0\u00a0\u00a0\u00a0\u00a0\u00a0\u00a0\u00a0\u00a0\u00a0\u00a0\u00a0\u00a0\u00a0\u00a0\u00a0\u00a0\u00a0\u00a0\u00a0\u00a0\u00a0\u00a0\u00a0\u00a0\u00a0\u00a0\u00a0\u00a0\u00a0\u00a0\u00a0\u00a0\u00a0\u00a0\u00a0\u00a0\u00a0\u00a0\u00a0\u00a0\u00a0\u00a0\u00a0\u00a0\u00a0\u00a0\u00a0\u00a0\u00a0\u00a0\u00a0<\/p><p>La sedata comincia alle 15.<\/p><p>RICCIO, <em>Segretario<\/em>, legge il processo verbale della seduta pomeridiana del 23 aprile.<\/p><p>(<em>\u00c8 approvato<\/em>).<\/p><p>Congedi.<\/p><p>PRESIDENTE. Comunico che hanno chiesto congedo i deputati: Cartia, Cairo, Angelini, Lombardo Ivan Matteo, Caprani, Roselli, Arata, Canevari, Iotti Leonilde.<\/p><p>(<em>Sono concessi<\/em>).<\/p><p>Ringraziamento del Capo dello Stato.<\/p><p>PRESIDENTE. Comunico che in occasione della celebrazione del 25 aprile, che consacra la nuova libert\u00e0 italiana rinata per sacrificio sanguinoso di popolo, ho creduto di interpretare il comune sentimento esprimendo al Capo dello Stato la costante e riconoscente deferenza dell\u2019Assemblea Costituente.<\/p><p>L\u2019onorevole De Nicola mi ha fatto pervenire il suo vivo ringraziamento. (<em>Vivi applausi).<\/em><\/p><p>Ringraziamento del Corpo Accademico dell\u2019Universit\u00e0 di Trieste.<\/p><p>PRESIDENTE. In seguito alla manifestazione dell\u2019Assemblea per l\u2019Universit\u00e0 di Trieste, mi \u00e8 pervenuto il seguente telegramma:<\/p><p>\u00abMeglio non potevasi alzare dalla Costituente italiana una voce che rivendicasse in faccia al mondo il diritto di Roma contro il diritto di Brenno.<\/p><p>\u00abCorpo Accademico Universit\u00e0 Trieste ringraziavi avere fraternamente inteso e nobilmente espresso significato universale nostra protesta e lotta, oltre episodio contingente\u00bb. (<em>Vivi applausi<\/em>).<\/p><p>Sulla composizione della Commissione degli Undici.<\/p><p>PRESIDENTE. Comunico infine che l\u2019onorevole Barbareschi ha rassegnato le sue dimissioni da componente della Commissione degli Undici, non potendo \u2013 in relazione ai suoi impegni di carattere politico \u2013 partecipare assiduamente ai lavori di essa.<\/p><p>A sostituirlo ho chiamato l\u2019onorevole Giua.<\/p><p>Commemorazione di Antonio Gramsci.<\/p><p>SCOCCIMARRO. Chiedo di parlare.<\/p><p>PRESIDENTE. Ne ha facolt\u00e0.<\/p><p>SCOCCIMARRO. Il 27 aprile 1937 moriva in stato di prigionia Antonio Gramsci, gi\u00e0 deputato al Parlamento. La rievocazione che oggi qui ne facciamo supera il consueto e doveroso omaggio alla scomparsa di un rappresentante del popolo. Essa ha un pi\u00f9 alto valore e significato: \u00e8 una solenne riaffermazione della Costituente italiana di ci\u00f2 che Gramsci volle affermare col sacrificio della sua vita: lo spirito di libert\u00e0 contro la tirannia.<\/p><p>Mai come dopo la pronunciata decadenza del mandato parlamentare illegittimamente statuita dal fascismo, Antonio Gramsci fu veramente il rappresentante del popolo italiano. Mai come nell\u2019ultimo periodo della sua vita, nel periodo del carcere e del martirio, egli fu l\u2019espressione pi\u00f9 alta e pi\u00f9 nobile di quanto di pi\u00f9 sano sopravviveva nella coscienza nazionale, in quel tempo di smarrimento in cui il dilagare dei pi\u00f9 bassi istinti e dei pi\u00f9 volgari appetiti, dello scetticismo e della corruzione, del cinismo e della brutalit\u00e0 parvero segnare il declino delle forze spirituali del nostro popolo e con esso la fatale decadenza della Nazione italiana. La sorte ha voluto che fosse riservato proprio ad un uomo come Gramsci, nel quale pi\u00f9 acuto era il contrasto fra la debolezza fisica e la forza spirituale, di esprimere con la sua stessa vicenda personale il dramma di tutto un popolo: nel dissolversi delle forze fisiche si potenziavano le energie spirituali, quasi si alimentassero dello stesso sacrificio, fino ad elevarsi al vertice sublime del supremo sacrificio. Come tutti i grandi spiriti dell\u2019umanit\u00e0, Gramsci ci ha ricordato, col suo esempio, cos\u2019\u00e8 la vita e cos\u2019\u00e8 la morte: gli offrirono la vita e la libert\u00e0 a patto della sua passiva acquiescenza alla tirannia, ed egli rispose: voi mi offrite la morte spirituale. E rifiut\u00f2.<\/p><p>Vi sono fondamentali valori umani che superano ogni dottrina ed ogni ideologia; un esempio di stoico eroismo come quello dato da Antonio Gramsci non onora soltanto il Partito in cui Egli milit\u00f2: esso \u00e8 titolo d\u2019onore e di gloria per tutto il popolo italiano. Esso fa parte ormai del patrimonio spirituale della Nazione. Perci\u00f2, quando rievochiamo una qualsiasi delle grandi vittime del fascismo, ci pare che tutte risorgano, come se un vincolo ideale tutte le unisca.<\/p><p>Noi pensiamo a Gramsci e con lui ed intorno a lui vediamo risorgere Matteotti, Amendola, Gobetti, Rosselli, e tanti e tanti altri fra i migliori figli del popolo italiano, caduti nella lotta per la libert\u00e0. Il loro sacrificio \u00e8 il titolo di nobilt\u00e0 col quale noi rientriamo nella vita dei popoli liberi e civili. \u00c8 necessario mantenere viva la suggestione educativa di questi grandi esempi di fierezza, di dirittura morale, di spirito di sacrificio. Ma, in questa sede del Parlamento, il sacrificio di Antonio Gramsci assume un particolare significato: Gramsci \u00e8 caduto anche in difesa dei diritti del Parlamento. Nel giugno dello scorso anno, il decano di cui si onora questa Assemblea, Vittorio Emanuele Orlando, inaugurando i tre busti di Matteotti, Amendola, Gramsci \u2013 posti accanto ai grandi statisti del passato per ricordare ai posteri che la libert\u00e0 si difende anche col sacrificio della vita \u2013 li chiam\u00f2 la \u00abtriade luminosa\u00bb, \u00abla triade del sacrificio parlamentare\u00bb, perch\u00e9 soppressi nell\u2019adempimento del loro mandato parlamentare, soppressi per impedire l\u2019affermazione del loro ministero politico nazionale, di questo loro dovere di rappresentanti del popolo. In quest\u2019Aula si \u00e8 fatto scempio della libert\u00e0 del popolo italiano: l\u2019olocausto di Matteotti, Amendola, Gramsci basta da solo a riscattare l\u2019onore del Parlamento italiano. Antonio Gramsci entr\u00f2 nel Parlamento come deputato della circoscrizione veneta nel 1924: egli concep\u00ec il Parlamento come un posto di combattimento. In quel breve, drammatico periodo dal maggio 1924 all\u2019ottobre 1926, in cui egli esercit\u00f2 il mandato parlamentare, svolse un\u2019intensa attivit\u00e0 per collegare l\u2019opposizione parlamentare ad una attivit\u00e0 popolare nel Paese, poich\u00e9 nel legame parlamentare fra deputati e popolo egli vedeva la sostanza del mandato parlamentare democratico. Nel maggio 1925 egli prese la parola contro la legge fascista sulle organizzazioni, denunciando con potenza straordinaria di intuizione politica, la marcia progressiva del fascismo verso la tirannia. Invano la canea urlante dei gerarchi fascisti lo stringevano da presso con insulti e minacce. Gramsci continu\u00f2 impavido: volle dire e disse al popolo italiano la verit\u00e0 che il fascismo nascondeva. Ed al governo fascista cos\u00ec parl\u00f2: \u00abNoi dobbiamo dire alla popolazione lavoratrice che cosa \u00e8 il vostro governo, per organizzarla contro di voi, per metterla in condizione di vincervi\u00bb. E poi: \u00abVoi potete conquistare lo Stato, potete modificare i codici, potete cercare di impedire alle organizzazioni di esistere&#8230; ma non potete prevalere sulle condizioni obiettive in cui siete costretti a muovervi&#8230; Noi vogliamo dire al proletariato ed alle masse contadine da questa tribuna: le forze rivoluzionarie italiane non si lasceranno schiantare, il vostro torbido sogno non riuscir\u00e0 a realizzarsi\u00bb.<\/p><p>Con quel suo discorso Antonio Gramsci aveva steso il suo atto d\u2019accusa per il futuro processo dinanzi al Tribunale speciale.<\/p><p>Nel pieno esercizio del mandato parlamentare, che la Costituzione copriva di immunit\u00e0, Antonio Gramsci fu arrestato nella notte fra il 7 e 1\u20198 novembre 1926. Il giorno dopo doveva riaprirsi la Camera. Il gran Consiglio fascista aveva vagamente preannunciato minacciosi provvedimenti; soppressione di partiti, pena di morte, ecc. Era un momento drammatico della vita politica del nostro Paese.<\/p><p>Tutti gli amici di Gramsci lo consigliavano ad allontanarsi: avevano preparato la sua fuga con tutte le garanzie di sicurezza. Per due volte Gramsci rifiut\u00f2. Non volle muoversi, non volle partire. Egli volle restare perch\u00e9, in un momento decisivo come quello, egli sentiva che spettava a lui esprimere in Parlamento lo sdegno del popolo contro un governo di avventurieri. Egli sentiva che spettava a lui fustigare a sangue gli autori dei propositi liberticidi che si annunciavano. Egli conosceva i rischi a cui si esponeva: ma Antonio Gramsci era di quegli uomini i quali, di fronte al dovere, non usano patteggiare con la propria coscienza. E rimase. L\u2019onnipotente governo fascista ebbe paura della parola di Gramsci: la notte prima lo arrestarono, prima ancora che fosse pronunciata la decadenza del mandato parlamentare, in aperta violazione alla Costituzione che garantiva l\u2019immunit\u00e0.<\/p><p>Ma Antonio Gramsci rimase sempre eguale a se stesso. Quello che non pot\u00e9 dire alla Camera, lo disse dinanzi al Tribunale speciale. E, quando pi\u00f9 odiosa si fece la brutalit\u00e0 e l\u2019arroganza dei suoi accusatori, egli, senza gesti e senza pose da cui era alieno per carattere e per cultura, ai suoi carnefici in veste di giudici, lanci\u00f2 in faccia la tremenda apostrofe: \u00abVoi distruggerete l\u2019Italia, spetter\u00e0 a noi ricostruirla\u00bb: quelle parole risuonarono nell\u2019aula come il sibilo di una sferzata a sangue. L\u2019imputato si faceva accusatore. La sua condanna era segnata: lo condannarono a pi\u00f9 di venti anni di reclusione, pur senza potergli imputare alcun reato. Per Antonio Gramsci questo significava la condanna a morte. E cos\u00ec fu.<\/p><p>Onorevoli colleghi, la sorte ha voluto che l\u2019opera di Antonio Gramsci rimanesse per tanto tempo in gran parte sconosciuta agli italiani. Ma i suoi scritti saranno presto pubblicati: molti stupiranno allora nello scoprire che Antonio Gramsci, come pensatore, come politico, come scrittore \u00e8 forse la pi\u00f9 forte personalit\u00e0 apparsa sulla scena politica italiana nel primo trentennio del secolo. Tutti i problemi sui quali noi qui ci affatichiamo furono da lui indagati a fondo, con tale acutezza e penetrazione critica, con tale chiarezza e profondit\u00e0 di pensiero da costituire il contributo pi\u00f9 alto, pi\u00f9 serio, che abbia dato un uomo di cultura italiano durante il periodo del fascismo. In tutta l\u2019opera di Gramsci si ritrover\u00e0 sempre al centro un pensiero nazionale, unitario, popolare, democratico.<\/p><p>Non dir\u00f2 qui del suo pensiero: un solo punto voglio ricordare, per tutti coloro che si affaticano invano per ricercare il senso recondito della politica comunista. Poco prima di morire egli richiamava l\u2019attenzione del suo Partito su questo elemento essenziale: \u00abDopo venti anni di fascismo, nelle nuove condizioni storiche che si sono create, la lotta dei lavoratori per assurgere a classe dirigente deve porsi in termini nuovi. Bisogna lottare per creare in Italia una solida e stabile democrazia nazionale. Bisogna unificare tutte le forze sane e progressive della Nazione e guidarle verso una rivoluzione democratica che conduca a termine l\u2019opera rimasta incompiuta nel nostro Risorgimento\u00bb.<\/p><p>Questo \u00e8 il testamento politico che ci ha lasciato Antonio Gramsci: noi vi resteremo fedeli e lo tradurremo in realt\u00e0.<\/p><p>Ad Antonio Gramsci, a questo grande figlio del popolo italiano che, per altezza di ingegno e nobilt\u00e0 di carattere onora la nostra terra, a questo eroico combattente della libert\u00e0, a questo martire del dovere, vada l\u2019omaggio riverente e commosso della Costituente italiana; (<em>V<\/em><em>ivi<\/em>, <em>generali applausi<\/em>).<\/p><p>GABRIELI. Chiedo di parlare.<\/p><p>PRESIDENTE. Ne ha facolt\u00e0.<\/p><p>GABRIELI. Conobbi Antonio Gramsci in tribunale, lui sul banco del dolore, io avvolto nella toga. Non difendevo Antonio Gramsci, ma altri affratellati alla sua sorte. Alle inquisizioni volgari dei giudici per violare il segreto santuario della sua coscienza, egli oppose la sua recisa fermezza e ne imped\u00ec la profanazione. Di l\u00e0 della fragile barriera di carne, brillava dal fondo della sua anima la luce di una fede incrollabile, che fiammeggiava negli occhi, nei pensieri, negli accenti, nella parola.<\/p><p>Libert\u00e0 e giustizia sociale erano gli ideali a cui si era votato, e che egli proclam\u00f2 impavido nel pubblico dibattimento.<\/p><p>Alla difesa di tali supremi valori egli aveva impegnato tutta la sua vita: per la difesa di tali valori egli cadde. A lui il nostro omaggio reverente e commosso, la nostra perenne gratitudine di uomini liberi. (<em>Applausi<\/em>).<\/p><p>LUSSU. Chiedo di parlare.<\/p><p>PRESIDENTE. Ne ha facolt\u00e0.<\/p><p>LUSSU. Ho l\u2019onore di pronunciare poche parole su Antonio Gramsci a nome del Partito d\u2019azione e del Partito sardo d\u2019azione.<\/p><p>Ieri in Sardegna il collega onorevole Togliatti ha pronunciato una grande commemorazione di Gramsci, presenti, tra le altre, le bandiere del Partito sardo d\u2019azione e dei contadini. E nel piccolo paese di Ales dove Antonio Gramsci nacque, il massimo rappresentante delle organizzazioni del Partito sardo d\u2019azione ha commemorato Antonio Gramsci presenti i rappresentanti di tutti i contadini della zona, forse la pi\u00f9 povera, come condizioni sociali, dei lavoratori rurali della Sardegna.<\/p><p>Io vorrei qui, di fronte a tutti i colleghi che hanno vissuto questi ultimi venti anni, portare l\u2019espressione di ammirazione e di riconoscenza di quanti han visto in Gramsci la magnifica e salda guida che con l\u2019esempio additava per l\u2019azione politica e per la resistenza agli oppressori la via sicura.<\/p><p>Soprattutto io qui sento che esprimo la coscienza di una generazione di giovani che nelle carceri, nel confino, nell\u2019esilio, non ha affatto sentito di essere sacrificata per il fatto che pi\u00f9 che altri era obbligata a soffrire in questa lotta che una piccola avanguardia conduceva, che non si sentiva sacrificata, ma che voleva il suo posto per compiere il proprio dovere senza alcuna iattanza. In Antonio Gramsci questa generazione vede il Maestro, per cui egli appartiene a tutti, a tutti i partiti, a quanti hanno anteposto la dignit\u00e0 umana e la volont\u00e0 di liberazione agli altri problemi contingenti. \u00c8 il Maestro di tutti, una guida del popolo italiano, che ha dimostrato a tutti la dignit\u00e0 della rinascita, che noi commemoriamo oggi in Antonio Gramsci.<\/p><p>Egli svolse la sua azione, egli proveniente da un paese rurale infinitamente povero, e fece la sua esperienza in una citt\u00e0 fermento di vita moderna, e nella fabbrica, nella Fiat. Egli ha saputo creare nel movimento operaio un ambiente nuovo che ha suscitato un fermento nuovo. Noi tutti abbiamo sentito, lontani o vicini a lui, a fianco degli operai e a fianco dei contadini, tutti abbiamo sentito questa impronta nuova che Antonio Gramsci ha portato con la sua azione e col suo pensiero nella fabbrica. Ed egli ha creato una nuova forma di vita nella fabbrica e una nuova coscienza, per cui al vecchio, o al socialismo tradizionale fatto di motivi di agitazione e di spontaneit\u00e0, egli ha sostituito con ferrea decisione questa nuova volont\u00e0 politica della classe operaia: volont\u00e0 politica come volont\u00e0 critica di costruzione che in s\u00e9 aveva la visione del problema operaio e dei problemi di tutto il Paese; classe che si poneva come classe dirigente in un momento infinitamente complicato della vita europea, e che in s\u00e9 riassumeva i motivi generali di tutto il Paese, perch\u00e9 non parlava solo come classe, con motivi di classe, come esclusivit\u00e0 di classe: era in fondo l\u2019intuizione che gli operai della Fiat avevano avuto quando, con la semplicit\u00e0 che allora faceva sorridere qualcuno, offrirono la loro candidatura, la loro rappresentanza di operai a Gaetano Salvemini, figlio di contadini poveri delle Puglie, del Mezzogiorno.<\/p><p>E vorrei sottolineare a questa Assemblea, un altro spiccato carattere dell\u2019individualit\u00e0 umana e morale di Antonio Gramsci. Quando si leggono le lettere che di lui recentemente sono state pubblicate, si vede che Antonio Gramsci non era solo il politico, il pensatore geniale, l\u2019organizzatore senza fatica, ma era soprattutto portatore di un grande senso umano della vita. Queste sue lettere lo ricorderanno; e lo ricorderanno ovunque le ultime parole della sua vita, che egli rivolse poco prima che spirasse, in sardo, nell\u2019idioma del suo piccolo villaggio natale, alla madre lontana.<\/p><p>Antonio Gramsci \u00e8 per noi, oltre che un maestro di vita, oltre che una guida, anche un esempio umano, profondamente umano.<\/p><p>Egli, come Piero Gobetti, aveva imparato a conoscere i problemi delle isole del Mezzogiorno, pi\u00f9 che nella vita vissuta nella letteratura sociale e politica, ed era arrivato, come Gobetti, alla visione della conciliazione necessaria in Italia fra operai e contadini per risolvere il problema meridionale come problema nazionale.<\/p><p>Delle lunghe conversazioni che io ebbi con lui in questi corridoi e in queste sale, potrei ricordare molte cose. Egli era diventato anche \u2013 cosa quasi strana \u2013 un autonomista; e a me, nel settembre del 1926, disse che se in Europa vi fosse stata la situazione favorevole per una rivoluzione comunista e l\u2019Italia avesse potuto, attraverso un grande partito comunista, portare il Paese alla rivoluzione, si sarebbe lasciato certissimamente il governo dell\u2019Isola al Partito sardo d\u2019azione con istituti particolari. Consapevole come egli era che il problema che poneva il Partito sardo d\u2019azione per la Sardegna, per le isole, per il Mezzogiorno, era identico, della stessa natura politica di quel problema che egli poneva a Torino, in mezzo agli operai di quelle fabbriche.<\/p><p>Onorevoli colleghi, a qualunque partito noi apparteniamo, comunisti, filocomunisti, differenziati in grandi o in piccole forme dal Partito comunista, democratici delle varie tinte, tutti quanti abbiamo fede nella ricostruzione del nostro Paese, dobbiamo guardare ad Antonio Gramsci come ad una delle pi\u00f9 luminose luci che, nelle tenebrose notti del popolo italiano, si \u00e8 accesa come faro, guida e speranza. Egli \u00e8 certamente una delle pi\u00f9 grandi figure unitarie del genio del popolo italiano. (<em>Applausi<\/em>).<\/p><p>TARGETTI. Chiedo di parlare.<\/p><p>PRESIDENTE. Ne ha facolt\u00e0.<\/p><p>TARGETTI. Onorevoli colleghi, in uno dei giorni pi\u00f9 tristi, pi\u00f9 grigi per la libert\u00e0, per la civilt\u00e0 politica d\u2019Italia, in questa stessa Aula, un\u2019accozzaglia di pretoriani che si erano camuffati da deputati tolsero ai veri rappresentanti del popolo quella immunit\u00e0 che dal popolo a loro derivava.<\/p><p>Prima ancora di questa violazione scandalosa ed aperta di fondamentali norme costituzionali Antonio Gramsci \u2013 lo ricordava poc\u2019anzi l\u2019onorevole Scoccimarro \u2013 era stato tratto in arresto. Ma quella violazione sfacciata della Costituzione dette un aspetto legale alla pi\u00f9 grande illegalit\u00e0.<\/p><p>Il fascismo voleva Antonio Gramsci nelle sue mani, sapendo che da quelle mani criminali non sarebbe uscito vivo: Amendola, Matteotti \u2013 per restare nell\u2019ambito dei rappresentanti del popolo al Parlamento \u2013 furono abbattuti d\u2019un sol colpo; Pilati, il nostro caro compagno Pilati, fu, con pochi colpi, in un solo istante trucidato.<\/p><p>Contro Antonio Gramsci, la condanna a morte non si poteva pronunciare, ma si pronunzi\u00f2 una condanna forse ancora pi\u00f9 spietata, la condanna a morire, perch\u00e9 per 10 anni, si pu\u00f2 dire che abbia durato la sua morte: morte sicuramente prevista, morte voluta.<\/p><p>Onorevoli colleghi, noi del Partito socialista italiano sentiamo di ricordare, di rimpiangere, di piangere Antonio Gramsci come un fratello, come un compagno.<\/p><p>Egli in quei giorni lontani si allontan\u00f2 da noi, ma le ragioni del dissenso non trovano posto nel ricordo, nel rimpianto e nel compianto degli animi nostri. Non vi troverebbero posto neppure se non fossero state in gran parte superate da quel testamento politico, al quale si riferiva il compagno Scoccimarro.<\/p><p>Per\u00f2, onorevoli colleghi, lasciatemi aggiungere anche questo: a me sembra che, quando ci accade, cedendo ad un desiderio, ad un bisogno, ad un orgoglio pi\u00f9 che legittimo, di rievocare queste grandi figure nel nome della parte che fu la loro, mi sembra che, contro la nostra volont\u00e0, se ne circoscriva la grandezza. Quando per una fede si \u00e8 capaci di volere, di soffrire, di morire come Antonio Gramsci, vien fatto quasi di non chiederci pi\u00f9 quale fosse quella fede, tanto l\u2019animo nostro rimane preso di ammirazione, di commossa riconoscenza, innanzi a queste superbe testimonianze di grandezza morale che anche in mezzo a tante debolezze, a tante cose tristi, rafforzano in noi la fede in un migliore destino di questo mondo di umani che, alle volte, appare, sotto certi aspetti, disumano. (<em>Applausi<\/em>).<\/p><p>CALOSSO. Chiedo di parlare.<\/p><p>PRESIDENTE. Ne ha facolt\u00e0.<\/p><p>CALOSSO. Dir\u00f2 due parole su Antonio Gramsci, come suo compagno di scuola di 32 anni fa. Ci\u00f2 che in lui era pi\u00f9 vivo, ed in certo senso incomunicabile, era il senso di concretezza con cui Gramsci affrontava tutti i problemi. Egli partiva dalla cosa concreta e solo dopo una lunga analisi obiettiva si comprendeva che la obiettivit\u00e0 stessa coincideva col marxismo e il socialismo. Si poteva parlare con lui delle ore senza afferrare che egli era un socialista. Lo si intravedeva poi fra le linee generali del suo pensiero. Come tale si pu\u00f2 dire che egli sia stato antidemagogo, anti-Mussolini, l\u2019uomo pi\u00f9 lontano da quel massimalismo mussoliniano astratto, fatto di schemi violenti, che hanno portato tanta jattura nel nostro Paese.<\/p><p>Aveva vivo il senso della concretezza, della Nazione che sentiva fortemente, e nella sua originalit\u00e0 dell\u2019Italia, in quel che ha di incomunicabile, di peculiare, di divino, se vogliamo. Il senso della regione era, in lui, fortissimo e ci pu\u00f2 guidare ancora adesso in questa nostra discussione sulle regioni. Egli era sardo di origine, divenuto piemontese di elezione, ma sentiva in s\u00e9 profondamente la Sardegna ed il Piemonte e sentiva la saldezza d\u2019Italia come un allacciamento del settentrione e del meridione, della classe operaia del settentrione e della classe contadina del meridione.<\/p><p>Quello che egli scriveva, prima di essere un\u2019idea, era un\u2019esperienza personale. Cos\u00ec egli aveva vivo il senso della qualifica operaia. Egli sentiva la classe operaia come l\u2019aristocrazia del genere umano e quindi sentiva vivo il senso della qualifica dell\u2019operaio. E questo suo orientamento si esplic\u00f2 in una famosa battaglia con cui, in un certo senso coincide la sua vita, quella di trasformare le Commissioni interne di fabbrica, organo sindacale creato durante la guerra, nei consigli di fabbrica; egli cio\u00e8 sentiva la lotta operaia per la redenzione del mondo non come una battaglia frontale, alla Cadorna, o anche come la sentivano lo organizzazioni sindacali, ma come qualche cosa che si concretava in quei consigli di fabbrica interni, germi vivi, organici dal cui evolvere doveva fiorire la nuova societ\u00e0.<\/p><p>Io mi ricordo quando parlava agli operai o ai piccoli gruppi che egli amava, oppure quando parlava nella Camera del lavoro di Torino, con quella sua voce esile esile, che appena si sentiva, cercando a stento le parole, senza la minima demagogia o gesticolazione, rimproverando gli operai aspramente, talvolta, su qualche problema, parlando sempre alla classe operaia, alla aristocrazia del genere umano il linguaggio pi\u00f9 difficile, voglio dire il pi\u00f9 alto possibile, perch\u00e9 non si va alla classe operaia, non si scende alla classe operaia, si eleva la classe operaia, si sale alla classe operaia. Perci\u00f2 il suo linguaggio, che pu\u00f2 sembrare duro, e che a Torino era compreso, di fatto, dagli operai, era meno compreso dalle altre classi. E gli operai lo stavano a sentire in un religioso silenzio.<\/p><p>Dato questo temperamento cos\u00ec geniale, egli fu l\u2019uomo pi\u00f9 grande che ho avuto la fortuna di incontrare. \u00c8 naturale che egli non fosse chiuso nei settarismi di partito. Egli, che pure aveva certi settarismi, in certi campi \u2013 non vogliamo che dirne bene soltanto, anche se non vogliamo farne un elogio funebre, perch\u00e9 vorremmo averlo qui vivo \u2013 \u00e8 naturale che uscisse fuori dello stesso partito ed avesse un senso umano larghissimo. La sua cultura filosofica era di primo ordine, per cui credo che in quest\u2019Aula possa dirsi erede Togliatti suo amico. Mi ricordo che fu tra i primi, tra i primissimi durante la guerra ad annunciare Pirandello, di cui ebbe una visione notevole; cio\u00e8 sent\u00ec in Pirandello non il filosofo ma il poeta, specie in quelle note regionali siciliane. Nel campo religioso noi tutti siamo tributari a lui, perch\u00e9 se abbiamo abbandonato certe posizioni di anticlericalismo (parler\u00f2 da questa parte, verso la sinistra, per essere compreso)&#8230;<\/p><p><em>Una voce al centro<\/em>. Parli pure da questa parte che la comprendiamo lo stesso.<\/p><p>C\u00c0LOSSO. &#8230;lo dobbiamo ad Antonio Gramsci, il quale in Italia ha abolito il vecchio anticlericalismo. Il primo ad avere un vivo interesse ai problemi religiosi fu Gramsci. Mi ricordo che una volta l\u2019<em>Ordine Nuovo<\/em> fu l\u2019unico giornale a recensire un quaresimale. Egli diceva che solo il socialismo ci pu\u00f2 dare la pace religiosa.<\/p><p>E questo \u00e8 profondamente vero quando si trovano degli uomini di buona volont\u00e0 capaci di capire queste parole. Per noi \u00e8 pi\u00f9 facile comprenderle oggi, dopo l\u2019esperienza che abbiamo fatto: era difficilissimo comprenderle nel 1919.<\/p><p>E cos\u00ec in molti altri problemi port\u00f2 questa larghezza mentale che fa la sua gloria.<\/p><p>Non si parla, non si pu\u00f2 parlare di un morto, che \u00e8 ancora vivo, senza fare qualche critica. Anch\u2019egli avrebbe fatto cos\u00ec. Bisogna fare qualche critica per sottolineare la vita di quest\u2019uomo.<\/p><p>Ebbene, mi pare che egli abbia sbagliato in una cosa, egli che pur partiva dalla concretezza spregiudicata. Dove sbagli\u00f2 fu nel non vedere a tempo il fascismo prima della marcia su Roma. Carne, sangue, manganello: un pericolo. No: egli non lo vide. Siccome non credeva al movimento fascista, egli lo ignorava, diceva che non esisteva. Ma un giorno a me confess\u00f2 confidenzialmente, a tarda notte: \u00abIl fascismo \u00e8 un mistero!\u00bb.<\/p><p>Non dobbiamo pi\u00f9 ripetere questo errore: fare degli schemi e ignorare la realt\u00e0. Nonostante questo errore, credo che Gramsci sia l\u2019uomo pi\u00f9 grande, insieme con Gobetti, prodotto in questi ultimi trent\u2019anni. (<em>Applausi<\/em>).<\/p><p>MACRELLI. Chiedo di parlare.<\/p><p>PRESIDENTE. Ne ha facolt\u00e0.<\/p><p>MACRELLI. I repubblicani si associano alla commemorazione di Antonio Gramsci. Noi lo ricordiamo qui esile, pallido, tutto fronte e sguardo alzarsi a difesa delle libert\u00e0 del popolo, della libert\u00e0 del Parlamento.<\/p><p>Egli era veramente un cervello che funzionava: e quando nell\u2019aula oscura del Tribunale speciale si alz\u00f2 il rappresentante del regime fascista, della legge fascista e pronunci\u00f2 quella frase tragica e beffarda nello stesso tempo: \u00abPer vent\u2019anni quel cervello cesser\u00e0 di funzionare\u00bb, noi sentimmo che il regime aveva tentato di liberarsi di un suo avversario formidabile e pericoloso. Ma comprendemmo nello stesso tempo che Antonio Gramsci anche nel carcere avrebbe continuato a combattere e a lottare: e cos\u00ec fu. Ecco perch\u00e9 oggi noi, voi, doverosamente lo ricordiamo, soprattutto come esempio e come monito, per noi e per i venturi. (<em>Applausi<\/em>).<\/p><p>CORSI. Chiedo di parlare.<\/p><p>PRESIDENTE. Ne ha facolt\u00e0.<\/p><p>CORSI. Come in quest\u2019Aula per le nobili parole dell\u2019onorevole Scoccimarro e degli altri colleghi nostri, cos\u00ec, oggi, in tutte le citt\u00e0 e i villaggi di Sardegna si evoca la figura eroica di Antonio Gramsci e questo avviene con la partecipazione spontanea dei cittadini di ogni parte politica, i quali hanno voluto rendere soprattutto omaggio alla forza morale e spirituale che anim\u00f2 l\u2019opera generosa ed eroica del nostro collega scomparso. Non poteva essere diversamente in una regione dove l\u2019austerit\u00e0 della vita ed il dolore umano caratterizzano ogni rapporto per l\u2019asprezza di quella vita e di quei rapporti.<\/p><p>Antonio Gramsci svolse la sua azione molteplice di uomo di cultura e di uomo di azione, nel campo politico e sindacale, soprattutto fuori della sua Isola, fuori della nostra Sardegna. Ma egli fu ben apprezzato e riconosciuto in questa molteplicit\u00e0 di lavoro intellettuale e pratico, perch\u00e9 in Sardegna \u00e8 antica la tradizione del movimento operaio, perch\u00e9 ivi, contadini, minatori, ceti intellettuali da molti decenni si orientano e si affermano anch\u2019essi verso un\u2019opera di redenzione, di conquista di pi\u00f9 alti valori spirituali e di rivendicazioni materiali. Ecco perch\u00e9 io ho voluto aggiungere la mia modesta parola, come rappresentante dei socialisti di Sardegna, per associarmi nell\u2019omaggio alla memoria del nostro compagno e collega. Oltre ogni divisione scolastica, oggi Antonio Gramsci, mentre la democrazia ed il lavoro italiano riprendono l\u2019opera di ricostruzione del nostro Paese, segna una luce alla quale noi continueremo a guardare. (<em>Applausi<\/em>).<\/p><p>COLITTO. Chiedo di parlare.<\/p><p>PRESIDENTE. Ne ha facolt\u00e0.<\/p><p>COLITTO. Il gruppo del quale faccio parte si associa a mio mezzo, con cuore sincero, alla commemorazione vibrante, che dagli altri settori dell\u2019Assemblea \u00e8 stata fatta di Antonio Gramsci. La sua anima non \u00e8 indubbiamente di quelle che si perdono nel vuoto. Il ricordo di essa ritorner\u00e0, perci\u00f2, con pungente nostalgia, di continuo, tutte le volte in cui la nostra mente ed il nostro cuore andranno alla ricerca del prototipo di un uomo, dalla fede indefettibile, figura nobilmente luminosa, che profondamente ami la Patria e la libert\u00e0. (<em>Applausi<\/em>).<\/p><p>CEVOLOTTO. Chiedo di parlare.<\/p><p>PRESIDENTE. Ne ha facolt\u00e0.<\/p><p>CEVOLOTTO. A nome del mio Gruppo, mi associo alle parole che sono state dette per esaltare la figura di Antonio Gramsci, che alla lotta per la libert\u00e0 dette tutta l\u2019altezza del suo pensiero, tutta la grandezza del suo animo, sorretta malamente da cos\u00ec scarse forme fisiche; ma in lui il pensiero vinceva sempre la materia. Gli italiani tutti, anche quella enorme maggioranza che in questi vent\u2019anni ha sopportato e si \u00e8 adattata \u2013 e oggi molti sembrano ostentare, quasi come un merito, di aver agito in un modo ma di avere segretamente pensato in modo diverso \u2013 anche questa maggioranza deve inchinarsi ai martiri che col loro sacrificio hanno rivendicato la dignit\u00e0 della nostra Nazione e hanno aperto le vie verso l\u2019avvenire. (<em>Applausi<\/em>).<\/p><p>CRISPO. Chiedo di parlare.<\/p><p>PRESIDENTE. Ne ha facolt\u00e0.<\/p><p>CRISPO. Il gruppo liberale si associa con vivo fervore alla rievocazione della grande figura di Antonio Gramsci. Noi lo consideriamo al di sopra di tutte le ideologie che possono essere il patrimonio di un partito: il suo nome riassume per noi, come in una espressione simbolica, tutti i grandi valori etici universali.<\/p><p>La sua vita, il suo sacrificio, il suo martirio restano, e vogliono essere, non soltanto come la protesta dello spirito umano contro l\u2019infamia della tirannide, ma come un esempio, come un ammonimento, soprattutto come una grande eredit\u00e0 che noi abbiamo il dovere di raccogliere per i futuri destini della democrazia italiana. (<em>Applausi<\/em>).<\/p><p>BRUNI. Chiedo di parlare.<\/p><p>PRESIDENTE. Ne ha facolt\u00e0.<\/p><p>BRUNI. Mi associo di tutto cuore alla commemorazione di Antonio Gramsci, intendendo di onorare in lui un infaticabile apostolo delle libert\u00e0 politiche e dell\u2019elevazione delle classi lavoratrici. (<em>Applausi<\/em>).<\/p><p>GRONCHI. Chiedo di parlare.<\/p><p>PRESIDENTE. Ne ha facolt\u00e0.<\/p><p>GRONCHI. Il collega Gabrieli ha voluto portare la sua espressione di omaggio personale alla memoria di Gramsci. Non pu\u00f2 mancare la ufficiale partecipazione del Gruppo democristiano a questa commemorazione.<\/p><p>Per noi, ogni combattente per un ideale di libert\u00e0 e di giustizia \u00e8 degno di omaggio, al di sopra di ogni dissenso; ma, quando un combattente ha la statura morale e intellettuale di Gramsci, ed ha testimoniato la sincerit\u00e0 della sua fede col sacrificio supremo di ogni suo interesse e della sua vita medesima, raggiunge veramente un\u2019altezza che pu\u00f2 per noi rappresentare, e non iperbolicamente, la incarnazione di quel principio di devozione alla propria fede, che \u00e8 a fondamento del nostro pensiero e delle nostre idealit\u00e0.<\/p><p>Egli fu un combattente per la causa della libert\u00e0 e della giustizia; fu perci\u00f2 un combattente per la causa della civilt\u00e0.<\/p><p>Noi ci sentiamo identificati in lui ogni volta che, dimenticando gli interessi di parte, ci eleviamo ad una considerazione pi\u00f9 alta e pi\u00f9 integrale degli interessi del popolo e della giustizia, che sono, insieme, interessi del nostro Paese e dell\u2019umanit\u00e0 rinnovata. (<em>Applausi<\/em>).<\/p><p>GASPAROTTO, <em>Ministro della difesa<\/em>. Chiedo di parlare.<\/p><p>PRESIDENTE. Ne ha facolt\u00e0.<\/p><p>GASPAROTTO, <em>Ministro della difesa<\/em>. Il Governo si associa a queste nobili parole. I precedenti di questi grandi, fra i quali rifulge il nome di Antonio Gramsci, costituiscono il germe dal quale \u00e8 fiorito lo spirito di resistenza che ha riabilitato l\u2019Italia di fronte al mondo. Il nome di Gramsci, insieme con i suoi compagni di sventura e di gloria, \u00e8 luce di esempio per i nostri figli. (<em>Applausi<\/em>).<\/p><p>PRESIDENTE. (<em>Si leva in piedi e con lui tutti i deputati e il pubblico delle tribune<\/em>). Onorevoli colleghi, ieri folle attente e commosse hanno ascoltato, in diecine e diecine di localit\u00e0, la parola commemorativa della vita nobilissima e della morte tragica di Antonio Gramsci. Oggi, a coronamento della celebrazione, a significarne il carattere non di parte, ma nazionale, i rappresentanti del popolo hanno riassunto e fissato, in espressioni di piet\u00e0 reverente e di ammirata esaltazione, il sentimento unanime che in loro suscita il ricordo del grande italiano che seppe e volle morire perch\u00e9 nel mondo fosse riscattato il nome d\u2019Italia, e in Italia fosse riscattata la libert\u00e0 degli italiani.<\/p><p>Antonio Gramsci sedette in quest\u2019Aula deputato di un Partito che, fin dalla sua prima costituzione, egli aveva pensato come destinato ai maggiori sacrifici in servizio del bene comune del nostro popolo. Ma se si ricercano, negli atti parlamentari, le parole che Gramsci pronunci\u00f2 in quest\u2019Aula, poche se ne trovano, poich\u00e9 Egli esercit\u00f2 il suo mandato nel tempo nel quale grandi furono le offese e le umiliazioni che il fascismo, reso tracotante dalla pavidit\u00e0 remissiva dei pi\u00f9, impose all\u2019istituto massimo della democrazia, il Parlamento, non ancora soppresso per pi\u00f9 beffarlo e pi\u00f9 farne ludibrio. Ma quelle poche parole stanno, nel grigiore opaco di quei tempi, come un balenante <em>mane-techel-phares<\/em> gettato in sfida ai dominatori imbestialiti.<\/p><p>Ponendo il busto di Antonio Gramsci nella galleria consacrata ai cittadini che nel corso dell\u2019ultimo secolo pi\u00f9 hanno dato per l\u2019unit\u00e0, la libert\u00e0, l\u2019indipendenza dell\u2019Italia, il Parlamento ne ha dichiarato, dinanzi ai tempi futuri, i meriti senza pari di cittadino, come pensatore e studioso, come educatore ed organizzatore di popolo, come dirigente politico, come uomo dall\u2019animo eroico e virtuoso che seppe seguire per primo e seppe sacrificarsi alla legge di fraternit\u00e0 e di altruismo, che sogn\u00f2 divenisse, che diverr\u00e0; che noi faremo divenire legge suprema del popolo italiano. (<em>Vivissimi, generali applausi<\/em>).<\/p><p>Seguito della discussione del progetto di Costituzione della Repubblica italiana.<\/p><p>PRESIDENTE. L\u2019ordine del giorno reca: Seguito della discussione del progetto di Costituzione della Repubblica italiana. Nell\u2019ultima seduta \u00e8 stato esaurito lo svolgimento di tutti gli emendamenti all\u2019articolo 27. Chiedo ora alla Commissione di esprimere il suo parere su di essi.<\/p><p>TUPINI, <em>Presidente della prima sottocommissione<\/em>. Onorevole Presidente, \u00e8 stato presentato, all\u2019ultim\u2019ora, il seguente emendamento che gradirei fosse svolto:<\/p><p><em>Sostituire l\u2019articolo 27 col seguente<\/em><em>:<\/em><\/p><p>\u00abL\u2019arte e la scienza sono libere e libero ne \u00e8 l\u2019insegnamento.<\/p><p>\u00abLa Repubblica detta le norme generali sull\u2019istruzione, ed istituisce scuole statali per tutti gli ordini e gradi.<\/p><p>\u00abEnti e privati hanno diritto di istituire scuole con la sola osservanza delle norme di diritto comune.<\/p><p>\u00abLa legge, nel fissare i diritti e gli obblighi delle scuole non statali che chiedono la parificazione, deve assicurare ad esse libert\u00e0 effettiva ed ai loro alunni parit\u00e0 di trattamento con gli alunni degli istituti statali.<\/p><p>\u00abPer garantire l\u2019eguaglianza di condizioni a tutte le scuole e la seriet\u00e0 degli studi nell\u2019interesse della collettivit\u00e0, un esame di Stato \u00e8 prescritto al termine degli studi secondari e per l\u2019abilitazione all\u2019esercizio delle professioni.<\/p><p>\u00abAlle istituzioni di alta cultura, universit\u00e0 e accademie, \u00e8 riconosciuto il diritto di darsi autonomi ordinamenti.<\/p><p>\u00abDossetti, Gronchi, Moro, Monterisi, Di Fausto, Franceschini, Bianchini Laura, Foresi, Caronia, Guerrieri Filippo, Bertola\u00bb.<\/p><p>PRESIDENTE. Mi perdoni, onorevole Tupini, ma io non credo che possa essere ancora svolto questo emendamento, poich\u00e9 avevamo gi\u00e0 chiuso la parte della nostra discussione dedicata allo svolgimento degli emendamenti. D\u2019altra parte, mi pare che in questo tardivo emendamento siano riassunti molti concetti contenuti in emendamenti gi\u00e0 presentati e svolti. Pertanto, penso che la Commissione possa senz\u2019altro esprimere il suo avviso, oltre che sugli altri emendamenti, anche su questo.<\/p><p>TUPINI, <em>Presidente della Prima Sottocommissione<\/em>. Sta bene. Tuttavia la Commissione non ha avuto occasione, n\u00e9 tempo, n\u00e9 modo di esaminare quest\u2019ultimo emendamento. Io ne ho fatto or ora un esame sommario e ho l\u2019impressione che esso veramente riassuma in gran parte i precedenti emendamenti presentati dagli onorevoli Tumminelli, Rossi Paolo, Trevos, Rodi e altri, nonch\u00e9 quelli degli onorevoli Camposarcuno, Bettiol, Leone, Martino, Caronia e Colonnetti.<\/p><p>Vi sono poi altri emendamenti a firma Bernini, Bianchi, Marchesi ed altri. A me sembra che questi riassumano un pensiero unitario da contrapporre a quello degli onorevoli Dossetti, Gronchi, Monterisi ecc. Si \u00e8 venuto cos\u00ec a determinare uno schieramento di due gruppi distinti, per non dire avversi, ciascuno dei quali si \u00e8 allontanato in modo notevole dal pensiero e dalla formula dell\u2019art. 23 del progetto. Di fronte a tale situazione la Commissione, pur rammaricandosi di non poter insistere sulla sua formula, si rimette completamente all\u2019Assemblea e al suo Presidente.<\/p><p>Tocca dunque a lei, onorevole Presidente, di fare la fatica maggiore in questa tornata dell\u2019Assemblea, per orientare la votazione verso risultati chiari e soddisfacenti.<\/p><p>TUMMINELLI. Chiedo di parlare.<\/p><p>PRESIDENTE. Ne ha facolt\u00e0.<\/p><p>TUMMINELLI. Del mio emendamento manterrei soltanto i commi secondo, terzo ed ultimo; e per il resto mi assocerei all\u2019emendamento Dossetti.<\/p><p>PRESIDENTE. Sta bene.<\/p><p>Chieder\u00f2 ora agli onorevoli presentatori degli emendamenti se, dopo le dichiarazioni che sono state fatte dall\u2019onorevole Tupini, essi intendano mantenerli o meno.<\/p><p>Pregherei i colleghi che hanno presentato emendamenti di commisurarli alla stregua dell\u2019emendamento presentato nella giornata di oggi a firma degli onorevoli Dossetti, Gronchi e altri, e poi agli altri emendamenti che l\u2019onorevole Tupini ha designato giustamente, come emendamenti base in contrapposto al primo testo della Commissione \u2013 per esempio quello dell\u2019onorevole Paolo Rossi \u2013 e di tener presente anche l\u2019emendamento dell\u2019onorevole Tumminelli, nei limiti in cui egli in questo momento ha dichiarato di conservarlo.<\/p><p>Vi \u00e8, anzitutto, l\u2019articolo 26-<em>bis<\/em> presentato dagli onorevoli Franceschini, Bianchini Laura, Lazzati, Cremaschi Carlo, Gortani, che avevamo indicato come emendamento da prendere in considerazione in sede di esame dell\u2019articolo 27. Esso \u00e8 del seguente tenore:<\/p><p>\u00abOgni cittadino ha diritto a ricevere istruzione ed educazione adeguate allo sviluppo integrale della propria personalit\u00e0 e all\u2019adempimento dei propri compiti sociali\u00bb.<\/p><p>Chiedo ai presentatori se intendono mantenerlo.<\/p><p>FRANCESCHINI. Avendo aderito all\u2019emendamento Dossetti-Gronchi, i miei colleghi ed io rinunciamo al nostro emendamento.<\/p><p>PRESIDENTE. L\u2019onorevole Tumminelli ha presentato il seguente emendamento:<\/p><p>\u00ab<em>Sostituirlo col seguente<\/em><em>:<\/em><\/p><p>\u00abLe manifestazioni e le creazioni dell\u2019arte, della scienza, del pensiero sono libere: e libero \u00e8 il loro insegnamento.<\/p><p>\u00abLa scuola \u00e8 libera nel metodo e nell\u2019interiore respiro, entro i lineamenti generali sull\u2019istruzione dettati dalle leggi.<\/p><p>\u00abL\u2019educazione fisica \u00e8 organizzata e impartita in armonia e in correlazione a princip\u00ee auxologici, con finalit\u00e0 esclusive di sanit\u00e0, igiene e attivit\u00e0 ginnico-sportiva.<\/p><p>\u00abLo Stato favorisce e istituisce gli organi idonei a tale scopo.<\/p><p>\u00abLo Stato detta i lineamenti generali sull\u2019istruzione e organizza la scuola, in tutti i suoi gradi, mediante istituti statali.<\/p><p>\u00abLa scuola di Stato, presidio della cultura e della continuit\u00e0 della tradizione spirituale del popolo italiano, favorisce e appaga tutte le esigenze tecniche, professionali e scientifiche per la specializzazione dei lavoratori e il conseguente incremento della produzione industriale e agricola del Paese\u00bb.<\/p><p>Egli ha ora dichiarato di mantenere soltanto i commi secondo, terzo ed ultimo.<\/p><p>Gli onorevoli Rossi Paolo, Binni, Preti e Mazzei hanno presentato il seguente emendamento:<\/p><p>\u00ab<em>Sostituirlo col seguente<\/em><em>:<\/em><\/p><p>\u00abL\u2019arte e la scienza sono libere in ogni loro manifestazione; e libero \u00e8 il loro insegnamento.<\/p><p>\u00abL\u2019istruzione, di qualunque grado, \u00e8 tra le precipue funzioni dello Stato, che detta le norme generali, organizza la scuola statale in tutti i suoi gradi e tipi e riconosce ad enti ed a privati la facolt\u00e0 di istituire scuole e istituti d\u2019educazione. La legge ne determina i diritti e gli obblighi.<\/p><p>\u00abSpetta allo Stato il conferimento dei titoli legali di studio nei vari ordini e gradi di scuole e dei diplomi di abilitazione all\u2019esercizio professionale\u00bb.<\/p><p>Non essendo presente l\u2019onorevole Rossi Paolo, il secondo firmatario, onorevole Binni, ha facolt\u00e0 di dichiarare se intende mantenerlo.<\/p><p>BINNI. Lo mantengo, e desidero anche precisare che l\u2019onorevole Rossi, nel corso dello svolgimento dell\u2019emendamento, aveva dichiarato di accettare l\u2019inserimento dell\u2019emendamento Marchesi, del seguente tenore:<\/p><p>\u00ab<em>Aggiungere alla fine dell\u2019articolo il seguente comma<\/em><em>:<\/em><\/p><p>\u00abLa scuola privata ha pieno diritto alla libert\u00e0 d\u2019insegnamento\u00bb.<\/p><p>Desidererei che l\u2019emendamento avesse la precedenza nella votazione.<\/p><p>PRESIDENTE. Adesso vedremo, onorevole Binni.<\/p><p>Gli onorevoli Codignola, Zanardi, Corsanego, Priolo, Pera e Preti hanno presentato il seguente emendamento:<\/p><p>\u00ab<em>Sostituirlo col seguente<\/em><em>:<\/em><\/p><p>\u00abLa Repubblica garantisce la libert\u00e0 d\u2019insegnamento, organizza la scuola in ogni ordine e grado, conferisce i titoli legali di studio\u00bb.<\/p><p>Chiedo all\u2019onorevole Codignola se intende mantenerlo.<\/p><p>CODIGNOLA. Lo mantengo.<\/p><p>PRESIDENTE. Chiedo all\u2019onorevole Treves se intende mantenere il suo emendamento, del seguente tenore:<\/p><p>\u00ab<em>Sostituire il primo comma col seguente<\/em><em>:<\/em><\/p><p>\u00abLibero \u00e8 l\u2019insegnamento dell\u2019arte e della scienza\u00bb.<\/p><p>TREVES. Lo ritiro, associandomi all\u2019emendamento dell\u2019onorevole Rossi Paolo ed altri.<\/p><p>PRESIDENTE. Segue l\u2019emendamento dell\u2019onorevole Rodi:<\/p><p>\u00ab<em>Sostituire il primo comma col seguente<\/em><em>:<\/em><\/p><p>\u00abLa Repubblica assicura e garantisce il libero esercizio e il libero insegnamento dell\u2019arte e della scienza\u00bb.<\/p><p>Non essendo presente l\u2019onorevole Rodi, l\u2019emendamento si intende decaduto.<\/p><p>Gli onorevoli Rivera, Montemartini, Gortani, Ermini, Firrao, Caso, hanno presentato il seguente emendamento:<\/p><p>\u00ab<em>Dopo il primo comma, aggiungere il seguente<\/em><em>:<\/em><\/p><p>\u00abLe istituzioni di alta cultura, Accademie ed Universit\u00e0, sono politicamente indipendenti e funzionalmente autonome\u00bb.<\/p><p>Onorevole Rivera, lo mantiene?<\/p><p>RIVERA. Onorevole Presidente, la parte essenziale del mio emendamento \u00e8 sufficientemente riprodotta nell\u2019ultima parte dell\u2019emendamento presentato dall\u2019onorevole Dossetti. Pertanto lo ritiro.<\/p><p>PRESIDENTE. Gli onorevoli Leone Giovanni, Bettiol, Medi hanno presentato il seguente emendamento:<\/p><p>\u00ab<em>Dopo il primo comma, aggiungere il seguente<\/em><em>:<\/em><\/p><p>\u00abPer assicurare la libert\u00e0 dell\u2019insegnamento universitario i professori di ruolo delle Universit\u00e0 statali sono inamovibili dalle funzioni e dalla sede\u00bb.<\/p><p>Onorevole Leone Giovanni, lo mantiene?<\/p><p>LEONE GIOVANNI. Lo mantengo.<\/p><p>PRESIDENTE. L\u2019onorevole Pignedoli ha presentato il seguente emendamento:<\/p><p>\u00ab<em>Dopo il primo comma aggiungere il seguente<\/em><em>:<\/em><\/p><p>\u00abLa Repubblica protegge e promuove, con ogni possibile aiuto, la creazione artistica e la ricerca scientifica\u00bb.<\/p><p>Onorevoli Pignedoli, lo mantiene?<\/p><p>PIGNEDOLI. Avendo aderito all\u2019emendamento degli onorevoli Dossetti e Gronchi, rinunzio al mio; per\u00f2, se possibile, lo trasformerei in raccomandazione al legislatore futuro, perch\u00e9 siano tenute presenti le necessit\u00e0 dell\u2019alta cultura.<\/p><p>PRESIDENTE. Sta bene. L\u2019onorevole Colonnetti ha presentato il seguente emendamento:<\/p><p>\u00ab<em>Dopo il primo comma, aggiungere il seguente<\/em><em>:<\/em><\/p><p>\u00abLe istituzioni di alta cultura, Universit\u00e0 ed Accademie, sono autonome\u00bb.<\/p><p>Onorevole Colonnetti, lo mantiene?<\/p><p>COLONNETTI. Lo considero assorbito dall\u2019emendamento dell\u2019onorevole Dossetti.<\/p><p>PRESIDENTE. Gli onorevoli Martino Gaetano, Labriola, Della Seta, Lucifero, Corbino hanno presentato il seguente emendamento:<\/p><p>\u00ab<em>Aggiungere dopo il primo comma<\/em><em>:<\/em><\/p><p>\u00abLa legge garantisce l\u2019autonomia funzionale delle Universit\u00e0 dello Stato e l\u2019inamovibilit\u00e0 dei professori universitari di ruolo\u00bb.<\/p><p>Onorevole Martino, lo mantiene?<\/p><p>MARTINO GAETANO. Del mio emendamento una parte figura in quello dell\u2019onorevole Dossetti, mentre un\u2019altra parte non vi figura. Pregherei pertanto i presentatori di quell\u2019emendamento di voler aggiungere al loro le seguenti parole: \u00abAi professori universitari \u00e8 garantita l\u2019inamovibilit\u00e0 dalla funzione e dalla sede\u00bb.<\/p><p>Se essi vorranno aderirvi, ritirer\u00f2 il mio emendamento; in caso contrario, lo manterr\u00f2.<\/p><p>PRESIDENTE. Sta bene; lo chiederemo a suo tempo ai presentatori.<\/p><p>Gli onorevoli Bernini, Basso, Cevolotto, Calamandrei hanno presentato il seguente emendamento:<\/p><p>\u00ab<em>Sostituire il secondo, il terzo e il quarto comma col seguente<\/em><em>:<\/em><\/p><p>\u00abL\u2019istruzione, di qualunque grado, \u00e8 tra le precipue funzioni dello Stato, che detta le norme generali, organizza la scuola statale in tutti i suoi gradi e tipi e riconosce ad enti e a privati la facolt\u00e0 di istituire scuole e istituti d\u2019educazione. La legge ne determina i diritti e gli obblighi, graduandoli eventualmente secondo diverse possibili forme di autorizzazione\u00bb.<\/p><p>Onorevole Bernini, lo mantiene?<\/p><p>BERNINI. Lo mantengo.<\/p><p>PRESIDENTE. Gli onorevoli Camposarcuno, Delli Castelli Filomena, Colombo Emilio, Lazzati hanno presentato il seguente emendamento:<\/p><p>\u00ab<em>Sopprimere, al secondo comma, le parole:<\/em> riconosce ad enti ed a privati la facolt\u00e0 di formare scuole ed istituti d\u2019educazione; <em>e sostituire il terzo e quarto comma coi seguenti:<\/em><\/p><p>\u00abEnti e privati hanno diritto di aprire scuole ed istituti d\u2019educazione soggetti soltanto alle norme per la tutela del diritto comune e della morale pubblica.<\/p><p>\u00abLa legge, nel fissare i diritti e gli obblighi delle scuole non statali che chiedono la parificazione, deve assicurare ad esse una libert\u00e0 effettiva e garantire ai loro alunni parit\u00e0 di trattamento con gli alunni degli istituti statali\u00bb.<\/p><p>Onorevole Camposarcuno, lo mantiene?<\/p><p>CAMPOSARCUNO. Rilevo che il mio emendamento \u00e8 stato riprodotto integralmente nella nuova formula dell\u2019intero articolo 27 concordato fra alcuni gruppi dell\u2019Assemblea e firmato dall\u2019onorevole Dossetti e da altri.<\/p><p>Per tale ragione non ritengo di dover insistere nell\u2019emendamento stesso in separata sede.<\/p><p>Dichiaro per\u00f2 che se, per una qualsiasi ragione, non sar\u00e0 messa ai voti la nuova formula dell\u2019articolo 27, manterr\u00f2 l\u2019emendamento da me presentato.<\/p><p>PRESIDENTE. Gli onorevoli Fabriani e Federici Maria hanno presentato il seguente emendamento:<\/p><p>\u00ab<em>Alla fine del secondo comma, dopo la parola:<\/em> educazione, <em>aggiungere:<\/em> favorendone il funzionamento e lo sviluppo\u00bb.<\/p><p>Onorevole Fabriani, lo mantiene?<\/p><p>FABRIANI. Vi rinuncio.<\/p><p>PRESIDENTE. Gli onorevoli Codignola e Foa hanno proposto di sopprimere il terzo comma.<\/p><p>Onorevole Codignola, mantiene l\u2019emendamento?<\/p><p>CODIGNOLA. Lo ritiro.<\/p><p>PRESIDENTE. L\u2019onorevole Bruni ha presentato il seguente emendamento:<\/p><p>\u00ab<em>Sostituire il terzo, quarto e quinto comma col seguente<\/em><em>:<\/em><\/p><p>\u00abLe scuole, che ottengono il riconoscimento giuridico dei loro titoli, acquistano nella libert\u00e0 del loro particolare indirizzo educativo gli stessi diritti e si sottopongono agli stessi obblighi di quelle statali. La legge determina le condizioni di tale riconoscimento\u00bb.<\/p><p>Onorevole Bruni, lo mantiene?<\/p><p>BRUNI. Lo mantengo.<\/p><p>PRESIDENTE. Gli onorevoli Bianchi Bianca, Tega, Cevolotto, Arata, Pistoia, Momigliano, Giua, Calamandrei, Fornara, Costa, Caldera hanno presentato il seguente emendamento:<\/p><p>\u00ab<em>Al quarto comma, sostituire alle parole: <\/em>la parificazione, <em>le parole:<\/em> il pareggiamento.<\/p><p>\u00ab<em>Allo stesso comma, alle parole:<\/em> parit\u00e0 di trattamento, <em>sostituire:<\/em> parit\u00e0 di trattamento scolastico agli alunni\u00bb.<\/p><p>Non essendo presente nessuno dei firmatari, l\u2019emendamento si intende decaduto.<\/p><p>L\u2019onorevole Rescigno ha presentato il seguente emendamento:<\/p><p>\u00ab<em>Al quarto comma, alle parole:<\/em> parit\u00e0 di trattamento agli alunni, <em>sostituire le altre: <\/em>parit\u00e0 di trattamento agli insegnanti e agli alunni\u00bb.<\/p><p>Onorevole Rescigno, lo mantiene?<\/p><p>RESCIGNO. Lo ritiro.<\/p><p>PRESIDENTE. Gli onorevoli Bernini, Basso, Cevolotto, Calamandrei hanno presentato il seguente emendamento:<\/p><p>\u00ab<em>Sostituire il quinto comma col seguente:<\/em><\/p><p>\u00abSpetta allo Stato il conferimento dei titoli legali di studio; la legge garantisce, attraverso gli esami che saranno da essa prescritti, parit\u00e0 di trattamento a tutti i candidati, da qualsiasi scuola provengano\u00bb.<\/p><p>Onorevole Bernini, lo mantiene?<\/p><p>BERNINI. Lo mantengo.<\/p><p>PRESIDENTE. L\u2019onorevole Corbino ha presentato il seguente emendamento:<\/p><p>\u00ab<em>Al quinto comma, sopprimere le parole: <\/em>e per l\u2019ammissione ai vari ordini e gradi di scuola indicati dalla legge\u00bb.<\/p><p>Onorevole Corbino, lo mantiene?<\/p><p>CORBINO. Lo mantengo.<\/p><p>PRESIDENTE. L\u2019onorevole Bruni ha presentato il seguente emendamento:<\/p><p>\u00ab<em>Aggiungere il seguente comma<\/em><em>:<\/em><\/p><p>\u00abLe scuole di qualsiasi tipo compiono un servizio pubblico, e sono tenute ad impartire un insegnamento ed un\u2019educazione civica d\u2019ispirazione democratica e nazionale\u00bb.<\/p><p>Onorevole Bruni, lo mantiene?<\/p><p>BRUNI. Lo mantengo.<\/p><p>PRESIDENTE. Infine l\u2019onorevole Marchesi ha presentato il seguente emendamento:<\/p><p>\u00ab<em>Aggiungere alla fine dell\u2019articolo il seguente comma<\/em><em>:<\/em><\/p><p>\u00abLa scuola privata ha pieno diritto alla libert\u00e0 d\u2019insegnamento\u00bb.<\/p><p>Onorevole Marchesi, lo mantiene?<\/p><p>MARCHESI. Lo mantengo.<\/p><p>PRESIDENTE. Dobbiamo ora passare alla votazione degli emendamenti. Avverto che gli onorevoli Lussu, Bernini, Lami Starnuti, Mastino Pietro, Codignola, Valiani, Binni, Pistoia, Carpano Maglioli, Mariani, Caldera, Grazia, Vischioni hanno presentato richiesta di verifica del numero legale. Data l\u2019assenza degli onorevoli Lami Starnuti, Lussu, Martino Gaetano, Valiani, Caldera e Vischioni questa domanda non pu\u00f2 esser presa in considerazione, poich\u00e9 non reca pi\u00f9 il numero di firme stabilito dal Regolamento. (<em>Commenti<\/em>).<\/p><p>Onorevoli colleghi, se il Regolamento offre numerosi mezzi per ordinare i nostri lavori, non li offre per\u00f2 per turbarli. Ed io richiam\u00f2 tutti i colleghi che legittimamente, di volta in volta, ricorrono a tali mezzi a considerare che essi devono essere applicati in forma adeguata alla seriet\u00e0 dei nostri lavori.<\/p><p>Si dovr\u00e0 ora passare alla votazione del primo comma dell\u2019articolo 27. Il testo proposto dalla Commissione \u00e8 del seguente tenore: \u00abL\u2019arte e la scienza sono libere; e libero \u00e8 il loro insegnamento\u00bb.<\/p><p>L\u2019emendamento sostitutivo proposto dall\u2019onorevole Dossetti ed altri ha la seguente formulazione: \u00abL\u2019arte o la scienza sono libere e libero ne \u00e8 l\u2019insegnamento\u00bb.<\/p><p>La formula dell\u2019onorevole Rossi Paolo \u00e8 la seguente: \u00abL\u2019arte e la scienza sono libere in ogni loro manifestazione; e libero \u00e8 il loro insegnamento\u00bb.<\/p><p>Vi \u00e8 poi un emendamento presentato dagli onorevoli Codignola, Zanardi e altri nel quale questo primo comma scompare perch\u00e9 questo emendamento restringe l\u2019intero articolo ad un solo comma nel quale non vi \u00e8 riferimento specifico alla questione della libert\u00e0 dell\u2019insegnamento dell\u2019arte e della scienza. Ad ogni modo, poich\u00e9 evidentemente coloro che non accettano o propongono implicitamente la soppressione di un determinato comma, manifestano questa loro volont\u00e0 votando contro la formulazione del comma stesso, tengo in considerazione in questo momento solo le tre formulazioni delle quali ho dato lettura. E poich\u00e9 mi pare che la formulazione contenuta nell\u2019emendamento dell\u2019onorevole Rossi Paolo \u00e8 quella che pi\u00f9 si allontana dal testo della Commissione, si dovr\u00e0 passare alla votazione di questo emendamento.<\/p><p>MARCHESI. Chiedo di parlare per dichiarazione di voto.<\/p><p>PRESIDENTE. Ne ha facolt\u00e0.<\/p><p>MARCHESI. Dichiaro che il nostro gruppo voter\u00e0 per l\u2019emendamento Rossi Paolo, Binni e altri.<\/p><p>\u00c8 questo, onorevoli colleghi, un momento grave della nostra opera costituzionale. Permettetemi che io adoperi parole brevi ma precise. Si tratta in sostanza oggi di sapere se l\u2019Assemblea Costituente della prima Repubblica italiana decider\u00e0 la capitolazione della scuola pubblica nazionale di fronte alla scuola privata e confessionale. Questa sar\u00e0 la sostanza vera della nostra votazione. Dovrei anzitutto scolpare la mia imprudenza nell\u2019aver adoperato a introduzione dell\u2019articolo 27 quelle deplorate parole che non sono parole mie ma della Costituzione di Weimar, come ho detto in un precedente discorso. L\u2019arte e la scienza sono libere. I colleghi Rossi o Treves mi hanno detto: si sa bene che l\u2019arte e la scienza sono libere, non occorre che una verit\u00e0 tanto palese sia dichiarata in una Carta costituzionale.<\/p><p>No, permettetemi colleghi Rossi e Binni: arte e scienza sono per se stesse fantasmi e mere astrazioni e non sono per se stesse n\u00e9 libere n\u00e9 serve. Esistono nelle manifestazioni scientifiche ed artistiche del genio individuale; esistono nelle opere di arte e di scienza. E cos\u00ec possono essere colpite da coazione e cos\u00ec possono non essere libere. Ad ogni modo accetto la formulazione proposta perch\u00e9 in questo momento importa votare e non dissertare.<\/p><p>Ringrazio gli onorevoli Binni ed altri presentatori dell\u2019emendamento, di aver accolto la mia prima proposta per ci\u00f2 che riguarda la scuola privata. La scuola privata ha diritto alla piena libert\u00e0 d\u2019insegnamento. La stampa democratico-cristiana fino ad ora, e pi\u00f9 in queste ultime ore, ha dichiarato che della libert\u00e0 d\u2019insegnamento non sa che farsi, perch\u00e9 tale libert\u00e0 essa possiede incontestabilmente. Non ne dubito; ma se sedessi su codesti banchi \u2013 perdonate, colleghi, alla irriverente ipotesi (<em>Commenti<\/em>) \u2013 io non vorrei altra concessione che questa. Ma ho motivo di sospettare che sia intendimento vostro, conforme alla vostra dottrina e alla fermezza con cui rispettate i vostri princip\u00ee, che sia intendimento vostro negare questa libert\u00e0 alle altre scuole (<em>Proteste al centro<\/em>).<\/p><p>No, colleghi, le mie non sono parole polemiche sfuggite in un momento acceso di discussione. \u00c8 un momento grave questo; e delle mie parole assumo piena responsabilit\u00e0 in nome mio e di coloro che pensano e votano con me.<\/p><p>Non mi richiamo ai testi pontifici di cui ho fatto gi\u00e0 cenno n\u00e9 ad altre dichiarazioni: mi richiamo a un documento recentissimo, che mi \u00e8 capitato ora fra le mani e che voi certamente conoscete. \u00c8 una scheda in data 18 aprile 1947 diffusa tra le famiglie da un collegio famoso, che ha certo molte benemerenze, il collegio S. Carlo di Milano. In questa scheda sono invitati i sottoscrittori a dichiarare \u2013 riporto le testuali parole:<\/p><p>1\u00b0) che la famiglia ha il diritto e il gravissimo dovere di assicurare ai figli una scuola secondo la propria coscienza, in condizione di effettiva parit\u00e0 giuridica fra le scuole statali e non statali;<\/p><p>2\u00b0) che sull\u2019istruzione ed educazione dei giovani la famiglia e la chiesa hanno rispettivamente diritto \u00abnativo\u00bb (questa \u00e8 parola propria del vostro lessico) e inalienabile, confermato da venti secoli di civilt\u00e0 cristiana.<\/p><p>Qui si risentono le parole del pontefice Pio XI che nel 1927, venti anni addietro, rivendicava il pieno mandato educativo alla Chiesa \u00abla cui educazione aveva generato \u2013 siccome diceva \u2013 la civilt\u00e0 moderna in quanto essa ha di migliore e pi\u00f9 elevato\u00bb.<\/p><p>Orbene, colleghi, in questa Assemblea della prima Repubblica italiana mi sia lecito affermare, ed affermare altamente, che anche oltre i confini della civilt\u00e0 cattolica il pensiero moderno ha levato una luce d\u2019arte e di scienza, di progresso civile e sociale, a cui non il Santo Uffizio, ma la coscienza del genere umano, ha dato e dar\u00e0 il suo riconoscimento. (<em>Applausi a sinistra \u2013 Proteste e rumori al centro e a destra<\/em>).<\/p><p>PRESIDENTE. Prego i colleghi di non interrompere. Mi pare che essi abbiano la memoria labile. Noi abbiamo udite delle dichiarazioni di voto da tutti i settori lunghe almeno quanto quella che sta facendo l\u2019onorevole Marchesi.<\/p><p>MARCHESI. Concludendo, dico che nella libert\u00e0 che lo Stato concede alla scuola privata, questa ponga la base del suo merito e della sua fortuna.<\/p><p>Il legislatore penser\u00e0 se l\u2019istituto della parificazione o del pareggiamento sia da conservare, e con quali modificazioni e con quali garanzie. Ma non ritengo che debba essere inserito in una Carta costituzionale una materia che \u00e8 stata sempre ed \u00e8 oggi pi\u00f9 che mai controversa. Questo \u00e8 stato mio dovere dichiarare a nome mio e del mio gruppo e cos\u00ec, colleghi democristiani, posso finire con le parole cristiane: <em>servavi animam meam<\/em>, siccome voi avete provveduto a salvare la vostra. (<em>Applausi a sinistra \u2013 Commenti<\/em>).<\/p><p>DOSSETTI. Onorevole Presidente, poich\u00e9 l\u2019onorevole Marchesi ha fatto una dichiarazione di voto che investe non soltanto il primo comma, ma l\u2019intero articolo, chiedo se anch\u2019io posso fare una dichiarazione di voto che analogamente riguardi l\u2019intero articolo.<\/p><p>PRESIDENTE. Come vuole; se la fa ora non la far\u00e0 successivamente.<\/p><p>DOSSETTI. Ed allora io, pi\u00f9 che soffermarmi sul testo del primo comma dell\u2019emendamento da me proposto, che \u00e8 sostanzialmente quello originario, dichiaro i motivi per i quali noi voteremo a favore del testo presentato oggi, particolarmente per quanto riguarda il penultimo comma circa la garanzia \u00abeffettiva\u00bb della libert\u00e0 nella scuola.<\/p><p>Il significato sostanziale di questo emendamento si riconduce ai concetti che sono stati test\u00e9 espressi dallo stesso onorevole Marchesi. Egli si \u00e8 manifestato propenso a che venga data una effettiva garanzia della libert\u00e0 di insegnamento, della libert\u00e0 della scienza e dell\u2019arte, ed ha riconosciuto che l\u2019arte e la scienza sono dei fantasmi e che invece la libert\u00e0 di cui ora si deve assicurare la consistenza \u00e8 la libert\u00e0 delle loro manifestazioni: manifestazioni non soltanto dottrinali o scientifiche o artistiche, ma anche manifestazioni direi organizzative ed istituzionali. Con la formula che \u00e8 contenuta nell\u2019emendamento da noi proposto stamane, vogliamo precisamente assicurare non soltanto la libert\u00e0 della manifestazione concettuale, ma anche la effettiva libert\u00e0 della manifestazione organizzativa e strutturale dell\u2019insegnamento. D\u2019altro canto noi riteniamo che le preoccupazioni espresse dall\u2019onorevole Marchesi con una parola molto grave (cio\u00e8 \u00abcapitolazione\u00bb, egli ha detto, dinanzi alla scuola confessionale) siano quanto mai esagerate, se si considerano due cose. In primo luogo che la libert\u00e0 effettiva rivendicata dal nostro emendamento \u00e8 inquadrata in una serie di proporzioni, le quali la mantengono nell\u2019ambito della funzione ordinativa generale e di controllo dello Stato in materia scolastica. Ecco perch\u00e9 nell\u2019emendamento da noi proposto si ritrova l\u2019espressione originaria del testo della prima Sottocommissione, con la quale si riconosce formalmente allo Stato una funzione ordinativa generale della istruzione. E questo noi abbiamo riconosciuto in base, appunto, ad un accordo che era stato raggiunto nella prima Sottocommissione con i colleghi di parte comunista.<\/p><p>In secondo luogo si dice che questa libert\u00e0 effettiva \u00e8 una libert\u00e0 la quale deve essere riconosciuta dalla legge, nell\u2019atto in cui essa fissa i diritti e gli obblighi delle scuole non statali; dunque si presume che la legge \u00abfissi gli obblighi\u00bb della scuola non statale e, perci\u00f2, stabilizzi condizioni tecniche di questa libert\u00e0 effettiva, tali da garantire la dignit\u00e0 della scuola.<\/p><p>In terzo luogo, questo concetto viene ulteriormente ribadito nel penultimo comma l\u00e0 dove si dice che, per garantire uguaglianza di condizioni a tutte le scuole e la seriet\u00e0 degli studi nell\u2019interesse della collettivit\u00e0, un esame di stato prescritto, ecc.<\/p><p>Quindi, la nostra affermazione generale della libert\u00e0 effettiva viene inquadrata in modo pi\u00f9 che sufficiente per assicurare che lo Stato avr\u00e0 sempre una effettiva possibilit\u00e0 di controllo, pari alla effettiva libert\u00e0 che alle scuole viene riconosciuta.<\/p><p>D\u2019altro canto, la considerazione decisiva che ci fa ritenere che questo emendamento \u2013 cos\u00ec come noi lo proponiamo, o meglio lo riproponiamo \u2013 non significhi per nulla quella drammatica capitolazione, sulla quale ha richiamato con accento tanto commosso (ma forse troppo commosso) l\u2019onorevole Marchesi la nostra attenzione&#8230;<\/p><p>MARCHESI. Non era commosso, era freddo.<\/p><p>D\u2019OSSETTI. &#8230;deriva dal fatto che il testo ora in votazione riproduce la sostanza \u2013 pi\u00f9 che la sostanza anche la lettera \u2013 del testo iniziale approvato dalla prima Sottocommissione, con l\u2019accordo particolarmente di questo settore e del settore comunista, su iniziativa proprio dell\u2019onorevole Togliatti, cio\u00e8 su proposta fatta dall\u2019onorevole Togliatti nella seduta del 29 ottobre dello scorso anno.<\/p><p>Per questi motivi riteniamo che, approvando questo emendamento, da un lato si garantisce la libert\u00e0 di insegnamento, non soltanto nel suo aspetto di fantasma come ha dichiarato l\u2019onorevole Marchesi, ma anche nel suo aspetto concreto e organizzativo, e, d\u2019altro canto, si garantisce allo Stato una possibilit\u00e0 di ordinamento e di controllo che assicuri la parit\u00e0 sia delle scuole statali sia di tutte le altre scuole e, soprattutto assicuri \u2013 come da tutti \u00e8 desiderato \u2013 la massima seriet\u00e0 della scuola. (<em>Applausi al centro<\/em>).<\/p><p>PRESIDENTE. Desidero ricordare che per ora si pone in votazione il primo comma dell\u2019articolo. Chiedo, quindi, ai colleghi che fanno dichiarazioni di voto, ove non ritengano pi\u00f9 opportuno di fare dichiarazioni riassuntive su tutto l\u2019articolo, di dichiarare se intendono restare alla materia del primo comma.<\/p><p>BERNINI. Chiedo di parlare per dichiarazione di voto.<\/p><p>PRESIDENTE. Ne ha facolt\u00e0.<\/p><p>BERNINI. Poich\u00e9 i colleghi che mi hanno preceduto hanno preso in esame l\u2019intero articolo, credo di poter fare, a nome del Partito socialista italiano, le seguenti dichiarazioni.<\/p><p>Il primo comma \u00e8 presso a poco eguale nella formulazione di tutte e due le parti. Su questo non mi soffermo. Ricordo che durante l\u2019epoca fascista era di moda opporre a noi, che dicevamo l\u2019arte e la scienza sono conculcate, il dirci che l\u2019arte e la scienza sono sempre libere, perch\u00e9, se non fossero libere, non sarebbero arte e scienza. Al che opponevamo che una cosa era libert\u00e0 interiore dell\u2019arte e della scienza e una cosa \u00e8 l\u2019estrinsecazione dell\u2019arte e della scienza; ragione per cui \u00e8 pienamente giustificato aggiungere che \u00e8 libero ogni insegnamento.<\/p><p>Per ci\u00f2 che riguarda il resto, mi permetto di fare le seguenti osservazioni, in questo momento che veramente \u00e8 drammatico, onorevole Dossetti, per la storia d\u2019Italia. \u00c8 drammatico perch\u00e9, se sar\u00e0 approvato il nuovo articolo 27 proposto dai colleghi democristiani, cadr\u00e0 un sistema politico e perch\u00e9 croller\u00e0 la scuola pubblica e la scuola della libert\u00e0. (<em>Commenti al centro<\/em>).<\/p><p>Il secondo comma, nel testo dell\u2019onorevole Dossetti \u00abLa Repubblica detta le norme generali sull\u2019istruzione, ed istituisce scuole statali per tutti gli ordini e gradi\u00bb, era preceduto da un\u2019altra definizione che era stata accettata all\u2019unanimit\u00e0, onorevole Dossetti, dalla prima Sottocommissione. Il testo diceva: \u00abLo Stato ha la precipua funzione, ecc.\u00bb. Questa seconda formulazione \u00e8 notevolmente diversa dall\u2019altra: una cosa \u00e8 dire \u00abla Repubblica\u00bb, e una cosa \u00e8 dire \u00ablo Stato\u00bb. Una cosa \u00e8 dire che \u00ablo Stato ha la precipua funzione\u00bb, ed una cosa \u00e8 dire \u00abla Repubblica detta le norme generali\u00bb. In nome di che la Repubblica detta le norme generali? Bisogna dire che questa sua possibilit\u00e0 di dettare norme generali dipende da una funzione superiore.<\/p><p>Terzo comma: \u00abEnti e privati hanno diritto di istituire scuole con la sola osservanza delle norme di diritto comune\u00bb. Questa \u00e8 una aggiunta che, in forma lievemente diversa dalla presente, noi abbiamo trovato solo alla fine dei lavori della Commissione e che non vi era alla fine dei lavori della prima Sottocommissione.<\/p><p>Quarto comma. Noi abbiamo domandato, e domandiamo ancora, che al sostantivo \u00abtrattamento\u00bb si aggiungesse l\u2019aggettivo \u00abscolastico\u00bb. Se i colleghi democratici cristiani, come dicono, sono d\u2019accordo in questo, che cio\u00e8 per trattamento non si intenda trattamento economico, e veramente non si domandi che la scuola privata sia mantenuta dallo Stato, come la scuola pubblica, mi pare che non ci dovrebbe essere nessuna difficolt\u00e0 ad accordare ci\u00f2.<\/p><p>DOSSETTI. Si parla di parit\u00e0 di trattamento agli alunni non alle scuole.<\/p><p>BERNINI. Ho capito perfettamente. Credo di conoscere anch\u2019io la vostra teoria. Voi parlate di trattamento agli alunni, ma, in definitiva, questa formula giova alle scuole ancor pi\u00f9 che il trattamento agli individui.<\/p><p>DOSSETTI. Perch\u00e9?<\/p><p>BERNINI. La ragione \u00e8 evidente, perch\u00e9 quanto maggiore sar\u00e0 il numero degli alunni delle scuole private, tanto pi\u00f9 sar\u00e0 agevolata la scuola privata.<\/p><p>PRESIDENTE. Onorevole Bernini, faccia la dichiarazione di voto e non dia spiegazioni all\u2019onorevole Dossetti.<\/p><p>BERNINI. Onorevole Presidente, sarebbe stato opportuno che l\u2019interruzione non fosse avvenuta, ma, dato che l\u2019interruzione \u00e8 stata fatta, mi permetto di rispondere.<\/p><p>Quinto comma. Osservo che si \u00e8 ritirato quel minimo che la prima Sottocommissione aveva ottenuto. La prima Sottocommissione aveva ottenuto che, oltre agli esami di Stato per l\u2019abilitazione all\u2019esercizio professionale, si fosse aggiunto anche \u00abper l\u2019ammissione ai var\u00ee ordini e gradi di scuole\u00bb.<\/p><p>Nell\u2019ultima formulazione si trovava anche questo, e questo \u00e8 scomparso. (<em>Interruzioni al centro<\/em>).<\/p><p>PRESIDENTE. Non interrompano; se no l\u2019onorevole Bernini ha buoni pretesti per dire cose che non devono essere dette. Prosegua, onorevole Bernini.<\/p><p>BERNINI. Nell\u2019ultima formulazione si \u00e8 tolta anche quell\u2019unica cosa nella quale si era riuscito a fare entrare le proposte delle minoranze nella prima Sottocommissione, e che minoranze non erano. Vorrei sapere per quale ragione \u00e8 stata tolta la frase \u00abper l\u2019ammissione ai vari ordini e gradi di scuole\u00bb, e perch\u00e9 si \u00e8 conservato soltanto \u00abal termine degli studi secondari\u00bb. La ragione la dir\u00f2 io ed \u00e8 questa, che questo \u00e8 un mezzo di pi\u00f9 per poter sfuggire a quello che \u00e8 il controllo dello Stato.<\/p><p>In conclusione, tutti i commi, tranne il primo, sono il risultato di successive modificazioni e manipolazioni fatte in maniera che chiameremmo surrettizia. (<em>Commenti<\/em>).<\/p><p>Ragione per cui noi insistiamo nel dichiarare che votiamo l\u2019emendamento Rossi, e ripetiamo ancora una volta che, qualunque sia il risultato della votazione, se saremo in minoranza, la parte democristiana avr\u00e0 vinto senza dubbio, ma con questa vittoria non vi sar\u00e0 stato il trionfo della scuola di tutti, ma il trionfo della scuola di parte. (<em>Applausi a sinistra \u2013 Commenti<\/em>).<\/p><p>PRESIDENTE. C\u2019\u00e8 nessun altro che domanda la parola per dichiarazione di voto o sul primo comma dell\u2019articolo 27?<\/p><p>CODIGNOLA. Chiedo di parlare.<\/p><p>PRESIDENTE. Ne ha facolt\u00e0.<\/p><p>CODIGNOLA. Desidererei fare una dichiarazione di voto non soltanto sul primo comma, ma, come hanno fatto altri colleghi, sull\u2019intero articolo.<\/p><p>PRESIDENTE. Il mio consiglio \u00e8 di non fare dichiarazioni riassuntive, poich\u00e9 quando passeremo alla votazione dell\u2019ultimo comma, probabilmente molte delle cose dette in questo momento, saranno gi\u00e0 passate dalla mente di molti colleghi. Comunque se lei vuol fare la dichiarazione, parli pure.<\/p><p>CODIGNOLA. Rinvier\u00f2 la mia dichiarazione di voto ai successivi commi. Devo far presente per\u00f2 una questione pregiudiziale: insieme con altri colleghi avevo presentato un emendamento sostitutivo dell\u2019intero articolo 27, e questo emendamento non \u00e8 congegnato in modo da risultare costituito dallo stesso numero di commi dell\u2019articolo proposto dalla Commissione. Si dovrebbe, quindi, mettere in votazione per primo questo mio emendamento, che \u00e8 il pi\u00f9 lontano dal testo originario proposto dalla Commissione: mentre, col sistema di votazione che si sta per iniziare, in realt\u00e0 non si potr\u00e0 pi\u00f9 mettere in votazione il mio emendamento, che non prevede la divisione della materia cos\u00ec come si trova divisa nella formulazione originaria.<\/p><p>PRESIDENTE. Onorevole Codignola, ho gi\u00e0 fatto un breve commento sopra l\u2019emendamento da lei presentato e suppongo che lei fosse presente nell\u2019Aula quando ho parlato.<\/p><p>CODIGNOLA. L\u2019ho ascoltato.<\/p><p>PRESIDENTE. Ho anche detto che poich\u00e9 il suo emendamento non riprendeva tutti i concetti contenuti nel testo della Commissione, il modo col quale si poteva dichiarare la volont\u00e0 farlo proprio consisteva nel votare contro quei commi non contenuti nel suo emendamento; poich\u00e9 \u00e8 chiaro che non possiamo sottrarre all\u2019Assemblea il diritto di votare, ad esempio, sul comma in cui si parla esplicitamente dell\u2019arte e della scienza. Nella sua formulazione sono compresi tre soli concetti del testo della Commissione. L\u2019Assemblea ha diritto di pronunciarsi anche sugli altri due che lei ha lasciato cadere.<\/p><p>Per questa ragione non ho messo in votazione la sua formulazione. Nel momento in cui giungeremo, seguendo il testo della Commissione, ai punti in cui si parla della libert\u00e0 di insegnamento, dell\u2019organizzazione della scuola nei vari ordini e gradi e del conferimento dei titoli, anche la sua formulazione sar\u00e0 posta ai voti.<\/p><p>CODIGNOLA. Mi permetto di far osservare che, nel caso che l\u2019Assemblea approvi il primo comma dell\u2019articolo presentato dalla Commissione con l\u2019emendamento Rossi Paolo, evidentemente la votazione sul mio emendamento diventer\u00e0 inutile, perch\u00e9 il valore del mio emendamento \u00e8 appunto quello di non contenere alcuni concetti che figurano espressi nel testo della Commissione. Se il mio emendamento passasse col primo comma dell\u2019emendamento Rossi, esso diventerebbe un\u2019altra cosa.<\/p><p>Mi permetto, quindi, di insistere, perch\u00e9 sia posto in votazione prima il mio emendamento, che \u00e8 un emendamento che trasforma radicalmente la formulazione originaria della Commissione.<\/p><p>PRESIDENTE. Onorevole Codignola, io forse sbaglio nel pensare di avere una certa sensibilit\u00e0 dell\u2019atmosfera che c\u2019\u00e8 in questa Aula, ma ho creduto di avvertire che una riduzione cos\u00ec drastica di questo articolo per la quale si tacerebbe su alcuni punti che stanno a cuore a tutti i settori di questa Assemblea, sia pure in maniera diversa e contrastante, probabilmente non avrebbe alcuna possibilit\u00e0 di essere accolta.<\/p><p>Ed \u00e8 per questo che io pensavo che per intanto la votazione dell\u2019Assemblea si dovesse svolgere sui punti ai quali si sono riferite le dichiarazioni di voto.<\/p><p>Comunque, di fronte alla sua insistenza, pongo in votazione l\u2019emendamento cos\u00ec formulato:<\/p><p>Sostituire l\u2019articolo col seguente:<\/p><p>\u00abLa Repubblica garantisce la libert\u00e0 d\u2019insegnamento, organizza la scuola in ogni ordine e grado, conferisce i titoli legali di studio\u00bb.<\/p><p>Su questo emendamento \u00e8 stata chiesta la votazione a scrutinio segreto dagli onorevoli Preti, Barbereschi, Gullo Rocco, Salerno, Crispo, Nasi, Lami Starnuti, Faralli, Saragat, Treves, Grilli, Damiani, Valiani, Lombardi, Caporali, Malagugini, Foa, Carpano, Grazia, Lussu, Tremelloni, Bocconi, Pertini, Montemartini, Fogagnolo, Merighi, Tomba e altri. (<em>Commenti<\/em>).<\/p><p>Votazione segreta.<\/p><p>PRESIDENTE. Indico la votazione a scrutinio segreto.<\/p><p>Si faccia la chiama.<\/p><p>RICCIO, <em>Segretario<\/em>, fa la chiama.<\/p><p>(<em>Segue la votazione<\/em>).<\/p><p>Presidenza del Vicepresidente PECORARI<\/p><p>PRESIDENTE. Dichiaro chiusa la votazione e invito gli onorevoli segretari a procedere alla numerazione dei voti.<\/p><p>(<em>Gli onorevoli segretari numerano i voti<\/em>).<\/p><p>Presidenza del Presidente TERRACINI<\/p><p>PRESIDENTE. Comunico il risultato della votazione a scrutinio segreto:<\/p><p>Presenti e votanti \u00a0\u00a0\u00a0 396<\/p><p>Maggioranza\u00a0\u00a0\u00a0\u00a0\u00a0\u00a0\u00a0\u00a0\u00a0\u00a0 199<\/p><p>Voti favorevoli\u00a0\u00a0\u00a0\u00a0\u00a0\u00a0\u00a0 177<\/p><p>Voti contrari \u00a0\u00a0\u00a0\u00a0\u00a0\u00a0\u00a0\u00a0\u00a0\u00a0 219<\/p><p>(<em>L\u2019Assemblea non approva l\u2019emendamento Codignola<\/em>).<\/p><p><em>Hanno preso parte alla votazione<\/em><em>:<\/em><\/p><p>Abozzi \u2013 Adonnino \u2013 Alberti \u2013 Allegato \u2013 Amadei \u2013 Ambrosini \u2013 Andreotti \u2013 Angelucci \u2013 Arcaini \u2013 Arcangeli \u2013 Avanzini \u2013 Azzi.<\/p><p>Bacciconi \u2013 Baldassari \u2013 Balduzzi \u2013 Baracco \u2013 Barbareschi \u2013 Bardini \u2013 Bargagna \u2013 Barontini Ilio \u2013 Basso \u2013 Bastianetto \u2013 Bazoli \u2013 Bei Adele \u2013 Bellato \u2013 Bellusci \u2013 Belotti \u2013 Bencivenga \u2013 Bennani \u2013 Benvenuti \u2013 Bergamini \u2013 Bernabei \u2013 Bernamonti \u2013 Bernini Ferdinando \u2013 Bertola \u2013 Bertone \u2013 Bettiol \u2013 Biagioni \u2013 Bianchini Laura \u2013 Bibolotti \u2013 Binni \u2013 Bitossi \u2013 Bocconi \u2013 Bolognesi \u2013 Bonomi Paolo \u2013 Borsellino \u2013 Bosco Lucarelli \u2013 Bosi \u2013 Bovetti \u2013 Braschi \u2013 Bruni \u2013 Brusasca \u2013 Bubbio \u2013 Bucci \u2013 Bulloni Pietro \u2013 Burato.<\/p><p>Cacciatore \u2013 Caiati \u2013 Caldera \u2013 Calosso \u2013 Camangi \u2013 Campilli \u2013 Camposarcuno \u2013 Canepa \u2013 Caporali \u2013 Cappa Paolo \u2013 Cappelletti \u2013 Cappi Giuseppe \u2013 Cappugi \u2013 Capua \u2013 Carbonari \u2013 Carboni \u2013 Carignani \u2013 Caristia \u2013 Carmagnola \u2013 Caronia \u2013 Carpano Maglioli \u2013 Carratelli \u2013 Caso \u2013 Cassiani \u2013 Castelli Edgardo \u2013 Castelli Avolio \u2013 Cavallari \u2013 Cavalli \u2013 Cerreti \u2013 Cevolotto \u2013 Chatrian \u2013 Chiaramello \u2013 Chieffi \u2013 Chiostergi \u2013 Ciccolungo \u2013 Cimenti \u2013 Cingolani Mario \u2013 Clerici \u2013 Coccia \u2013 Codacci Pisanelli \u2013 Codignola \u2013 Colitto \u2013 Colombo Emilio \u2013 Colonnetti \u2013 Conci Elisabetta \u2013 Condorelli \u2013 Conti \u2013 Coppi Alessandro \u2013 Corbi \u2013 Corbino \u2013 Corsanego \u2013 Corsi \u2013 Costa \u2013 Costantini \u2013 Cotellessa \u2013 Cremaschi Carlo \u2013 Cremaschi Olindo \u2013 Crispo.<\/p><p>Damiani \u2013 D\u2019Amico Michele \u2013 D\u2019Aragona \u2013 De Caro Gerardo \u2013 De Falco \u2013 De Gasperi \u2013 Del Curto \u2013 Della Seta \u2013 De Maria \u2013 De Martino \u2013 De Michele Luigi \u2013 De Michelis Paolo \u2013 De Palma \u2013 De Unterrichter Maria \u2013 De Vita \u2013 Di Fausto \u2013 Di Gloria \u2013 Di Vittorio \u2013 Domined\u00f2 \u2013 D\u2019Onofrio \u2013 Dossetti \u2013 Dozza.<\/p><p>Einaudi \u2013 Ermini.<\/p><p>Fabbri \u2013 Fabriani \u2013 Facchinetti \u2013 Faccio \u2013 Fanfani \u2013 Fantoni \u2013 Fantuzzi \u2013 Faralli \u2013 Farini Carlo \u2013 Fedeli Armando \u2013 Federici Maria \u2013 Ferrarese \u2013 Ferrari Giacomo \u2013 Ferrario Celestino \u2013 Ferreri \u2013 Finocchiaro Aprile \u2013 Fiore \u2013 Fiorentino \u2013 Fioritto \u2013 Firrao \u2013 Flecchia \u2013 Foa \u2013 Fogagnolo \u2013 Foresi \u2013 Fornara \u2013 Franceschini \u2013 Fresa \u2013 Froggio \u2013 Fuschini.<\/p><p>Gabrieli \u2013 Galati \u2013 Garlato \u2013 Gatta \u2013 Geuna \u2013 Ghidetti \u2013 Ghidini \u2013 Giacchero \u2013 Giannini \u2013 Giolitti \u2013 Giordani \u2013 Giua \u2013 Gonella \u2013 Gortani \u2013 Gotelli Angela \u2013 Grassi \u2013 Grazi Enrico \u2013 Grazia Verenin \u2013 Grieco \u2013 Grilli \u2013 Gronchi \u2013 Guariento \u2013 Guerrieri Emanuele \u2013 Guerrieri Filippo \u2013 Gui \u2013 Guidi Cingolani Angela \u2013 Gullo Fausto \u2013 Gullo Rocco.<\/p><p>Imperiale.<\/p><p>Jacini \u2013 Jacometti \u2013 Jervolino.<\/p><p>La Gravinese Nicola \u2013 Lami Starnuti \u2013 Lazzati \u2013 Leone Giovanni \u2013 Lettieri \u2013 Lizier \u2013 Lombardi Riccardo \u2013 Longo \u2013 Lozza \u2013 Lucifero \u2013 Lupis \u2013 Lussu.<\/p><p>Macrelli \u2013 Maffi \u2013 Magnani \u2013 Magrini \u2013 Malagugini \u2013 Malvestiti \u2013 Mancini \u2013 Mannironi \u2013 Manzini \u2013 Marazza \u2013 Marchesi \u2013 Marconi \u2013 Mariani Enrico \u2013 Mariani Francesco \u2013 Marinaro \u2013 Martinelli \u2013 Martino Enrico \u2013 Martino Gaetano \u2013 Marzarotto \u2013 Massola \u2013 Mastino Gesumino \u2013 Mastino Pietro \u2013 Mastrojanni \u2013 Mattarella \u2013 Mattei Teresa \u2013 Matteotti Carlo \u2013 Mazza \u2013 Mazzei \u2013 Mazzoni \u2013 Meda Luigi \u2013 Medi Enrico \u2013 Mentasti \u2013 Merighi \u2013 Merlin Angelina \u2013 Merlin Umberto \u2013 Micheli \u2013 Minella Angiola \u2013 Minio \u2013 Molinelli \u2013 Montagnana Rita \u2013 Montemartini \u2013 Monterisi \u2013 Monticelli \u2013 Montini \u2013 Morandi \u2013 Morelli Luigi \u2013 Morelli Renato \u2013 Morini \u2013 Moro \u2013 Mortati \u2013 Motolese \u2013 M\u00f9rdaca \u2013 Murgia \u2013 Musolino.<\/p><p>Negro \u2013 Nenni \u2013 Nicotra Maria \u2013 Nitti \u2013 Nobile Umberto \u2013 Nobili Oro \u2013 Noce Teresa \u2013 Notarianni \u2013 Novella \u2013 Numeroso.<\/p><p>Orlando Camillo \u2013 Orlando Vittorio Emanuele.<\/p><p>Pacciardi \u2013 Pajetta Giuliano \u2013 Pallastrelli \u2013 Paolucci \u2013 Paris \u2013 Pastore Giulio \u2013 Pastore Raffaele \u2013 Pat \u2013 Pecorari \u2013 Pella \u2013 Pera \u2013 Perlingieri \u2013 Persico \u2013 Pertini Sandro \u2013 Perugi \u2013 Petrilli \u2013 Piccioni \u2013 Piemonte \u2013 Pignedoli \u2013 Pistoia \u2013 Pollastrini Elettra \u2013 Ponti \u2013 Pressinotti \u2013 Preti \u2013 Preziosi \u2013 Proia \u2013 Pucci.<\/p><p>Quarello \u2013 Quintieri Adolfo.<\/p><p>Raimondi \u2013 Ravagnan \u2013 Reale Eugenio \u2013 Reale Vito \u2013 Recca \u2013 Rescigno \u2013 Restagno \u2013 Ricci Giuseppe \u2013 Riccio Stefano \u2013 Rivera \u2013 Rodin\u00f2 Mario \u2013 Rodin\u00f2 Ugo \u2013 Romano \u2013 Romita \u2013 Rossi Giuseppe \u2013 Rossi Maria Maddalena \u2013 Rubilli \u2013 Ruini \u2013 Rumor.<\/p><p>Saccenti \u2013 Saggin \u2013 Salerno \u2013 Salizzoni \u2013 Salvatore \u2013 Sampietro \u2013 Sansone \u2013 Saragat \u2013 Sardiello \u2013 Sartor \u2013 Scalfaro \u2013 Scelba \u2013 Schiavetti \u2013 Schiratti \u2013 Scoca \u2013 Scoccimarro \u2013 Scotti Alessandro \u2013 Secchia \u2013 Selvaggi \u2013 Sforza \u2013 Siles \u2013 Silipo \u2013 Silone \u2013 Simonini \u2013 Spallicci \u2013 Spataro \u2013 Stampacchia \u2013 Stella \u2013 Storchi \u2013 Sullo Fiorentino.<\/p><p>Tambroni Armaroli \u2013 Targetti \u2013 Taviani \u2013 Tega \u2013 Terranova \u2013 Tessitori \u2013 Tieri Vincenzo \u2013 Titomanlio Vittoria \u2013 Togni \u2013 Tomba \u2013 Tonello \u2013 Tosato \u2013 Tosi \u2013 Tozzi Condivi \u2013 Tremelloni \u2013 Treves \u2013 Trimarchi \u2013 Tripepi \u2013 Tumminelli \u2013 Tupini \u2013 Turco.<\/p><p>Uberti.<\/p><p>Valenti \u2013 Valiani \u2013 Valmarana \u2013 Vanoni \u2013 Venditti \u2013 Veroni \u2013 Viale \u2013 Vicentini \u2013 Vigo \u2013 Vilardi \u2013 Villani \u2013 Vischioni.<\/p><p>Zaccagnini \u2013 Zagari \u2013 Zanardi \u2013 Zappelli \u2013 Zerbi \u2013 Zotta \u2013 Zuccarini.<\/p><p><em>Sono in congedo<\/em><em>:<\/em><\/p><p>Angelini \u2013 Arata.<\/p><p>Bernardi \u2013 Bordon.<\/p><p>Cairo \u2013 Canevari \u2013 Caprani \u2013 Cartia \u2013 Cosattini.<\/p><p>Gavina.<\/p><p>Iotti Leonilde.<\/p><p>Li Causi \u2013 Lombardo Ivan Matteo.<\/p><p>Montalbano.<\/p><p>Parri \u2013 Penna Ottavia.<\/p><p>Repelli \u2013 Roselli.<\/p><p>CORSANEGO. Chiedo di parlare.<\/p><p>PRESIDENTE. Ne ha facolt\u00e0.<\/p><p>CORSANEGO. Signor Presidente, onorevoli colleghi. Poich\u00e9 ciascuno deve assumere le proprie responsabilit\u00e0, devo dichiarare che il fatto che l\u2019emendamento test\u00e9 respinto portasse la mia firma \u2013 il mio nome \u00e8 apparso nell\u2019elenco dei firmatari dell\u2019emendamento che \u00e8 stato distribuito a stampa \u2013 \u00e8 dovuto soltanto ad un errore materiale, in quanto al posto del mio nome vi doveva essere quello dell\u2019onorevole Costantini, che aveva firmato l\u2019emendamento. La tipografia, interpretando la firma dell\u2019onorevole Costantini come la mia, ha posto il mio nome; ma io non ho firmato questo emendamento.<\/p><p>Presentazione di un disegno di legge.<\/p><p>SFORZA, <em>Ministro degli affari esteri<\/em>. Chiedo di parlare.<\/p><p>PRESIDENTE. Ne ha facolt\u00e0.<\/p><p>SFORZA, <em>Ministro degli affari esteri<\/em>. Ho l\u2019onore di presentare all\u2019Assemblea il disegno di legge per l\u2019approvazione dell\u2019accordo concluso a Parigi il 10 settembre 1946 tra il Governo italiano e il Governo egiziano circa il risarcimento dei danni subiti dall\u2019Egitto per effetto delle operazioni militari svoltesi sul suo territorio e il dissequestro dei beni italiani in Egitto.<\/p><p>PRESIDENTE. Do atto all\u2019onorevole Ministro degli affari esteri della presentazione di questo disegno di legge. Sar\u00e0 inviato alla Commissione competente.<\/p><p>Si riprende la discussione del progetto di Costituzione della Repubblica italiana.<\/p><p>PRESIDENTE. Si dovr\u00e0 procedere ora alla votazione del primo comma dell\u2019emendamento degli onorevoli Rossi Paolo, Binni ed altri, di cui do ancora lettura:<\/p><p>\u00abL\u2019arte e la scienza sono libere in ogni loro manifestazione; e libero \u00e8 il loro insegnamento\u00bb.<\/p><p>TUMMINELLI. Chiedo di parlare per dichiarazione di voto.<\/p><p>PRESIDENTE. Ne ha facolt\u00e0.<\/p><p>TUMMINELLI. Desidero fare una dichiarazione per tutto l\u2019articolo 27.<\/p><p>Noi siamo favorevoli alla formulazione dell\u2019articolo dell\u2019onorevole Dossetti, con raggiunta di quei tre commi di cui ho detto prima.<\/p><p>Siamo favorevoli perch\u00e9 qui si \u00e8 parlato vanamente di privilegi e di capitolazione. La libert\u00e0 della scuola rientra nella libert\u00e0 dei princip\u00ee di tutte le democrazie, e poi c\u2019\u00e8 un fatto molto pi\u00f9 profondo che \u00e8 il seguente: da secoli tutto quello che c\u2019\u00e8 di progresso, di vivo nel campo dell\u2019educazione appartiene esclusivamente alla scuola libera. Di conseguenza la libert\u00e0 della scuola risponde ad un principio di avanzamento nel campo della cultura.<\/p><p>Basti pensare che nel nostro Paese la scuola ufficiale \u00e8 totalmente assente da tutto quello che costituisce progresso pedagogico, ricerche psichiche&#8230;<\/p><p>MALAGUGINI. \u00c8 intollerabile che si diffami in questo modo la scuola pubblica. E da che pulpito!<\/p><p>PRESIDENTE. Onorevole Malagugini, non interrompa!<\/p><p>TUMMINELLI. All\u2019onorevole interruttore faccio presente, a titolo di esempio, che nel 1934, quando vi fu a Roma il primo congresso internazionale per la cinematografia educativa, la scuola ufficiale fu totalmente assente. Su 450 rappresentanti di tutti i Paesi, di cui molli appartenenti a libere istituzioni, vi erano soltanto due osservatori che rappresentavano la nostra scuola di Stato; e nel 1936, quando ci fu, in occasione della mostra coloniale, un congresso per una cartella bio-clinico-ortogenetica dell\u2019et\u00e0 scolare, la scuola ufficiale aveva solo osservatori, mentre quella libera era rappresentata.<\/p><p>PRESIDENTE. Onorevole Tumminelli, la prego di non svolgere nuovamente il suo emendamento.<\/p><p>TUMMINELLI. Ho finito. Concludo facendo presente che nel nuovo orientamento della civilt\u00e0 la scuola di Stato deve mirare ad appagare le nuove esigenze del lavoro, con scuole specializzate, per l\u2019avanzamento del popolo. Deve altres\u00ec lasciare largo respiro alla scuola libera. Ciascuna ha un suo compito. Per questo noi voteremo l\u2019emendamento Dossetti e siamo favorevoli alla libert\u00e0 dell\u2019insegnamento. (<em>Commenti a sinistra \u2013 Applausi a destra<\/em>).<\/p><p>PRESIDENTE. Vorrei che i colleghi si persuadessero che non \u00e8 questa la sede per parlare di cose che non sono pertinenti alla votazione alla quale vogliamo dare inizio.<\/p><p>BRUNI. Chiedo di parlare per dichiarazione di voto.<\/p><p>PRESIDENTE. Ne ha facolt\u00e0.<\/p><p>BRUNI. Ho presentato un emendamento sostitutivo dei commi terzo, quarto e quinto e desidero far presente che non posso votare n\u00e9 a favore dell\u2019emendamento Dossetti n\u00e9 a favore dell\u2019emendamento Binni.<\/p><p>Le nostre formule sono sufficienti a garantire la libert\u00e0 d\u2019insegnamento e di uguaglianza di doveri e di diritti, e perci\u00f2 io mi asterr\u00f2 dal votare sulle formule presentate dagli onorevoli Dossetti e Binni.<\/p><p>CONDORELLI. Chiedo di parlare per dichiarazione di voto.<\/p><p>PRESIDENTE. Ne ha facolt\u00e0.<\/p><p>CONDORELLI. Voter\u00f2 contro l\u2019emendamento Rossi come pure contro qualsiasi altro emendamento che, con formule esplicite o nascoste, tendesse ad incrinare il principio della libert\u00e0 della scuola. La libert\u00e0 della scuola \u00e8 un principio che va integralmente approvato, prima di tutto perch\u00e9 attraverso la libert\u00e0 della scuola si attua quel diritto fondamentale che test\u00e9 anche la nostra Costituzione ha riconosciuto ai genitori, di educare e di istruire la prole. Questo diritto non si pu\u00f2 esercitare praticamene che avendo la possibilit\u00e0 di scegliere liberamente la scuola. \u00c8 un principio da difendere anche nell\u2019interesse della cultura, che \u00e8 accresciuta dalla variet\u00e0 e dalla molteplicit\u00e0 delle scuole e delle idee, e che invece \u00e8 mortificata dalla unicit\u00e0 della scuola.<\/p><p>Va difeso anche nell\u2019interesse dello Stato, che non ha nessuna ragione di assumersi il pesante monopolio della scuola media e superiore. Per tutte queste ragionino sono per la libert\u00e0 della scuola e sono anche per l\u2019esame di Stato, che \u00e8 un corollario necessario del principio della libert\u00e0 della scuola, perch\u00e9 \u00e8 il mezzo tecnico attraverso cui i provenienti dalle varie scuole vengono messi sul piede di eguaglianza. Aggiungo che ormai l\u2019articolo 7 della nostra Costituzione, che richiama i Patti lateranensi ed il Concordato (al cui articolo 35 \u00e8 appunto sancito il principio dell\u2019esame di Stato) rende, secondo me, superflua questa discussione perch\u00e9 la Costituente, che ha approvato l\u2019articolo 7, non pu\u00f2 oggi disdire il principio dell\u2019esame di Stato, che, nell\u2019articolo 7, attraverso i richiami su indicati, \u00e8 affermato.<\/p><p>MORO. Chiedo di parlare per dichiarazione di voto.<\/p><p>PRESIDENTE. Ne ha facolt\u00e0.<\/p><p>MORO. Per quanto riguarda il primo comma dell\u2019emendamento Rossi-Binni, dichiaro, a nome del mio gruppo, che noi voteremo contro, preferendo la nostra formulazione, che pi\u00f9 si avvicina al testo della Commissione.<\/p><p>PRESIDENTE. Pongo in votazione l\u2019emendamento Rossi Paolo. Avverto che su di esso \u00e8 stata chiesta la votazione per appello nominale dagli onorevoli Gullo Rocco, Grilli, Crispo, Grazia, Spallacci, Villani, Calosso, Di Gloria, Persico, Bocconi, Veroni, Nasi, Pera e altri.<\/p><p>GRONCHI. Chiedo di parlare.<\/p><p>PRESIDENTE. Ne ha facolt\u00e0.<\/p><p>GRONCHI. Stavamo per proporre la votazione a scrutinio segreto, perch\u00e9 essa \u00e8 pi\u00f9 rapida e servirebbe a contrastare un tentativo che per noi traspare abbastanza chiaro \u2013 chiediamo scusa ai colleghi se ci\u00f2 sembra un processo alle loro intenzioni \u2013 quello cio\u00e8 di mandare per le lunghe la discussione e la votazione su questo articolo.<\/p><p>LUCIFERO. Chiedo di parlare.<\/p><p>PRESIDENTE. Ne ha facolt\u00e0.<\/p><p>LUCIFERO. Io non so ancora se vi sar\u00e0 un voto segreto, o un appello nominale. Se vi sar\u00e0 un voto segreto, per correttezza, non potr\u00f2 fare la mia dichiarazione di voto.<\/p><p>PRESIDENTE. Poich\u00e9, fino a questo momento, la richiesta di votazione segreta non \u00e8 pervenuta alla Presidenza, \u00e8 evidente che si proceder\u00e0 a quella per appello nominale.<\/p><p>Lei ha quindi facolt\u00e0 di fare la dichiarazione di voto.<\/p><p>LUCIFERO. Se il voto \u00e8 palese, devo giustificare il motivo della mia astensione.<\/p><p>Avendo votato a favore dell\u2019ordine del giorno dell\u2019onorevole Orlando, mi sono finora astenuto da tutte le votazioni sul Titolo secondo. Ma qui mi astengo con particolare evidenza, perch\u00e9 di tutte le formulazioni che sono state proposte nessuna garantisce effettivamente la libert\u00e0 della scuola. Vi sono formule diverse di limitazione della libert\u00e0 della scuola, per diversi intendimenti; ma per la libert\u00e0 della scuola effettiva non \u00e8 nessuna delle formulazioni.<\/p><p>Dato che io credo profondamente nella necessit\u00e0 di una scuola libera, mi asterr\u00f2 dal voto, perch\u00e9 dovrei votare ugualmente contro tutte le formulazioni. (<em>Commenti<\/em>).<\/p><p>PRESIDENTE. Onorevole Lucifero, desidero precisare che, per adesso, votiamo sul primo comma al quale non \u00e8 connesso ancora, nel suo complesso, il problema della libert\u00e0 della scuola. Tanto le dovevo per la chiarezza della votazione.<\/p><p>LUCIFERO. La mia dichiarazione vale per tutto il testo dell\u2019articolo.<\/p><p>CRISPO. Chiedo di parlare per dichiarazione di voto.<\/p><p>PRESIDENTE. Ne ha facolt\u00e0.<\/p><p>CRISPO. Desidero dichiarare, anche a nome dei colleghi Morelli, Einaudi, Cortese, Martino Gaetano, Cifaldi e Rubilli, che noi voteremo a favore dell\u2019emendamento Rossi.<\/p><p>Votazione nominale.<\/p><p>PRESIDENTE. Si proceda alla votazione per appello nominale.<\/p><p>Estraggo a sorte il nome del deputato dal quale comincer\u00e0 la chiama.<\/p><p>(<em>Segue il sorteggio<\/em>).<\/p><p>Comincer\u00e0 dall\u2019onorevole Bordon.<\/p><p>Si faccia la chiama.<\/p><p>SCHIRATTI, <em>Segretario<\/em>, fa la chiama.<\/p><p><em>Rispondono<\/em> s\u00ec:<\/p><p>Allegato \u2013 Amadei \u2013 Assennato \u2013 Azzi.<\/p><p>Baldassari \u2013 Barbareschi \u2013 Bardini \u2013 Bargagna \u2013 Barontini Ilio \u2013 Basso \u2013 Bei Adele \u2013 Bellusci \u2013 Bennani \u2013 Bernabei \u2013 Bernamonti \u2013 Bernini Ferdinando \u2013 Bianchi Bianca \u2013 Bibolotti \u2013 Binni \u2013 Bitossi \u2013 Bocconi \u2013 Bolognesi \u2013 Bonomelli \u2013 Bonomi Ivanoe \u2013 Bosi \u2013 Bruni \u2013 Bucci.<\/p><p>Cacciatore \u2013 Calamandrei \u2013 Caldera \u2013 Calosso \u2013 Camangi \u2013 Canepa \u2013 Caporali \u2013 Carboni \u2013 Carmagnola \u2013 Carpano Maglioli \u2013 Cavallari \u2013 Cerreti \u2013 Cevolotto \u2013 Chiaramello \u2013 Chiostergi \u2013 Cianca \u2013 Cifaldi \u2013 Codignola \u2013 Conti \u2013 Corbi \u2013 Corbino \u2013 Corsi \u2013 Cortese \u2013 Costa \u2013 Costantini \u2013 Cremaschi Olindo \u2013 Crispo.<\/p><p>Damiani \u2013 D\u2019Amico Michele \u2013 D\u2019Aragona \u2013 Della Seta \u2013 De Mercurio \u2013 De Michelis Paolo \u2013 De Vita \u2013 Di Gloria \u2013 Di Vittorio \u2013 D\u2019Onofrio \u2013 Dozza.<\/p><p>Einaudi.<\/p><p>Fabbri \u2013 Faccio \u2013 Fantuzzi \u2013 Faralli \u2013 Farini Carlo \u2013 Fedeli Armando \u2013 Ferrari Giacomo \u2013 Finocchiaro Aprile \u2013 Fiore \u2013 Fiorentino \u2013 Fioritto \u2013 Flecchia \u2013 Foa \u2013 Fogagnolo \u2013 Fornara.<\/p><p>Gasparotto \u2013 Ghidetti \u2013 Ghidini \u2013 Giolitti \u2013 Giua \u2013 Grazi Enrico \u2013 Grazia Verenin \u2013 Grieco \u2013 Grilli \u2013 Gullo Fausto \u2013 Gullo Rocco.<\/p><p>Imperiale.<\/p><p>Jacometti.<\/p><p>Lami Starnuti \u2013 Lombardi Riccardo \u2013 Longhena \u2013 Longo \u2013 Lozza \u2013 Lupis \u2013 Lussu.<\/p><p>Macrelli \u2013 Maffi \u2013 Magnani \u2013 Magrini \u2013 Malagugini \u2013 Mancini \u2013 Marchesi \u2013 Mariani Enrico \u2013 Mariani Francesco \u2013 Martino Enrico \u2013 Martino Gaetano \u2013 Massola \u2013 Mastino Pietro \u2013 Mattei Teresa \u2013 Matteotti Carlo \u2013 Mazzei \u2013 Mazzoni \u2013 Merighi \u2013 Merlin Angelina \u2013 Minella Angiola \u2013 Minio \u2013 Molinelli \u2013 Montagnana Rita \u2013 Montemartini \u2013 Morandi \u2013 Moranino \u2013 Morelli Renato \u2013 Morini \u2013 Musolino.<\/p><p>Nasi \u2013 Natoli Lamantea \u2013 Negro \u2013 Nenni \u2013 Nobile Umberto \u2013 Nobili Oro \u2013 Noce Teresa \u2013 Novella.<\/p><p>Pacciardi \u2013 Pajetta Giuliano \u2013 Paolucci \u2013 Paris \u2013 Pastore Raffaele \u2013 Pera \u2013 Perassi \u2013 Persico \u2013 Pertini Sandro \u2013 Pesenti \u2013 Piemonte \u2013 Pistoia \u2013 Pollastrini Elettra \u2013 Pressinotti \u2013 Preti \u2013 Preziosi \u2013 Pucci.<\/p><p>Ravagnan \u2013 Reale Eugenio \u2013 Reale Vito \u2013 Ricci Giuseppe \u2013 Romita \u2013 Rossi Giuseppe \u2013 Rossi Maria Maddalena \u2013 Rubilli \u2013 Ruggiero Carlo.<\/p><p>Saccenti \u2013 Salerno \u2013 Saragat \u2013 Sardiello \u2013 Scarpa \u2013 Schiavetti \u2013 Scoccimarro \u2013 Secchia \u2013 Sereni \u2013 Sicignano \u2013 Silipo \u2013 Simonini \u2013 Spallicci \u2013 Stampacchia.<\/p><p>Targetti \u2013 Tega \u2013 Tomba \u2013 Tonello \u2013 Tremelloni \u2013 Treves.<\/p><p>Valiani \u2013 Veroni \u2013 Villani \u2013 Vischioni.<\/p><p>Zagari \u2013 Zanardi \u2013 Zappetti \u2013 Zuccarini.<\/p><p><em>Rispondono<\/em> no:<\/p><p>Abozzi \u2013 Adonnino \u2013 Alberti \u2013 Ambrosini \u2013 Andreotti \u2013 Angelucci \u2013 Arcaini \u2013 Arcangeli \u2013 Avanzini.<\/p><p>Bacciconi \u2013 Balduzzi \u2013 Baracco \u2013 Bastianetto \u2013 Bazoli \u2013 Bellato \u2013 Belotti \u2013 Bencivenga \u2013 Benedettini \u2013 Benvenuti \u2013 Bergamini \u2013 Bertola \u2013 Bertone \u2013 Bettiol \u2013 Biagioni \u2013 Bianchini Laura \u2013 Bonomi Paolo \u2013 Borsellino \u2013 Bosco Lucarelli \u2013 Bovetti \u2013 Braschi \u2013 Brusasca \u2013 Bubbio \u2013 Bulloni Pietro \u2013 Burato.<\/p><p>Caccuri \u2013 Caiati \u2013 Campilli \u2013 Camposarcuno \u2013 Cappa Paolo \u2013 Cappelletti \u2013 Cappi Giuseppe \u2013 Cappugi \u2013 Capua \u2013 Carbonari \u2013 Carignani \u2013 Caristia \u2013 Caronia \u2013 Carratelli \u2013 Caso \u2013 Cassiani \u2013 Castelli Edgardo \u2013 Castelli Avolio \u2013 Cavalli \u2013 Chatrian \u2013 Chieffi \u2013 Ciccolungo \u2013 Cimenti \u2013 Cingolani Mario \u2013 Clerici \u2013 Coccia \u2013 Codacci Pisanelli \u2013 Colitto \u2013 Colombo Emilia \u2013 Colonnetti \u2013 Conci Elisabetta \u2013 Condorelli \u2013 Coppi Alessandro \u2013 Corsanego \u2013 Cotellessa \u2013 Covelli \u2013 Cremaschi Carlo.<\/p><p>De Caro Gerardo \u2013 De Falco \u2013 De Gasperi \u2013 Del Curto \u2013 Delli Castelli Filomena \u2013 De Maria \u2013 De Martino \u2013 De Michele Luigi \u2013 De Palma \u2013 De Unterrichter Maria \u2013 Di Fausto \u2013 Domined\u00f2 \u2013 Dossetti.<\/p><p>Ermini.<\/p><p>Fabriani \u2013 Fanfani \u2013 Fantoni \u2013 Federici Maria \u2013 Ferrarese \u2013 Ferrano Celestino \u2013 Ferreri \u2013 Firrao \u2013 Foresi \u2013 Franceschini \u2013 Froggio \u2013 Fuschini.<\/p><p>Gabrieli \u2013 Galati \u2013 Garlato \u2013 Gatta \u2013 Germano \u2013 Geuna \u2013 Giacch\u00e8ro \u2013 Giannini \u2013 Giordani \u2013 Gonella \u2013 Gortani \u2013 Gotelli Angela \u2013 Grassi \u2013 Gronchi \u2013 Guariento \u2013 Guerrieri Emanuele \u2013 Guerrieri Filippo \u2013 Gui \u2013 Guidi Cingolani Angela.<\/p><p>Jacini \u2013 Jervolino.<\/p><p>Lagravinese Pasquale \u2013 Lazzati \u2013 Leone Giovanni \u2013 Lettieri \u2013 Lizier.<\/p><p>Malvestiti \u2013 Mannironi \u2013 Manzini \u2013 Marazza \u2013 Marconi \u2013 Marinaro \u2013 Martinelli \u2013 Marzarotto \u2013 Mastino Gesumino \u2013 Mastrojanni \u2013 Mattarella \u2013 Mazza \u2013 Meda Luigi \u2013 Medi Enrico \u2013 Mentasti \u2013 Merlin Umberto \u2013 Miccolis \u2013 Micheli \u2013 Monterisi \u2013 Monticelli \u2013 Montini \u2013 Morelli Luigi \u2013 Moro \u2013 Mortati \u2013 Motolese \u2013 M\u00f9rdaca \u2013 Murgia.<\/p><p>Nicotra Maria \u2013 Notarianni \u2013 Numeroso.<\/p><p>Orlando Camillo.<\/p><p>Pallastrelli \u2013 Pastore Giulio \u2013 Pat \u2013 Pecorari \u2013 Pella \u2013 Perlingieri \u2013 Perugi \u2013 Petrilli \u2013 Piccioni \u2013 Pignedoli \u2013 Ponti \u2013 Proia \u2013 Puoti.<\/p><p>Quarello \u2013 Quintieri Adolfo.<\/p><p>Raimondi \u2013 Recca \u2013 Rescigno \u2013 Restagno \u2013 Riccio Stefano \u2013 Rivera \u2013 Rodin\u00f2 Mario \u2013 Rodin\u00f2 Ugo \u2013 Romano \u2013 Rumor.<\/p><p>Saggin \u2013 Salizzoni \u2013 Salvatore \u2013 Sampietro \u2013 Sartor \u2013 Scalfaro \u2013 Scelba \u2013 Schiratti \u2013 Scoca \u2013 Scotti Alessandro \u2013 Segni \u2013 Selvaggi \u2013 Siles \u2013 Spataro \u2013 Stella \u2013 Storchi \u2013 Sullo Fiorentino.<\/p><p>Tambroni Armaroli \u2013 Taviani \u2013 Terranova \u2013 Tessitori \u2013 Tieri Vincenzo \u2013 Titomanlio Vittoria \u2013 Togni \u2013 Tosato \u2013 Tosi \u2013 Tozzi Condivi \u2013 Trimarchi \u2013 Tripepi \u2013 Tumminelli \u2013 Tupini \u2013 Turco.<\/p><p>Uberti.<\/p><p>Valenti \u2013 Valmarana \u2013 Vanoni \u2013 Venditti \u2013 Viale \u2013 Vicentini \u2013 Vigo \u2013 Vilardi.<\/p><p>Zaccagnini \u2013 Zerbi \u2013 Zotta.<\/p><p><em>Astenuti<\/em><em>:<\/em><\/p><p>Lucifero.<\/p><p>Nitti.<\/p><p>Orlando Vittorio Emanuele.<\/p><p><em>Sono in congedo<\/em><em>:<\/em><\/p><p>Angelini \u2013 Arata.<\/p><p>Bernardi \u2013 Bordon.<\/p><p>Cairo \u2013 Canevari \u2013 Caprani \u2013 Cartia \u2013 Cosattini.<\/p><p>Gavina.<\/p><p>Iotti Leonilde.<\/p><p>Li Causi \u2013 Lombardo Ivan Matteo.<\/p><p>Montalbano.<\/p><p>Parri \u2013 Penna Ottavia.<\/p><p>Rapelli \u2013 Roselli.<\/p><p>PRESIDENTE. Dichiaro chiusa la votazione e invito gli onorevoli Segretari a procedere al computo dei voti.<\/p><p>(<em>Gli onorevoli Segretari fanno il computo dei voti<\/em>).<\/p><p>PRESIDENTE. Comunico il risultato della votazione nominale:<\/p><p>Presenti\u00a0\u00a0\u00a0\u00a0\u00a0\u00a0\u00a0\u00a0\u00a0\u00a0\u00a0\u00a0\u00a0\u00a0\u00a0 418<\/p><p>Votanti\u00a0\u00a0\u00a0\u00a0\u00a0\u00a0\u00a0\u00a0\u00a0\u00a0\u00a0\u00a0\u00a0\u00a0\u00a0\u00a0 415<\/p><p>Astenuti\u00a0\u00a0\u00a0\u00a0\u00a0\u00a0\u00a0\u00a0\u00a0\u00a0\u00a0\u00a0\u00a0\u00a0\u00a0\u00a0\u00a0 3<\/p><p>Maggioranza\u00a0\u00a0\u00a0\u00a0\u00a0\u00a0\u00a0 208<\/p><p>Hanno risposto <em>s\u00ec<\/em>\u00a0 192<\/p><p>Hanno risposto <em>no<\/em> 223<\/p><p>(<em>L\u2019Assemblea non approva il primo comma dell\u2019emendamento Rossi Paolo<\/em>).<\/p><p>Si riprende la discussione del progetto di Costituzione della Repubblica italiana.<\/p><p>PRESIDENTE. Pongo ora in votazione il primo comma dell\u2019articolo nel testo dell\u2019onorevole Dossetti, che differisce da quello della Commissione perch\u00e9 vi si aggiunge la particella \u00abne\u00bb:<\/p><p>\u00abL\u2019arte e la scienza sono libere e libero ne \u00e8 l\u2019insegnamento\u00bb.<\/p><p>(<em>\u00c8 approvato<\/em>).<\/p><p>Nel testo proposto dall\u2019onorevole Rossi Paolo si riscontra una formula di carattere aggiuntivo che non esiste nel testo proposto dalla Commissione.<\/p><p>La stessa formula dell\u2019onorevole Rossi Paolo si trova nell\u2019emendamento proposto dall\u2019onorevole Bernini, che egli ha dichiarato di conservare. Poich\u00e9 le due formule coincidono in maniera assoluta, credo che l\u2019onorevole Bernini aderir\u00e0 all\u2019emendamento dell\u2019onorevole Rossi.<\/p><p>BERNINI. Perfettamente.<\/p><p>PRESIDENTE. Sta bene. Passiamo alla votazione della formula aggiuntiva, che \u00e8 del seguente tenore:<\/p><p>\u00abL\u2019istruzione, di qualunque grado, \u00e8 tra le precipue funzioni dello Stato\u00bb.<\/p><p>\u00c8 stata presentata una richiesta di votazione per appello nominale dagli onorevoli Bassano, Morini, Preti, Calosso, Tremelloni, Zagari, Ghidini, Filippini, Veroni, Binni, Ruggiero, Bocconi, Treves, Di Gloria, Foa, Villani.<\/p><p>\u00c8 stata anche presentata una richiesta di votazione a scrutinio segreto dagli onorevoli Gronchi, Dossetti, Bianchini Laura, Moro, Mattarella, Togni, Viale, Arcaini, Jervolino, Conci Elisabetta, Ferrario Celestino, Vitali, Galati, Coppi, Morelli Luigi, Tosi, Salvatori, Ermini, Federici Maria, Marconi, Fabriani, Balduzzi.<\/p><p>La richiesta di votazione a scrutinio segreto ha la precedenza su quella per appello nominale.<\/p><p>MARTINO GAETANO. Chiedo di parlare.<\/p><p>PRESIDENTE. Ne ha facolt\u00e0.<\/p><p>MARTINO GAETANO. Desidero far notare che questo \u00e8 un emendamento aggiuntivo al secondo comma dell\u2019articolo, mentre esistono parecchi emendamenti aggiuntivi al primo comma, sui quali non si \u00e8 ancora votato. Fra gli altri ve ne \u00e8 uno presentato dagli onorevoli Labriola, Della Seta, Lucifero, Corbino e da me.<\/p><p>PRESIDENTE. Mi permetta, onorevole Martino: esiste infatti questo emendamento che da lei e dagli altri proponenti \u00e8 stato presentato in aggiunta al primo comma; ma io penso \u2013 non so se l\u2019Assemblea vorr\u00e0 concedermi questa facolt\u00e0 \u2013 che i vari concetti espressi nell\u2019articolo possono da me essere ordinati secondo un loro senso logico.<\/p><p>La votazione pertanto sulla sua proposta non \u00e8 decaduta; vorrei riservarmi di porla ai voti insieme con formulazioni analoghe.<\/p><p>Ella insiste perch\u00e9 sia messo in votazione subito il suo emendamento?<\/p><p>MARTINO GAETANO. Non insisto.<\/p><p>Votazione segreta.<\/p><p>PRESIDENTE. Indico la votazione a scrutinio segreto della formula aggiuntiva proposta dall\u2019onorevole Rossi Paolo.<\/p><p>Si faccia la chiama.<\/p><p>RICCIO, <em>Segretario<\/em>, fa la chiama.<\/p><p>(<em>Segue la votazione<\/em>).<\/p><p>Presidenza del Vicepresidente PECORARI<\/p><p>PRESIDENTE. Dichiaro chiusa la votazione, e invito gli onorevoli Segretari a procedere alla numerazione dei voti.<\/p><p>(<em>Gli onorevoli Segretari numerano i voti<\/em>).<\/p><p>Presidenza del Presidente TERRACINI<\/p><p>PRESIDENTE. Comunico il risultato della votazione a scrutinio segreto:<\/p><p>Presenti e votanti \u00a0418<\/p><p>Maggioranza\u00a0\u00a0\u00a0\u00a0\u00a0\u00a0\u00a0 210<\/p><p>Voti favorevoli \u00a0\u00a0\u00a0 200<\/p><p>Voti contrari \u00a0\u00a0\u00a0\u00a0\u00a0\u00a0 \u00a0218<\/p><p>(<em>L\u2019Assemblea non approva la formula aggiuntiva<\/em>).<\/p><p><em>Hanno preso parte alla votazione<\/em><em>:<\/em><\/p><p>Abozzi \u2013 Adonnino \u2013 Alberti \u2013 Allegato \u2013 Amadei \u2013 Ambrosini \u2013 Andreotti \u2013 Angelucci \u2013 Arcaini \u2013 Arcangeli \u2013 Assennato \u2013 Avanzini \u2013 Azzi.<\/p><p>Bacciconi \u2013 Baldassari \u2013 Balduzzi \u2013 Baracco \u2013 Barbareschi \u2013 Bardini \u2013 Bargagna \u2013 Barontini Ilio \u2013 Basso \u2013 Bastianetto \u2013 Bazoli \u2013 Bei Adele \u2013 Bellato \u2013 Bellusci \u2013 Belotti \u2013 Benedettini \u2013 Bennani \u2013 Benvenuti \u2013 Bergamini \u2013 Bernabei \u2013 Bernamonti \u2013 Bernini Ferdinando \u2013 Bertola \u2013 Bertone \u2013 Bettiol \u2013 Biagioni \u2013 Bianchi Bianca \u2013 Bianchi Bruno \u2013 Bianchi Costantino \u2013 Bianchini Laura \u2013 Bibolotti \u2013 Binni \u2013 Bitossi \u2013 Bocconi \u2013 Bolognesi \u2013 Bonomi Paolo \u2013 Borsellino \u2013 Bosco Lucarelli \u2013 Bosi \u2013 Bovetti \u2013 Braschi \u2013 Bruni \u2013 Brusasca \u2013 Bubbio \u2013 Bucci \u2013 Bulloni Pietro \u2013 Burato.<\/p><p>Cacciatore \u2013 Caccuri \u2013 Caiati \u2013 Calamandrei \u2013 Caldera \u2013 Calosso \u2013 Camangi \u2013 Campilli \u2013 Camposarcuno \u2013 Canepa \u2013 Caporali \u2013 Cappa Paolo \u2013 Cappelletti \u2013 Cappi Giuseppe \u2013 Cappugi \u2013 Capua \u2013 Carbonari \u2013 Carboni \u2013 Carignani \u2013 Caristia \u2013 Carmagnola \u2013 Caronia \u2013 Carpano Maglioli \u2013 Carratelli \u2013 Caso \u2013 Cassiani \u2013 Castelli Edgardo \u2013 Castelli Avolio \u2013 Cavallari \u2013 Cavalli \u2013 Cerreti \u2013 Cevolotto \u2013 Chatrian \u2013 Chieffi \u2013 Chiostergi \u2013 Cianca \u2013 Ciccolungo \u2013 Cifaldi \u2013 Cimenti \u2013 Cingolani Mario \u2013 Clerici \u2013 Coccia \u2013 Codacci Pisanelli \u2013 Codignola \u2013 Colitto \u2013 Colombo Emilio \u2013 Colonnetti \u2013 Conci Elisabetta \u2013 Condorelli \u2013 Conti \u2013 Coppi Alessandro \u2013 Corbi \u2013 Corbino \u2013 Corsanego \u2013 Corsi \u2013 Cortese \u2013 Costa \u2013 Costantini \u2013 Cotellessa \u2013 Covelli \u2013 Cremaschi Carlo \u2013 Cremaschi Olindo \u2013 Crispo.<\/p><p>Damiani \u2013 D\u2019Amico Diego \u2013 D\u2019Amico Michele \u2013 D\u2019Aragona \u2013 De Caro Gerardo \u2013 De Falco \u2013 De Gasperi \u2013 Del Curto \u2013 Della Seta \u2013 Delli Castelli Filomena \u2013 De Maria \u2013 De Martino \u2013 De Mercurio \u2013 De Michele Luigi \u2013 De Michelis Paolo \u2013 De Palma \u2013 De Unterrichter Maria \u2013 De Vita \u2013 Di Fausto \u2013 Di Gloria \u2013 Di Vittorio \u2013 Domined\u00f2 \u2013 D\u2019Onofrio \u2013 Dossetti \u2013 Dozza \u2013 Dugoni.<\/p><p>Einaudi \u2013 Ermini.<\/p><p>Fabbri \u2013 Fabriani \u2013 Faccio \u2013 Fanfani \u2013 Fantoni \u2013 Fantuzzi \u2013 Faralli \u2013 Farini Carlo \u2013 Fedeli Armando \u2013 Federici Maria \u2013 Ferrarese \u2013 Ferrari Giacomo \u2013 Ferrario Celestino \u2013 Ferreri \u2013 Finocchiaro Aprile \u2013 Fiore \u2013 Fiorentino \u2013 Fioritto \u2013 Firrao \u2013 Flecchia \u2013 Foa \u2013 Fogagnolo \u2013 Foresi \u2013 Fornara \u2013 Franceschini \u2013 Froggio \u2013 Fuschini.<\/p><p>Gabrieli \u2013 Galati \u2013 Gallico Spano Nadia \u2013 Garlato \u2013 Gatta \u2013 Germano \u2013 Gervasi \u2013 Geuna \u2013 Ghidetti \u2013 Ghidini \u2013 Giacchero \u2013 Giannini \u2013 Giolitti \u2013 Giordani \u2013 Giua \u2013 Gonella \u2013 Gortani \u2013 Gotelli Angela \u2013 Grassi \u2013 Grazi Enrico \u2013 Grazia Verenin \u2013 Grieco \u2013 Grilli \u2013 Gronchi \u2013 Guariento \u2013 Guerrieri Emanuele \u2013 Guerrieri Filippo \u2013 Gui \u2013 Guidi Cingolani Angela \u2013 Gullo Fausto \u2013 Gullo Rocco.<\/p><p>Imperiale.<\/p><p>Jacini \u2013 Jacometti \u2013 Jervolino.<\/p><p>Lagravinese Pasquale \u2013 Lami Starnuti \u2013 Landi \u2013 Lazzati \u2013 Leone Giovanni \u2013 Lettieri \u2013 Lizier \u2013 Lombardi Riccardo \u2013 Longhena \u2013 Lozza \u2013 Lussu.<\/p><p>Macrelli \u2013 Maffi \u2013 Magnani \u2013 Magrini \u2013 Malagugini \u2013 Maltagliati \u2013 Malvestiti \u2013 Mancini \u2013 Mannironi \u2013 Manzini \u2013 Marazza \u2013 Marchesi \u2013 Marconi \u2013 Mariani Enrico \u2013 Mariani Francesco \u2013 Marinaro \u2013 Martinelli \u2013 Martino Enrico \u2013 Martino Gaetano \u2013 Marzarotto \u2013 Massola \u2013 Mastino Gesumino \u2013 Mastino Pietro \u2013 Mastrojanni \u2013 Mattarella \u2013 Mattei Teresa \u2013 Matteotti Carlo \u2013 Mazza \u2013 Mazzei \u2013 Mazzoni \u2013 Meda Luigi \u2013 Medi Enrico \u2013 Mentasti \u2013 Merighi \u2013 Merlin Angelina \u2013 Merlin Umberto \u2013 Miccolis \u2013 Micheli \u2013 Minella Angiola \u2013 Minio \u2013 Molinelli \u2013 Montagnana Rita \u2013 Montemartini \u2013 Monterisi \u2013 Monticelli \u2013 Montini \u2013 Morandi \u2013 Moranino \u2013 Morelli Luigi \u2013 Morelli Renato \u2013 Morini \u2013 Moro \u2013 Mortati \u2013 Motolese \u2013 M\u00f9rdaca \u2013 Murgia \u2013 Musolino.<\/p><p>Nasi \u2013 Natoli Lamantea \u2013 Negro \u2013 Nenni \u2013 Nicotra Maria \u2013 Nobile Umberto \u2013 Nobili Oro \u2013 Noce Teresa \u2013 Notarianni \u2013 Novella \u2013 Numeroso.<\/p><p>Orlando Camillo \u2013 Orlando Vittorio Emanuele.<\/p><p>Pacciardi \u2013 Pajetta Giuliano \u2013 Pallastrelli \u2013 Paolucci \u2013 Paratore \u2013 Paris \u2013 Pastore Giulio \u2013 Pastore Raffaele \u2013 Pat \u2013 Pecorari \u2013 Pella \u2013 Pera \u2013 Perassi \u2013 Perlingieri \u2013 Persico \u2013 Pertini Sandro \u2013 Pertugi \u2013 Pesenti \u2013 Petrilli \u2013 Piccioni \u2013 Piemonte \u2013 Pignedoli \u2013 Pistoia \u2013 Pollastrini Elettra \u2013 Ponti \u2013 Pressinotti \u2013 Preti \u2013 Preziosi \u2013 Proia \u2013 Pucci \u2013 Puoti.<\/p><p>Quarello \u2013 Quintieri Adolfo.<\/p><p>Raimondi \u2013 Ravagnan \u2013 Reale Eugenio \u2013 Reale Vito \u2013 Recca \u2013 Rescigno \u2013 Restagno \u2013 Ricci Giuseppe \u2013 Riccio Stefano \u2013 Rivera \u2013 Rodin\u00f2 Mario \u2013 Rodin\u00f2 Ugo \u2013 Romano \u2013 Romita \u2013 Rossi Giuseppe \u2013 Rossi Maria Maddalena \u2013 Rubilli \u2013 Ruggiero Carlo \u2013 Rumor.<\/p><p>Saccenti \u2013 Saggin \u2013 Salerno \u2013 Salizzoni \u2013 Salvatore \u2013 Sampietro \u2013 Sansone \u2013 Saragat \u2013 Sardiello \u2013 Sartor \u2013 Scalfaro \u2013 Scarpa \u2013 Scelba \u2013 Schiavetti \u2013 Schiratti \u2013 Scoca \u2013 Scoccimarro \u2013 Secchia \u2013 Segni \u2013 Selvaggi \u2013 Sicignano \u2013 Siles \u2013 Silipo \u2013 Silone \u2013 Simonini \u2013 Spallicci \u2013 Spano \u2013 Spataro \u2013 Stampacchia \u2013 Stella \u2013 Storchi \u2013 Sullo Fiorentino.<\/p><p>Taddia \u2013 Tambroni Armaroli \u2013 Targetti \u2013 Taviani \u2013 Tega \u2013 Terranova \u2013 Tessitori \u2013 Tieri Vincenzo \u2013 Titomanlio Vittoria \u2013 Togni \u2013 Tomba \u2013 Tonello \u2013 Tosato \u2013 Tosi \u2013 Tozzi Condivi \u2013 Tremelloni \u2013 Treves \u2013 Trimarchi \u2013 Tripepi \u2013 Tumminelli \u2013 Tupini \u2013 Turco.<\/p><p>Uberti.<\/p><p>Valenti \u2013 Valiani \u2013 Valmarana \u2013 Vanoni \u2013 Veroni \u2013 Viale \u2013 Vicentini \u2013 Vigo \u2013 Vilardi \u2013 Villani \u2013 Vischioni.<\/p><p>Zaccagnini \u2013 Zagari \u2013 Zanardi \u2013 Zappelli \u2013 Zerbi \u2013 Zotta \u2013 Zuccarini.<\/p><p><em>Sono in congedo<\/em><em>:<\/em><\/p><p>Angelini \u2013 Arata.<\/p><p>Bernardi \u2013 Bordon.<\/p><p>Cairo \u2013 Canevari \u2013 Caprani \u2013 Cartia \u2013 Cosattini.<\/p><p>Gavina.<\/p><p>Iotti Leonilde.<\/p><p>Li Causi \u2013 Lombardo Ivan Matteo.<\/p><p>Montalbano.<\/p><p>Parri \u2013 Penna Ottavia.<\/p><p>Rapelli \u2013 Roselli.<\/p><p>Si riprende la discussione del progetto di costituzione della Repubblica italiana.<\/p><p>MARCHESI. Chiedo di parlare.<\/p><p>PRESIDENTE. Ne ha facolt\u00e0.<\/p><p>MARCHESI. Domando alla sua benignit\u00e0 che ci conceda una tregua di dieci minuti. (<em>Rumori<\/em>).<\/p><p>PRESIDENTE. Ritengo che ragioni di cortesia elementare mi consentano di accedere, come in analoghe circostanze \u00e8 stato fatto, a questo desiderio.<\/p><p>GRONCHI. Chiedo di parlare.<\/p><p><em>Una<\/em> <em>voce al centro<\/em>. Domando se sia stata interrogata l\u2019Assemblea su questa sospensione.<\/p><p>PRESIDENTE. In tal caso decido io che la seduta sia sospesa per un breve riposo.<\/p><p>Ha facolt\u00e0 di parlare l\u2019onorevole Gronchi.<\/p><p>GRONCHI. Considero esaurito il quesito che volevo rivolgere alla sua cortesia, onorevole Presidente, perch\u00e9 ella ha gi\u00e0 risposto.<\/p><p>(<em>La seduta, sospesa alle 19,55,<\/em> \u00e8 <em>ripresa, alle 20,10<\/em>).<\/p><p>PRESIDENTE. Si dovr\u00e0 procedere ora alla votazione della prima parte del secondo comma, che nel testo della Commissione \u00e8 del seguente tenore:<\/p><p>\u00abLa Repubblica detta le norme generali sulla istruzione\u00bb.<\/p><p>Nell\u2019emendamento dell\u2019onorevole Rossi Paolo, che corrisponde a quello proposto dall\u2019onorevole Bernini, si dice: \u00abche detta le norme generali\u00bb.<\/p><p>L\u2019emendamento dell\u2019onorevole Dossetti riprende integralmente il testo della Commissione: \u00abLa Repubblica detta le norme generali sull\u2019istruzione\u00bb.<\/p><p>Le tre formulazioni coincidono e pertanto pongo senz\u2019altro in votazione la prima parte del secondo comma nella dizione proposta dalla Commissione:<\/p><p>\u00abLa Repubblica detta le norme generali sull\u2019istruzione\u00bb.<\/p><p>(<em>\u00c8 approvata<\/em>).<\/p><p>La seconda parte di questo comma, nel testo della Commissione, dice:<\/p><p>\u00aborganizza la scuola in tutti i suoi gradi mediante istituti statali\u00bb.<\/p><p>L\u2019onorevole Dossetti propone:<\/p><p>\u00abed istituisce scuole statali per tutti gli ordini e gradi\u00bb.<\/p><p>L\u2019onorevole Rossi Paolo propone nel suo emendamento, che coincide con quello dell\u2019onorevole Bernini:<\/p><p>\u00aborganizza la scuola statale in tutti i suoi gradi e tipi\u00bb.<\/p><p>Mi pare che le tre formulazioni non differiscano troppo tra di loro.<\/p><p>TONELLO. Chiedo la verifica del numero legale (<em>Rumori \u2013 Commenti<\/em>).<\/p><p>PRESIDENTE. Onorevole Tonello, la sua richiesta deve essere presentata nei termini regolamentari, cio\u00e8 deve essere firmata da dieci deputati.<\/p><p>Pongo, pertanto, in votazione la formulazione dell\u2019onorevole Dossetti, che \u00e8 quella che pi\u00f9 si allontana dal testo: \u00abed istituisce scuole statali per tutti gli ordini e gradi\u00bb.<\/p><p>TONELLO. Chiedo l\u2019appello nominale! (<em>Proteste al centro e a destra \u2013 Rumori<\/em>).<\/p><p>PRESIDENTE. Non possiamo continuare in questa maniera i nostri lavori! L\u2019appello nominale si chiede nei modi stabiliti dal Regolamento. (<em>Interruzione dell\u2019onorevole Bernini<\/em>).<\/p><p>All\u2019onorevole Bernini faccio presente che il Regolamento va osservato. La domanda di votazione per appello nominale non \u00e8 valida, se non perviene alla Presidenza nei modi prescritti. Avevo gi\u00e0 posto in votazione la formula dell\u2019onorevole Dossetti, quindi la richiesta varr\u00e0 per le votazioni successive.<\/p><p>(<em>La seconda parte del secondo comma nella formulazione dell\u2019onorevole Dossetti \u00e8 approvata<\/em>).<\/p><p>Passiamo alla terza parte del secondo comma, che nel testo della Commissione \u00e8 del seguente tenore:<\/p><p>\u00abriconosce ad enti ed a privati la facolt\u00e0 di formare scuole ed istituti di educazione\u00bb.<\/p><p>L\u2019onorevole Dossetti ha proposto il seguente comma: \u00abEnti e privati hanno diritto di istituire scuole con la sola osservanza delle norme di diritto comune\u00bb, che pi\u00f9 si allontana dal testo della Commissione, mentre l\u2019emendamento dell\u2019onorevole Rossi Paolo \u00e8 cos\u00ec formulato: \u00abe riconosce ad enti ed a privati la facolt\u00e0 di istituire scuole ed istituti di educazione\u00bb, riprendendo integralmente la formulazione proposta dalla Commissione.<\/p><p>Pongo, pertanto, in votazione la formulazione dell\u2019onorevole Dossetti.<\/p><p>Avverto che per questa votazione \u00e8 stato chiesto l\u2019appello nominale dagli onorevoli Scoccimarro, Reale Eugenio, Fogagnolo, Scarpa, Mariani Enrico, Cevolotto, Dugoni, Preti, Gullo Rocco, Treves, Longhena, Minio, Bernini, Cavallari, Codignola.<\/p><p>DOSSETTI. Per quale parte dell\u2019articolo \u00e8 stata fatta la richiesta di appello nominale?<\/p><p>PRESIDENTE. Onorevole Dossetti, \u00e8 evidente che la domanda, presentata in questo momento, si riferisce alla votazione annunciata e non pu\u00f2 riferirsi ad altri punti dell\u2019articolo che non sono stati posti in votazione. Chieder\u00f2, comunque, ai firmatari su che cosa chiedono l\u2019appello nominale.<\/p><p>Onorevole Scoccimarro, la domanda di appello nominale si riferisce al punto che \u00e8 ora in votazione?<\/p><p>SCOCCIMARRO. S\u00ec, si riferisce a questo punto.<\/p><p>Votazione nominale.<\/p><p>PRESIDENTE. Indico la votazione per l\u2019appello nominale sul seguente comma proposto dall\u2019onorevole Dossetti, che sostituisce la terza parte del secondo comma dell\u2019articolo 27:<\/p><p>\u00abEnti e privati hanno diritto di istituire scuole con la sola osservanza delle norme di diritto comune\u00bb.<\/p><p>Estraggo a sorte il nome del deputato dal quale comincer\u00e0 la chiama.<\/p><p>(<em>Segue il sorteggio<\/em>).<\/p><p>Comincer\u00e0 dall\u2019onorevole Ponti.<\/p><p>Si faccia la chiama.<\/p><p>RICCIO, <em>Segretario<\/em>, fa la chiama.<\/p><p><em>Rispondono<\/em> s\u00ec:<\/p><p>Abozzi \u2013 Adonnino \u2013 Alberti \u2013 Ambrosini \u2013 Andreotti \u2013 Angelucci \u2013 Arcaini \u2013 Arcangeli \u2013 Avanzini.<\/p><p>Bacciconi \u2013 Balduzzi \u2013 Baracco \u2013 Bastianetto \u2013 Bazoli \u2013 Bellato \u2013 Belotti \u2013 Bencivenga \u2013 Benedettini \u2013 Benvenuti \u2013 Bergamini \u2013 Bertola \u2013 Bertone \u2013 Bettiol \u2013 Biagioni \u2013 Bianchini Laura \u2013 Bonomi Paolo \u2013 Borsellino \u2013 Bosco Lucarelli \u2013 Bovetti \u2013 Braschi \u2013 Brusasca \u2013 Bubbio \u2013 Bulloni Pietro \u2013 Burato.<\/p><p>Caccuri \u2013 Caiati \u2013 Campilli \u2013 Camposarcuno \u2013 Cappa Paolo \u2013 Cappelletti \u2013 Cappi Giuseppe \u2013 Cappugi \u2013 Capua \u2013 Carbonari \u2013 Carignani \u2013 Caristia \u2013 Caronia \u2013 Carratelli \u2013 Caso \u2013 Cassiani \u2013 Castelli Edgardo \u2013 Castelli Avolio \u2013 Cavalli \u2013 Chatrian \u2013 Chieffi \u2013 Ciccolungo \u2013 Cimenti \u2013 Cingolani Mario \u2013 Clerici \u2013 Coccia \u2013 Codacci Pisanelli \u2013 Colitto \u2013 Colombo Emilio \u2013 Colonnetti \u2013 Conci Elisabetta \u2013 Condorelli \u2013 Coppi Alessandro \u2013 Corbino \u2013 Corsanego \u2013 Cotellessa \u2013 Cremaschi Carlo.<\/p><p>Damiani \u2013 D\u2019Amico Diego \u2013 De Caro Gerardo \u2013 De Falco \u2013 De Gasperi \u2013 Del Curto \u2013 Delli Castelli Filomena \u2013 De Maria \u2013 De Martino \u2013 De Michele Luigi \u2013 De Palma \u2013 De Unterrichter Maria \u2013 Di Fausto \u2013 Domined\u00f2 \u2013 Dossetti.<\/p><p>Ermini.<\/p><p>Fabriani \u2013 Fanfani \u2013 Fantoni \u2013 Federici Maria \u2013 Ferrarese \u2013 Ferrario Celestino \u2013 Ferreri \u2013 Firrao \u2013 Foresi \u2013 Franceschini \u2013 Fresa \u2013 Froggio \u2013 Fuschini.<\/p><p>Gabrieli \u2013 Galati \u2013 Garlato \u2013 Gatta \u2013 Germano \u2013 Geuna \u2013 Giacch\u00e8ro \u2013 Giannini \u2013 Giordani \u2013 Gonella \u2013 Gortani \u2013 Gotelli Angela \u2013 Grassi \u2013 Gronchi \u2013 Guariento \u2013 Guerrieri Emanuele \u2013 Guerrieri Filippo \u2013 Gui \u2013 Guidi Cingolani Angela.<\/p><p>Jacini \u2013 Jervolino.<\/p><p>Lagravinese Pasquale \u2013 Lazzati \u2013 Leone Giovanni \u2013 Lettieri \u2013 Lizier.<\/p><p>Malvestiti \u2013 Mannironi \u2013 Manzini \u2013 Marazza \u2013 Marconi \u2013 Marinaro \u2013 Martinelli \u2013 Marzarotto \u2013 Mastino Gesumino \u2013 Mastrojanni \u2013 Mattarella \u2013 Mazza \u2013 Meda Luigi \u2013 Medi Enrico \u2013 Mentasti \u2013 Merlin Umberto \u2013 Miccolis \u2013 Micheli \u2013 Monterisi \u2013 Monticelli \u2013 Montini \u2013 Morelli Luigi \u2013 Moro \u2013 Mortati \u2013 Motolese \u2013 M\u00f9rdaca \u2013 Murgia.<\/p><p>Nicotra Maria \u2013 Notarianni \u2013 Numeroso.<\/p><p>Orlando Camillo.<\/p><p>Pallastrelli \u2013 Pastore Giulio \u2013 Pat \u2013 Pecorari \u2013 Pella \u2013 Perlingieri \u2013 Perugi \u2013 Petrilli \u2013 Piccioni \u2013 Pignedoli \u2013 Ponti \u2013 Proia \u2013 Puoti.<\/p><p>Quarello \u2013 Quintieri Adolfo.<\/p><p>Raimondi \u2013 Recca \u2013 Rescigno \u2013 Restagno \u2013 Riccio Stefano \u2013 Rivera \u2013 Rodin\u00f2 Mario \u2013 Rodin\u00f2 Ugo \u2013 Romano \u2013 Rumor.<\/p><p>Saggin \u2013 Salizzoni \u2013 Salvatore \u2013 Sampietro \u2013 Sartor \u2013 Scalfaro \u2013 Scelba \u2013 Schiratti \u2013 Scoca \u2013 Scotti Alessandro \u2013 Segni \u2013 Selvaggi \u2013 Siles \u2013 Spataro \u2013 Stella \u2013 Storchi \u2013 Sullo Fiorentino.<\/p><p>Tambroni Armaroli \u2013 Taviani \u2013 Terranova \u2013 Tessitori \u2013 Tieri Vincenzo \u2013 Titomanlio Vittoria \u2013 Togni \u2013 Tosato \u2013 Tosi \u2013 Tozzi Condivi \u2013 Trimarchi \u2013 Tripepi \u2013 Tumminelli \u2013 Tupini \u2013 Turco.<\/p><p>Uberti.<\/p><p>Valenti \u2013 Valmarana \u2013 Vanoni \u2013 Venditti \u2013 Viale \u2013 Vicentini \u2013 Vigo \u2013 Vilardi.<\/p><p>Zaccagnini \u2013 Zerbi \u2013 Zotta.<\/p><p><em>Rispondono<\/em> no:<\/p><p>Bellusci \u2013 Bernabei \u2013 Bibolotti.<\/p><p>Camangi \u2013 Cevolotto \u2013 Conti \u2013 Cortese.<\/p><p>De Vita \u2013 Dugoni.<\/p><p>Fedeli Armando.<\/p><p>Longhena.<\/p><p>Mariani Enrico \u2013 Massola \u2013 Minio \u2013 Molinelli \u2013 Morelli Renato.<\/p><p>Paolucci.<\/p><p>Ravagnan \u2013 Reale Eugenio.<\/p><p>Scarpa \u2013 Scoccimarro \u2013 Secchia.<\/p><p><em>Astenuti<\/em><em>:<\/em><\/p><p>Bruni.<\/p><p>Lucifero.<\/p><p><em>Sono in congedo<\/em><em>:<\/em><\/p><p>Angelini \u2013 Arata.<\/p><p>Bernardi \u2013 Bordon.<\/p><p>Cairo \u2013 Canevari \u2013 Caprani \u2013 Cartia \u2013 Cosattini.<\/p><p>Gavina.<\/p><p>Iotti Leonilde.<\/p><p>Li Causi \u2013 Lombardo Ivan Matteo.<\/p><p>Montalbano.<\/p><p>Parri \u2013 Penna Ottavia.<\/p><p>Rapelli \u2013 Roselli.<\/p><p>PRESIDENTE. Dichiaro chiusa la votazione e invito gli onorevoli Segretari a procedere al computo dei voti.<\/p><p>(<em>Gli onorevoli Segretari fanno il computo dei voti<\/em>).<\/p><p>Sulla verifica del numero legale.<\/p><p>TAVIANI. Chiedo di parlare.<\/p><p>PRESIDENTE. Ne ha facolt\u00e0.<\/p><p>TAVIANI. Agli effetti della constatazione del numero legale, con riferimento all\u2019articolo 103-<em>bis<\/em> del Regolamento, chiedo come la Presidenza consideri che debbano computarsi coloro che hanno firmato il registro di presenza alla seduta, e coloro che hanno partecipato alle precedenti votazioni.<\/p><p>PRESIDENTE. Ella sa che la sua domanda non offre possibilit\u00e0 alcuna di risposta, perch\u00e9 il Regolamento non parla di firme di presenza e considera i presenti alla seduta.<\/p><p>TAVIANI. I presenti alla seduta, non nell\u2019Aula.<\/p><p>PRESIDENTE. La seduta \u00e8 nell\u2019Aula, e non fuori dell\u2019Aula.<\/p><p>PICCIONI. Chiedo di parlare.<\/p><p>PRESIDENTE. Ne ha facolt\u00e0.<\/p><p>PICCIONI. In aggiunta a quello che ha detto l\u2019onorevole Taviani desidero osservare che il Regolamento fu fatto quando il registro dei presenti non esisteva. \u00c8 veramente strano che ci sia un registro di presenza che fa fede della presenza e col quale si pu\u00f2 constatare il numero dei presenti, senza che poi questi figurino nell\u2019Aula.<\/p><p>PRESIDENTE. Sono tutti problemi che vanno posti al momento opportuno. Quando l\u2019Assemblea in comitato segreto ha votato per la conferma delle firme di presenza, coloro i quali hanno esperienza parlamentare o funzioni direttive avrebbero potuto proporre le norme conseguenti necessarie. Il Regolamento \u00e8 frutto di lunghi anni di esperienza. Ora sono costretto a ricordare, in seduta pubblica, che la firma di presenza \u00e8 stata decisa a scopi ben diversi da quello della constatazione del numero legale o delle votazioni nominali e per quanto io possa avere opinioni personali circa la mancata corrispondenza tra la firma e la presenza in Aula, \u00e8 evidente che non posso tramutarle in disposizione di Regolamento. Ora il Regolamento che applichiamo \u00e8 quello scritto e non \u00e8 possibile aggiungere altro.<\/p><p>TAVIANI. Chiedo di parlare.<\/p><p>PRESIDENTE. Ne ha facolt\u00e0.<\/p><p>TAVIANI. Il Regolamento, all\u2019articolo 103-<em>bis<\/em>, parla di deputati presenti alla seduta i quali non partecipano ad una votazione. La seduta \u00e8 cominciata alle ore 15 e ci sono state altre votazioni; quindi vi \u00e8 stato modo di accertare quali erano i deputati presenti alla seduta che non hanno partecipato a questa ultima votazione, dato che essa fa parte della seduta. (<em>Approvazioni<\/em>).<\/p><p>PRESIDENTE. L\u2019articolo 103-<em>bis<\/em> del Regolamento dice: \u00abNelle votazioni, per la cui validit\u00e0 \u00e8 necessaria la constatazione del numero legale, sar\u00e0 tenuta nota di coloro che si astengono dal voto.<\/p><p>I deputati presenti alla seduta, i quali non partecipino ad una votazione, saranno computati come astenuti agli effetti del numero legale\u00bb.<\/p><p>Ora i deputati presenti alla seduta sono i deputati presenti alla votazione. (<em>Commenti<\/em>).<\/p><p><em>Una voce<\/em>. No, no, la seduta non \u00e8 la votazione. (<em>Rumori<\/em>).<\/p><p>PRESIDENTE. Vorrei pregare l\u2019onorevole Taviani di voler spiegare all\u2019Assemblea che cosa significhi, nel corso di una seduta durante la quale si fanno numerose votazioni, la verifica del numero legale.<\/p><p>DOSSETTI. Chiedo di parlare.<\/p><p>PRESIDENTE. Ne ha facolt\u00e0.<\/p><p>DOSSETTI. Mi pare che se ci sforziamo di esaminare serenamente questo testo, dobbiamo procedere coi soliti criteri ermeneutici: anzitutto cercare di interpretare la norma attraverso il significalo immediato delle parole; in secondo luogo, ricollegare la norma ad altre norme in cui le parole che vengono usate nell\u2019articolo considerato vengono definite e assumono il loro preciso significato giuridico.<\/p><p>Ora, noi ci troviamo di fronte ad una norma che dice:<\/p><p>\u00abI deputati presenti alla seduta, i quali non partecipino ad \u00abuna\u00bb votazione, saranno computati come astenuti agli effetti del numero legale\u00bb.<\/p><p>Noi diciamo che in questa seduta sono state fatte gi\u00e0 altre votazioni, le quali hanno consentito di accertare in aula \u2013 non attraverso il registro di cui l\u2019onorevole Presidente ci dice che l\u2019attestazione non \u00e8 rispondente ai fini della seduta \u2013 di accertare in aula, ai fini della seduta stessa, quali erano i presenti. Ora si tratta di stabilire se la formula dell\u2019articolo 103-<em>bis<\/em> voglia significare che il numero dei presenti deve essere accertato in base ai deputati presenti in Aula che non rispondano alla votazione, oppure in base al numero dei deputati presenti alla seduta.<\/p><p>Io dico che tra i due concetti c\u2019\u00e8 netta distinzione; e il legislatore che ha fatto questo Regolamento, ha inteso effettuare la distinzione; perch\u00e9, se non avesse voluto fare questa distinzione e avesse voluto dare alla norma il significato che sembra volerle attribuire l\u2019onorevole Presidente, avrebbe detto: \u00abI deputati presenti in Aula, i quali non partecipino ad una votazione, saranno computati come astenuti agli effetti del numero legale\u00bb. Invece il legislatore ci ha detto: \u00abI deputati presenti alla seduta\u00bb. E allora noi sappiamo dal Capo VII, articolo 31 e seguenti che \u00abIl Presidente apre e chiude le sedute, annunzia l\u2019ora della seduta seguente e l\u2019ordine del giorno, che sar\u00e0 affisso nella sala\u00bb. Dal che si desume che per \u00abseduta\u00bb si intende quello spazio di tempo che intercorre tra la dichiarazione di apertura e la dichiarazione di chiusura fatte dal Presidente, e che, quando in questo spazio di tempo abbiamo avuto, attraverso uno dei mezzi di cui appunto si riconosce la rilevanza in Aula, cio\u00e8 attraverso una precedente votazione \u2013 una di quelle votazioni, di cui lo stesso articolo 103-<em>bis<\/em> ammette la molteplicit\u00e0 \u2013 un simile accertamento fatto per mezzo di una votazione, la eventuale non risposta da parte di alcuni deputati presenti ad una votazione nell\u2019ambito di questa seduta e non presenti alle altre votazioni \u2013 \u00e8 perci\u00f2 che si usa l\u2019articolo indeterminato, \u00abuna\u00bb votazione \u2013 vuol dire che quei deputati, non soltanto quelli fisicamente presenti in Aula al momento di quella votazione, ma tutti quelli presenti in quella seduta, devono considerarsi come astenuti. (<em>Vivi applausi al centro e a destra<\/em>).<\/p><p>CEVOLOTTO. Chiedo di parlare.<\/p><p>PRESIDENTE. Ne ha facolt\u00e0.<\/p><p>CEVOLOTTO. Io non vorrei nemmeno discutere di questa questione di interpretazione di Regolamento, per non trasformare quest\u2019Aula in un\u2019aula di pretura. (<em>Vive proteste \u2013 Rumori<\/em>).<\/p><p>PRESIDENTE. Egregi colleghi, la nostra non \u00e8 certamente un\u2019aula di pretura, ma non trasformiamola neanche in un comizio.<\/p><p>CEVOLOTTO. Non si possono imporre con la forza del numero interpretazioni del Regolamento che sono fuori dai limiti del giusto e del ragionevole (<em>Interruzioni \u2013 Rumori<\/em>).<\/p><p>PRESIDENTE. Lascino parlare.<\/p><p>CEVOLOTTO. Io domando a voi che significato potrebbe avere la constatazione del numero legale, se non quello di constatare anche nel corso della seduta se il numero legale \u00e8 venuto a mancare. Nella pratica parlamentare, \u00e8 sempre accaduto cos\u00ec. Anche se vi \u00e8 stata una votazione che ha dimostrato che l\u2019Assemblea era allora al completo, se ad un certo momento l\u2019Assemblea non \u00e8 pi\u00f9 in numero, vi \u00e8 il diritto di domandare la constatazione del numero legale prima di procedere ad una nuova votazione.<\/p><p>Questa \u00e8 l\u2019unica interpretazione che si pu\u00f2 dare al Regolamento, n\u00e9 vi \u00e8 possibilit\u00e0 di uscire da essa; non \u00e8 possibile cio\u00e8 ammettere, anche per un principio di logica, che una votazione, quando sia richiesto l\u2019appello nominale, possa seguire, per esempio, con venti soli presenti, sol perch\u00e9 al principio della seduta, ad una prima votazione, i presenti erano stati, poniamo, quattrocento. (<em>Interruzioni \u2013 Rumori<\/em>).<\/p><p>Quanto poi all\u2019interpretazione dell\u2019articolo 103-<em>bis<\/em>, il fermarsi, contro tutto il significato dell\u2019articolo nella sua coordinazione, all\u2019\u00abuna votazione\u00bb, come se quell\u2019\u00abuna\u00bb fosse in contrapposto a \u00abpi\u00f9\u00bb, \u00e8 un evidente errore di ermeneutica. Nella votazione, per la cui validit\u00e0 sia necessaria la constatazione del numero legale, si deve infatti prendere nota di coloro che si sono astenuti dal voto. Questo \u00e8 il principio: chi si astiene dal voto \u00e8 considerato come presente. Siccome per\u00f2 si affacciava la questione di coloro che, presenti nell\u2019Aula, si fossero astenuti non rispondendo, per questi \u00e8 stato scritto il capoverso. Si \u00e8 voluto dire cio\u00e8 che, se uno \u00e8 presente nell\u2019Aula, deve votare; che se poi non vota, viene considerato come astenuto. \u00c8 cos\u00ec evidente! \u00c8 cos\u00ec chiaro tutto questo! (<em>Rumori<\/em>).<\/p><p>Io ho voluto parlare per chiarire quale sia la portata della norma. Adesso per\u00f2 dico un\u2019altra cosa: fino alla proclamazione dei risultati noi non possiamo discutere; in sede di votazione non si deve discutere. Non si potr\u00e0 farlo che dopo la proclamazione del risultato.<\/p><p>Non vi \u00e8 ora la possibilit\u00e0 di interrompere il computo dei voti con una discussione di questo genere. (<em>Proteste \u2013 Rumori<\/em>).<\/p><p>PRESIDENTE. Desidero far presente ai colleghi che sono in questo momento non la maggioranza, ma, possiamo dire, la totalit\u00e0 dell\u2019Assemblea, l\u2019opportunit\u00e0 che si astengano dall\u2019inveire nei confronti dei pochissimi loro contradittori che sono rimasti nell\u2019Aula. (<em>Rumori<\/em>).<\/p><p>Quanto all\u2019articolo 103-<em>bis<\/em>, \u00e8 evidente che \u00e8 stato aggiunto per una situazione particolare creatasi nell\u2019Assemblea e che potrebbe essere analoga all\u2019attuale.<\/p><p>Ora, dai precedenti in questo momento ricercati, si rileva che nel giugno del 1922 fu deciso di apportare alcune modificazioni al Regolamento della Camera dei Deputati. La Commissione del Regolamento present\u00f2 la sua relazione e la questione fu posta all\u2019ordine del giorno della Camera nella seduta antimeridiana del 22 giugno 1922.<\/p><p>La relazione incomincia cos\u00ec: \u00abTralasciando riforme minori la cui ragione \u00e8 ovvia, richiamo la vostra attenzione ecc.\u00bb<\/p><p>Ora, fra i punti su cui l\u2019attenzione fu richiamata, non figura l\u2019articolo 103-<em>bis<\/em>, che fu considerato evidentemente fra le riforme minori.<\/p><p>Ma in sede di discussione fu data la spiegazione di questo articolo in maniera precisa e chiara.<\/p><p>Dal resoconto stenografico ecco quanto risulta:<\/p><p>\u00abPresidente. Passiamo alla proposta di modificazione all\u2019articolo 103-<em>bis<\/em>:<\/p><p>\u00abNelle votazioni, per la cui validit\u00e0 \u00e8 necessaria la constatazione del numero legale, sar\u00e0 tenuta nota di coloro che si astengono dal voto.<\/p><p>\u00abI deputati presenti alla seduta, i quali non partecipino ad una votazione, saranno computati come astenuti agli effetti del numero legale\u00bb.<\/p><p>\u00abMatteotti. E cosa vuol dire?<\/p><p>\u00abPresidente. Vuol dire questo: che quando si procede alla votazione per scrutinio segreto, talvolta vi sono nell\u2019Aula dei deputati che non vanno a votare, e proprio per loro manca il numero legale&#8230;<\/p><p>\u00abMatteotti. E come si far\u00e0 a dire che sono presenti?<\/p><p>\u00abPresidente. Lo constata la Presidenza.<\/p><p>\u00abMatteotti. Ma come? Bisognerebbe che li chiamasse per nome&#8230;<\/p><p>\u00abPresidente. S\u2019intende. Il Presidente dice: invito l\u2019onorevole X a votare. Se l\u2019onorevole X non va a votare, ai fini del numero legale \u00e8 dichiarato presente.<\/p><p>\u00abNon essendovi altre osservazioni, metto a partito l\u2019articolo 103-<em>bis<\/em>.<\/p><p>\u00ab(<em>\u00c8 approvato<\/em>)\u00bb.<\/p><p>Questa \u00e8 la fonte; poi abbiamo l\u2019applicazione.<\/p><p>Nella seduta pomeridiana del 28 giugno 1922 si procede ad una prima votazione per appello nominale sul disegno di legge: Trasformazione del latifondo e colonizzazione interna.<\/p><p>La votazione si conclude in forma regolare. I deputati presenti sono in numero legale e viene proclamato il risultato: la Camera non approva.<\/p><p>Nella stessa seduta si procede ad una seconda votazione per appello nominale; si fa la chiama. Il Presidente comunica: la Camera approva.<\/p><p>Nella stessa seduta \u2013 questo ci tranquillizza per le nostre votazioni di quest\u2019oggi \u2013 si procede ad una terza votazione per appello nominale:<\/p><p>\u00abPresidente. Dichiaro chiusa la votazione. Invito gli onorevoli segretari a procedere alla numerazione dei voti.<\/p><p>\u00ab(<em>Gli<\/em> <em>onorevoli segretari numerano i voti<\/em>).<\/p><p>\u00abPresidente. Annunzio che la Camera non \u00e8 risultata in numero legale\u00bb.<\/p><p>Nella seduta del 29 giugno si hanno due votazioni nominali: la prima \u00e8 regolare; per la seconda il Presidente annunzia che la Camera non \u00e8 in numero legale per deliberare.<\/p><p>Abbiamo quindi non soltanto la genesi di questo articolo, non soltanto la spiegazione data dal Presidente, circa la sua portata, senza contestazioni da parte di nessun deputato, ma abbiamo anche due applicazioni concrete.<\/p><p>Ed ora, egregi colleghi, una considerazione: qual \u00e8 la ragion d\u2019essere della constatazione del numero legale?<\/p><p>\u00c8 evidente che il numero legale \u00e8 richiesto perch\u00e9 una deliberazione dell\u2019Assemblea, per avere autorit\u00e0 di fronte al Paese, deve essere il risultato del concorso di un numero adeguato di membri dell\u2019Assemblea.<\/p><p>Mi pare che questa sia veramente e soltanto la ragione. \u00c8 uno dei casi in cui \u2013 mi si permetta il richiamo \u2013 la quantit\u00e0 si trasforma in qualit\u00e0. Un numero troppo limitato di deputati non pu\u00f2 dare autorit\u00e0 ad una disposizione legislativa. Occorre che vi sia il numero sufficiente, per potere dire: la Camera ha deliberato.<\/p><p>Ed infatti, nell\u2019articolo 36, che \u00e8 quello che dispone per la verifica del numero legale, il soggetto della norma \u00e8 la Camera come istituto, come fonte da cui promanano le decisioni e da cui proviene, quindi, l\u2019obbligo dei cittadini di ubbidire a determinate leggi.<\/p><p>Mi pare che, se questa \u00e8 la ragione, per cui si ritiene necessario il numero legale, \u00e8 evidente che questa constatazione debba avvenire di volta in volta che l\u2019Assemblea deve prendere una decisione.<\/p><p>Ed infatti, a riprova ultima, il Regolamento prevede all\u2019articolo 35 alcuni casi in cui non \u00e8 ammessa la constatazione del numero legale, che pertanto si presume.<\/p><p>Onorevoli colleghi, io sono stato molto esitante nel rispondere alle obiezioni validamente sostenute dall\u2019onorevole Taviani e poi dall\u2019onorevole Dossetti, e penso che tutti i colleghi mi sono testimoni dei miei dubbi e delle mie esitazioni.<\/p><p>Ritengo, a questo punto, di poter tuttavia rispondere alla osservazione che mi \u00e8 stata fatta, che le votazioni avvenute in precedenza nella giornata di oggi non infirmano la constatazione del numero legale in questa votazione.<\/p><p>Stanno per questa mia conclusione la ragione per la quale la disposizione invocata fu inclusa nel Regolamento; la spiegazione che ne dette colui che in quel momento poteva veramente dar ragione della decisione che si prendeva, nei confronti anche di una interrogazione rivolta da un deputato; le applicazioni che successivamente furono fatte.<\/p><p>Penso pertanto di poter dire agli onorevoli Taviani e Dossetti, ed ai colleghi che attendono la mia risposta, che procedo al computo del numero legale, in questa votazione, secondo le norme stabilite dal Regolamento.<\/p><p>DOSSETTI. Chiedo di parlare.<\/p><p>PRESIDENTE. Ne ha facolt\u00e0.<\/p><p>DOSSETTI. Nonostante le spiegazioni date dall\u2019onorevole Presidente, io credo di poter dichiarare che la questione per noi non \u00e8 risolta e che ci riserviamo di chiarirla attraverso i diversi mezzi che a questo riguardo possono essere invocati.<\/p><p>Non ritengo che sia concludente, nonostante la grande autorit\u00e0, alla quale tutti noi in pi\u00f9 di una occasione abbiamo dimostrato di inchinarci, non crediamo sia concludente la interpretazione che ne ha dato il Presidente di quella seduta della Camera nella quale \u00e8 stato votato l\u2019articolo 103-<em>bis<\/em>.<\/p><p>Contro la interpretazione del Presidente e a favore di quella da me proposta, vale il fatto che questa \u00e8 appunto la stessa che evidentemente era apparsa spontanea all\u2019onorevole Matteotti.<\/p><p>L\u2019onorevole Matteotti, che era pure certo un parlamentare al quale tutti quanti noi intendiamo inchinarci, aveva pensato alla interpretazione che io ora ho sostenuto (<em>Interruzione dell\u2019onorevole Cevolotto<\/em>) ed \u00e8 per questo che aveva sollevato la domanda e la obiezione: precisamente perch\u00e9 vedeva quali potevano essere le conseguenze, anche di carattere politico, che dalla applicazione della norma ne sarebbero derivate.<\/p><p>Quanto alle precedenti applicazioni, anche su queste bisogner\u00e0 effettuare ulteriori accertamenti, fra l\u2019altro allo scopo di vedere se le date a cui questi precedenti si riferiscono riguardano un periodo nel quale il Regolamento era gi\u00e0 entrato in vigore.<\/p><p>Comunque, indipendentemente dalla applicazione fattane, resta la portata oggettiva della norma la quale \u2013 richiamata al suo significato ed inquadrata nelle altre norme, specialmente in quelle che ci definiscono il concetto di seduta \u2013 fa s\u00ec che il secondo comma dell\u2019articolo 103-<em>bis<\/em> non possa essere inteso nel significato, molto pi\u00f9 semplice ma che avrebbe potuto essere molto pi\u00f9 semplicemente espresso con le parole pi\u00f9 adeguate, nel significato cio\u00e8 di \u00abpresenti nell\u2019Aula\u00bb.<\/p><p>PRESIDENTE. Desidero dire, per rispondere alle argomentazioni dell\u2019onorevole Dossetti, che il Regolamento entr\u00f2 in vigore immediatamente dopo la sua approvazione. Quindi non v\u2019\u00e8 dubbio che le decisioni prese nelle tornate successive furono prese in relazione a questo articolo.<\/p><p>In secondo luogo il Presidente di quella seduta della Camera non spiegava la portata di questa disposizione soltanto come Presidente della Camera, ma anche come Presidente della Commissione del Regolamento, avendo partecipato ai lavori della Commissione, ed essendo quindi nelle condizioni migliori di poter dire ci\u00f2 che la Commissione voleva quando aveva preso quella decisione.<\/p><p>Mi sembra (e mi perdoni l\u2019onorevole Dossetti) che questa nostra discussione, specialmente in questa ultima parte, pu\u00f2 indicare come, in mancanza di dati pi\u00f9 precisi sulla ragione di una norma di legge, si possa essere portati alle pi\u00f9 varie interpretazioni. Abbiamo qui \u2013 e si tratta non di una legge, ma di un regolamento \u2013 il resoconto della discussione svolta nel momento in cui la disposizione fu adottata; abbiamo la spiegazione di colui che presiedette ai lavori di formulazione e che dette ragione della norma di fronte alla Camera ed abbiamo le prime applicazioni; potremmo consultare tutti i volumi successivi.<\/p><p>Per queste ragioni, ormai senza preoccupazioni, ritengo di dover confermare quanto ho detto.<\/p><p>Poich\u00e9 la votazione ora effettuata non \u00e8 valida, in quanto risulta che il numero legale non \u00e8 stato raggiunto, non ne comunico i risultati.<\/p><p>Dichiaro che i votanti sono stati 258, compresi i firmatari della richiesta di appello nominale e tenuto conto dei congedi, che sono diciotto. Il numero di deputati da considerare \u00e8 di 538, la cui met\u00e0 pi\u00f9 uno ammonta a 270.<\/p><p>I votanti sono risultati 258 e pertanto mancano dodici voti perch\u00e9 il numero legalo sia raggiunto.<\/p><p>CINGOLANI. Chiedo se vi fossero dei presenti in Aula e non votanti.<\/p><p>PRESIDENTE. Onorevole Cingolani, gli onorevoli colleghi sono stati ben attenti per constatare se tutti i presenti in Aula votavano. Me ne sono stati segnalati due, che io, senza ancora aver consultato i precedenti di cui vi ho informato, ho chiamato per nome, invitandoli a votare: per esempio, l\u2019onorevole Dugoni.<\/p><p>Ripeto che il numero di 258 comprende tutti i colleghi presenti nell\u2019Aula. Se da parte dei colleghi si ritiene che altri ve ne fossero che non hanno risposto alla chiama mentre erano nell\u2019Aula, sono pregati di farne presenti i nomi, per poter procedere agli accertamenti del caso.<\/p><p>CINGOLANI. Chiedo di parlare.<\/p><p>PRESIDENTE. Ne ha facolt\u00e0.<\/p><p>CINGOLANI. Come membro della Commissione del Regolamento, vorrei pregare la sua cortesia di voler convocare al pi\u00f9 presto la Commissione stessa, perch\u00e9 indubbiamente, soprattutto per l\u2019interpretazione di quest\u2019ultima parte dell\u2019articolo 103-<em>bis<\/em>, sar\u00e0 necessario chiarire molto bene il modo come si debba constatare la presenza in Aula di deputati non votanti, ma presenti.<\/p><p>Non possiamo affidarci allo sforzo di memoria dell\u2019onorevole Presidente per investigare quali siano i presenti e per invitarli a dichiarare se votano o no.<\/p><p>Comunque, la stessa discussione che si \u00e8 svolta e la gravit\u00e0 della materia della quale dovremo occuparci, nelle sedute successive vuole che il Regolamento sia chiaro, esplicito e non si presti a interpretazioni che possano danneggiare la stessa dignit\u00e0 di rappresentanti del popolo, quali sentiamo di essere noi in quest\u2019Aula che non abbiamo disertato. (<em>Applausi<\/em>).<\/p><p>PRESIDENTE. Concordo con lei e convocher\u00f2 al pi\u00f9 presto la Commissione del Regolamento, perch\u00e9 sia chiarito, in maniera concorde, questo punto particolare dell\u2019applicazione dell\u2019articolo 103-<em>bis<\/em>.<\/p><p>Ed ora, in relazione alle disposizioni del Regolamento, si tratta di trarre le conseguenze dalla constatata mancanza del numero legale.<\/p><p>A norma del Regolamento, rinvio di un\u2019ora la seduta. (<em>Commenti<\/em>).<\/p><p>CORBINO. Chiedo di parlare.<\/p><p>PRESIDENTE. Ne ha facolt\u00e0.<\/p><p>CORBINO. Tutto quello che \u00e8 accaduto \u00e8 spiacevole evidentemente per tutti (<em>Interruzioni<\/em>), perch\u00e9 ci d\u00e0 la prova dell\u2019estrema difficolt\u00e0 del compito che dobbiamo assolvere. Noi abbiamo discusso due ore su una disposizione di Regolamento della Camera, mentre stiamo preparando una Costituzione che dovr\u00e0 reggere per decenni il nostro Paese. Questo ci dev\u2019essere di ammonimento, che le parole che adoperiamo non si devono mai prestare a dubbia interpretazione. Ora, il tempo \u00e8 il nostro pi\u00f9 terribile tiranno in questo momento, perch\u00e9 abbiamo una scadenza da rispettare; e allora io vorrei fare appello allo spirito di comprensione di tutti i colleghi presenti e non presenti, perch\u00e9 si ricordi il fine al quale dobbiamo tendere. Il Paese guarda a questa Assemblea per avere la Costituzione; non acuiamo i dissidi, non accentuiamo i distacchi che faranno approvare ogni parte di articolo della Costituzione a colpi di maggioranza lievissima. Cerchiamo, nei limiti in cui un concorde sforzo di buona volont\u00e0 ci pu\u00f2 unire, di lavorare insieme ponendo da parte tutte le questioni non essenziali.<\/p><p>Non so fino a qual punto queste parole possano trovare eco nell\u2019animo vostro e nell\u2019animo degli altri, ma ho creduto di doverle pronunciare alla vigilia di una riunione dei capi dei gruppi parlamentari, in cui si dovr\u00e0 porre veramente il problema se in queste condizioni la Costituzione per il 24 giugno saremo o no capaci di darla al popolo italiano. (<em>Applausi a destra<\/em>).<\/p><p>(<em>La seduta, sospesa alle 22,40, \u00e8 ripresa alle 23,40<\/em>).<\/p><p>PRESIDENTE. Dobbiamo rimettere in votazione la formula proposta dall\u2019onorevole Dossetti, sostitutiva della terza parte del secondo comma dell\u2019articolo 27:<\/p><p>\u00abEnti e privati hanno diritto di istituire scuole con la sola osservanza delle norme di diritto comune\u00bb.<\/p><p>\u00c8 stata chiesta la verifica del numero legale dagli onorevoli Preti, Codignola, Bernini, Pistoia, Rocco Gullo, Binni, Longhena, Foa, Bruni, Cevolotto. (<em>Commenti \u2013 Rumori<\/em>).<\/p><p><em>Una voce al centro<\/em>. Lei non dice una parola per gli assenti!<\/p><p>PRESIDENTE. Agli assenti parleremo quando saranno presenti. Non ho l\u2019abitudine di mandare a dire agli assenti cose che posso dire in loro presenza.<\/p><p>In questo momento vi prego, onorevoli colleghi, noi che siamo presenti, conduciamoci in maniera da salvare il prestigio dell\u2019Assemblea, della quale oggi siamo i rappresentanti. (<em>Commenti<\/em>).<\/p><p>CAPPA. Chiedo che si constati se i firmatari della richiesta per la verifica del numero legale sono presenti.<\/p><p>CINGOLANI. Chiedo di parlare.<\/p><p>PRESIDENTE. Ne ha facolt\u00e0.<\/p><p>CINGOLANI. Signor Presidente, mi ero permesso anch\u2019io, un momento fa, di chiedere alla sua cortesia che accertasse la presenza di coloro che hanno firmato la domanda di verifica del numero legale.<\/p><p>PRESIDENTE. Non ho udito, onorevole Cingolani.<\/p><p>CINGOLANI. Non voglio fare una doglianza per questo, ma ora mi associo alla richiesta dell\u2019onorevole Cappa.<\/p><p>PRESIDENTE. Passo subito ad accertarmi se i firmatari della domanda di verifica del numero legale sono presenti.<\/p><p>(<em>Fa l\u2019appello degli onorevoli Preti, Codignola, Bernini, Pistoia, Rocco Gullo, Binni, Longhena, Foa, Bruni, Cevolotto, i quali risultano tutti presenti<\/em>).<\/p><p>Procediamo ora all\u2019appello nominale per la verifica del numero legale. Estraggo a sorte il nome del deputato dal quale comincer\u00e0 la chiama.<\/p><p>(<em>Segue il sorteggio<\/em>).<\/p><p>Comincer\u00e0 dall\u2019onorevole Manzini.<\/p><p>Si faccia la chiama.<\/p><p>RICCIO, <em>Segretario<\/em> fa la chiama.<\/p><p><em>Sono presenti<\/em><em>:<\/em><\/p><p>Abozzi \u2013 Adonnino \u2013 Alberti \u2013 Ambrosini \u2013 Andreotti \u2013 Angelucci \u2013 Arcaini \u2013 Arcangeli \u2013 Avanzini.<\/p><p>Bacciconi \u2013 Balduzzi \u2013 Baracco \u2013 Bastianetto \u2013 Bazoli \u2013 Bellato \u2013 Bellusci \u2013 Belotti \u2013 Benedetti \u2013 Benedettini \u2013 Benvenuti \u2013 Bernini Ferdinando \u2013 Bertola \u2013 Bertone \u2013 Bettiol \u2013 Biagioni \u2013 Bianchini Laura \u2013 Binni \u2013 Bonomi Paolo \u2013 Borsellino \u2013 Bosco Lucarelli \u2013 Bovetti \u2013 Braschi \u2013 Bruni \u2013 Brusasca \u2013 Bubbio \u2013 Bulloni Pietro \u2013 Burato.<\/p><p>Caccuri \u2013 Caiati \u2013 Campilli \u2013 Camposarcuno \u2013 Cappa Paolo \u2013 Cappelletti \u2013 Cappi Giuseppe \u2013 Cappugi \u2013 Carbonari \u2013 Carignani \u2013 Caronia \u2013 Carratelli \u2013 Caso \u2013 Cassiani \u2013 Castelli Edgardo \u2013 Castelli Avolio \u2013 Cavalli \u2013 Cevolotto \u2013 Chatrian \u2013 Chieffi \u2013 Ciccolungo \u2013 Cimenti \u2013 Cingolani Mario \u2013 Clerici \u2013 Coccia \u2013 Codacci Pisanelli \u2013 Codignola \u2013 Colitto \u2013 Colombo Emilio \u2013 Colonnetti \u2013 Conci Elisabetta \u2013 Condorelli \u2013 Conti \u2013 Coppi Alessandro \u2013 Corbino \u2013 Corsanego \u2013 Cortese \u2013 Cotellessa \u2013 Covelli \u2013 Cremaschi Carlo.<\/p><p>D\u2019Amico Diego \u2013 De Caro Gerardo \u2013 De Falco \u2013 De Gasperi \u2013 Del Curto \u2013 Delli Castelli Filomena \u2013 De Maria \u2013 De Martino \u2013 De Michele Luigi \u2013 De Palma \u2013 De Unterrichter Maria \u2013 De Vita \u2013 Di Fausto \u2013 Domined\u00f2 \u2013 Dossetti.<\/p><p>Ermini.<\/p><p>Fabriani \u2013 Fanfani \u2013 Fantoni \u2013 Federici Maria \u2013 Ferrarese \u2013 Ferrario Celestino \u2013 Ferreri \u2013 Fiore \u2013 Firrao \u2013 Foa \u2013 Foresi \u2013 Franceschini \u2013 Froggio \u2013 Fuschini.<\/p><p>Gabrieli \u2013 Galati \u2013 Garlato \u2013 Gatta \u2013 Germano \u2013 Geuna \u2013 Giacch\u00e8ro \u2013 Giannini \u2013 Giordani \u2013 Gonella \u2013 Gortani \u2013 Gotelli Angela \u2013 Gronchi \u2013 Guariento \u2013 Guerrieri Emanuele \u2013 Guerrieri Filippo \u2013 Gui \u2013 Guidi Cingolani Angela \u2013 Gullo Rocco.<\/p><p>Jacini \u2013 Jervolino.<\/p><p>Lazzati \u2013 Leone Giovanni \u2013 Lettieri \u2013 Lizier \u2013 Longhena.<\/p><p>Malvestiti \u2013 Mannironi \u2013 Manzini \u2013 Marazza \u2013 Marconi \u2013 Marinaro \u2013 Martinelli \u2013 Marzarotto \u2013 Mastino Gesumino \u2013 Mattarella \u2013 Mazza \u2013 Meda Luigi \u2013 Medi Enrico \u2013 Merlin Umberto \u2013 Miccolis \u2013 Micheli \u2013 Monterisi \u2013 Monticelli \u2013 Montini \u2013 Morelli Luigi \u2013 Moro \u2013 Mortati \u2013 Motolese \u2013 M\u00f9rdaca \u2013 Murgia.<\/p><p>Nasi \u2013 Nicotra Maria \u2013 Notarianni \u2013 Numeroso.<\/p><p>Orlando Camillo.<\/p><p>Pallastrelli \u2013 Pastore Giulio \u2013 Pat \u2013 Pecorari \u2013 Pella \u2013 Perlingieri \u2013 Perugi \u2013 Petrilli \u2013 Piccioni \u2013 Pignedoli \u2013 Pistoia \u2013 Ponti \u2013 Preti \u2013 Priolo \u2013 Proia \u2013 Puoti.<\/p><p>Quarello \u2013 Quintieri Adolfo.<\/p><p>Raimondi \u2013 Recca \u2013 Rescigno \u2013 Restagno \u2013 Riccio Stefano \u2013 Rivera \u2013 Rodin\u00f2 Mario \u2013 Rodin\u00f2 Ugo \u2013 Romano \u2013 Rumor.<\/p><p>Saggin \u2013 Salizzoni \u2013 Salvatore \u2013 Sampietro \u2013 Sartor \u2013 Scalfaro \u2013 Scelba \u2013 Schiratti \u2013 Scoca \u2013 Scotti Alessandro \u2013 Segni \u2013 Selvaggi \u2013 Siles \u2013 Spataro \u2013 Stella \u2013 Storchi \u2013 Sullo Fiorentino.<\/p><p>Tambroni Armaroli \u2013 Taviani \u2013 Terranova \u2013 Tessitori \u2013 Tieri Vincenzo \u2013 Titomanlio Vittoria \u2013 Togni \u2013 Tosato \u2013 Tosi \u2013 Tozzi Condivi \u2013 Trimarchi \u2013 Tumminelli \u2013 Tupini \u2013 Turco.<\/p><p>Uberti.<\/p><p>Valenti \u2013 Valmarana \u2013 Vanoni \u2013 Venditti \u2013 Viale \u2013 Vicentini \u2013 Vigo \u2013 Vilardi.<\/p><p>Zaccagnani \u2013 Zerbi \u2013 Zotta.<\/p><p><em>Sono in congedo<\/em><em>:<\/em><\/p><p>Angelini \u2013 Arata.<\/p><p>Bernardi \u2013 Bordon.<\/p><p>Cairo \u2013 Canevari \u2013 Caprani \u2013 Cart\u00eca \u2013 Cosattini.<\/p><p>Gavina.<\/p><p>Iotti Leonilde.<\/p><p>Li Causi \u2013 Lombardo Ivan Matteo.<\/p><p>Montalbano.<\/p><p>Parri \u2013 Penna Ottavia.<\/p><p>Rapelli \u2013 Roselli.<\/p><p>PRESIDENTE. Dichiaro chiuso l\u2019appello.<\/p><p>Invito gli onorevoli Segretari a procedere al computo dei presenti.<\/p><p>(<em>Gli onorevoli segretari procedono al computo<\/em>).<\/p><p>Comunico che, dal computo dei presenti, risulta che l\u2019Assemblea non \u00e8 in numero legale per deliberare.<\/p><p>I nomi dei deputati assenti senza regolare congedo saranno pubblicati sulla <em>Gazzetta Ufficiale<\/em>.<\/p><p>A termini dell\u2019articolo 36 del Regolamento, la seduta \u00e8 rinviata alle 15 di marted\u00ec 29.<\/p><p>La seduta termina alle 24,45.<\/p><p>Ordine del giorno per la seduta di domani.<\/p><p>Alle ore 15:<\/p><p>Seguito della discussione del progetto di Costituzione della Repubblica italiana.<\/p>\t\t\t\t\t\t\t\t<\/div>\n\t\t\t\t<\/div>\n\t\t\t\t\t<\/div>\n\t\t<\/div>\n\t\t\t\t\t<\/div>\n\t\t<\/section>\n\t\t\t\t<\/div>\n\t\t","protected":false},"excerpt":{"rendered":"<p>Versione PDF ASSEMBLEA COSTITUENTE CIV. SEDUTA DI LUNED\u00cc 28 APRILE 1947 PRESIDENZA DEL PRESIDENTE TERRACINI indi DEL VICEPRESIDENTE PECORARI INDICE Congedi: Presidente\u00a0\u00a0\u00a0\u00a0\u00a0\u00a0\u00a0\u00a0\u00a0\u00a0\u00a0\u00a0\u00a0\u00a0\u00a0\u00a0\u00a0\u00a0\u00a0\u00a0\u00a0\u00a0\u00a0\u00a0\u00a0\u00a0\u00a0\u00a0\u00a0\u00a0\u00a0\u00a0\u00a0\u00a0\u00a0\u00a0\u00a0\u00a0\u00a0\u00a0\u00a0\u00a0\u00a0\u00a0\u00a0\u00a0\u00a0\u00a0\u00a0\u00a0\u00a0\u00a0\u00a0\u00a0\u00a0\u00a0\u00a0\u00a0\u00a0\u00a0\u00a0\u00a0\u00a0\u00a0\u00a0\u00a0\u00a0\u00a0\u00a0\u00a0\u00a0\u00a0\u00a0\u00a0\u00a0\u00a0\u00a0\u00a0\u00a0\u00a0\u00a0\u00a0\u00a0\u00a0\u00a0\u00a0\u00a0\u00a0\u00a0\u00a0\u00a0\u00a0\u00a0\u00a0\u00a0\u00a0\u00a0\u00a0\u00a0\u00a0\u00a0\u00a0\u00a0\u00a0 Ringraziamento del Capo dello Stato: Presidente\u00a0\u00a0\u00a0\u00a0\u00a0\u00a0\u00a0\u00a0\u00a0\u00a0\u00a0\u00a0\u00a0\u00a0\u00a0\u00a0\u00a0\u00a0\u00a0\u00a0\u00a0\u00a0\u00a0\u00a0\u00a0\u00a0\u00a0\u00a0\u00a0\u00a0\u00a0\u00a0\u00a0\u00a0\u00a0\u00a0\u00a0\u00a0\u00a0\u00a0\u00a0\u00a0\u00a0\u00a0\u00a0\u00a0\u00a0\u00a0\u00a0\u00a0\u00a0\u00a0\u00a0\u00a0\u00a0\u00a0\u00a0\u00a0\u00a0\u00a0\u00a0\u00a0\u00a0\u00a0\u00a0\u00a0\u00a0\u00a0\u00a0\u00a0\u00a0\u00a0\u00a0\u00a0\u00a0\u00a0\u00a0\u00a0\u00a0\u00a0\u00a0\u00a0\u00a0\u00a0\u00a0\u00a0\u00a0\u00a0\u00a0\u00a0\u00a0\u00a0\u00a0\u00a0\u00a0\u00a0\u00a0\u00a0\u00a0\u00a0\u00a0\u00a0\u00a0\u00a0 Ringraziamento del Corpo accademico dell\u2019Universit\u00e0 di Trieste: Presidente\u00a0\u00a0\u00a0\u00a0\u00a0\u00a0\u00a0\u00a0\u00a0\u00a0\u00a0\u00a0\u00a0\u00a0\u00a0\u00a0\u00a0\u00a0\u00a0\u00a0\u00a0\u00a0\u00a0\u00a0\u00a0\u00a0\u00a0\u00a0\u00a0\u00a0\u00a0\u00a0\u00a0\u00a0\u00a0\u00a0\u00a0\u00a0\u00a0\u00a0\u00a0\u00a0\u00a0\u00a0\u00a0\u00a0\u00a0\u00a0\u00a0\u00a0\u00a0\u00a0\u00a0\u00a0\u00a0\u00a0\u00a0\u00a0\u00a0\u00a0\u00a0\u00a0\u00a0\u00a0\u00a0\u00a0\u00a0\u00a0\u00a0\u00a0\u00a0\u00a0\u00a0\u00a0\u00a0\u00a0\u00a0\u00a0\u00a0\u00a0\u00a0\u00a0\u00a0\u00a0\u00a0\u00a0\u00a0\u00a0\u00a0\u00a0\u00a0\u00a0\u00a0\u00a0\u00a0\u00a0\u00a0\u00a0\u00a0\u00a0\u00a0\u00a0\u00a0\u00a0 Sulla composizione della Commissione degli Undici: Presidente\u00a0\u00a0\u00a0\u00a0\u00a0\u00a0\u00a0\u00a0\u00a0\u00a0\u00a0\u00a0\u00a0\u00a0\u00a0\u00a0\u00a0\u00a0\u00a0\u00a0\u00a0\u00a0\u00a0\u00a0\u00a0\u00a0\u00a0\u00a0\u00a0\u00a0\u00a0\u00a0\u00a0\u00a0\u00a0\u00a0\u00a0\u00a0\u00a0\u00a0\u00a0\u00a0\u00a0\u00a0\u00a0\u00a0\u00a0\u00a0\u00a0\u00a0\u00a0\u00a0\u00a0\u00a0\u00a0\u00a0\u00a0\u00a0\u00a0\u00a0\u00a0\u00a0\u00a0\u00a0\u00a0\u00a0\u00a0\u00a0\u00a0\u00a0\u00a0\u00a0\u00a0\u00a0\u00a0\u00a0\u00a0\u00a0\u00a0\u00a0\u00a0\u00a0\u00a0\u00a0\u00a0\u00a0\u00a0\u00a0\u00a0\u00a0\u00a0\u00a0\u00a0\u00a0\u00a0\u00a0\u00a0\u00a0\u00a0\u00a0\u00a0\u00a0\u00a0\u00a0 Commemorazione di Antonio Gramsci: Scoccimarro\u00a0\u00a0\u00a0\u00a0\u00a0\u00a0\u00a0\u00a0\u00a0\u00a0\u00a0\u00a0\u00a0\u00a0\u00a0\u00a0\u00a0\u00a0\u00a0\u00a0\u00a0\u00a0\u00a0\u00a0\u00a0\u00a0\u00a0\u00a0\u00a0\u00a0\u00a0\u00a0\u00a0\u00a0\u00a0\u00a0\u00a0\u00a0\u00a0\u00a0\u00a0\u00a0\u00a0\u00a0\u00a0\u00a0\u00a0\u00a0\u00a0\u00a0\u00a0\u00a0\u00a0\u00a0\u00a0\u00a0\u00a0\u00a0\u00a0\u00a0\u00a0\u00a0\u00a0\u00a0\u00a0\u00a0\u00a0\u00a0\u00a0\u00a0\u00a0\u00a0\u00a0\u00a0\u00a0\u00a0\u00a0\u00a0\u00a0\u00a0\u00a0\u00a0\u00a0\u00a0\u00a0\u00a0\u00a0\u00a0\u00a0\u00a0\u00a0\u00a0\u00a0\u00a0\u00a0\u00a0\u00a0\u00a0\u00a0\u00a0 Gabrieli\u00a0\u00a0\u00a0\u00a0\u00a0\u00a0\u00a0\u00a0\u00a0\u00a0\u00a0\u00a0\u00a0\u00a0\u00a0\u00a0\u00a0\u00a0\u00a0\u00a0\u00a0\u00a0\u00a0\u00a0\u00a0\u00a0\u00a0\u00a0\u00a0\u00a0\u00a0\u00a0\u00a0\u00a0\u00a0\u00a0\u00a0\u00a0\u00a0\u00a0\u00a0\u00a0\u00a0\u00a0\u00a0\u00a0\u00a0\u00a0\u00a0\u00a0\u00a0\u00a0\u00a0\u00a0\u00a0\u00a0\u00a0\u00a0\u00a0\u00a0\u00a0\u00a0\u00a0\u00a0\u00a0\u00a0\u00a0\u00a0\u00a0\u00a0\u00a0\u00a0\u00a0\u00a0\u00a0\u00a0\u00a0\u00a0\u00a0\u00a0\u00a0\u00a0\u00a0\u00a0\u00a0\u00a0\u00a0\u00a0\u00a0\u00a0\u00a0\u00a0\u00a0\u00a0\u00a0\u00a0\u00a0\u00a0\u00a0\u00a0\u00a0\u00a0\u00a0\u00a0\u00a0\u00a0\u00a0\u00a0 Lussu\u00a0\u00a0\u00a0\u00a0\u00a0\u00a0\u00a0\u00a0\u00a0\u00a0\u00a0\u00a0\u00a0\u00a0\u00a0\u00a0\u00a0\u00a0\u00a0\u00a0\u00a0\u00a0\u00a0\u00a0\u00a0\u00a0\u00a0\u00a0\u00a0\u00a0\u00a0\u00a0\u00a0\u00a0\u00a0\u00a0\u00a0\u00a0\u00a0\u00a0\u00a0\u00a0\u00a0\u00a0\u00a0\u00a0\u00a0\u00a0\u00a0\u00a0\u00a0\u00a0\u00a0\u00a0\u00a0\u00a0\u00a0\u00a0\u00a0\u00a0\u00a0\u00a0\u00a0\u00a0\u00a0\u00a0\u00a0\u00a0\u00a0\u00a0\u00a0\u00a0\u00a0\u00a0\u00a0\u00a0\u00a0\u00a0\u00a0\u00a0\u00a0\u00a0\u00a0\u00a0\u00a0\u00a0\u00a0\u00a0\u00a0\u00a0\u00a0\u00a0\u00a0\u00a0\u00a0\u00a0\u00a0\u00a0\u00a0\u00a0\u00a0\u00a0\u00a0\u00a0\u00a0\u00a0\u00a0\u00a0\u00a0\u00a0\u00a0\u00a0 Targetti\u00a0\u00a0\u00a0\u00a0\u00a0\u00a0\u00a0\u00a0\u00a0\u00a0\u00a0\u00a0\u00a0\u00a0\u00a0\u00a0\u00a0\u00a0\u00a0\u00a0\u00a0\u00a0\u00a0\u00a0\u00a0\u00a0\u00a0\u00a0\u00a0\u00a0\u00a0\u00a0\u00a0\u00a0\u00a0\u00a0\u00a0\u00a0\u00a0\u00a0\u00a0\u00a0\u00a0\u00a0\u00a0\u00a0\u00a0\u00a0\u00a0\u00a0\u00a0\u00a0\u00a0\u00a0\u00a0\u00a0\u00a0\u00a0\u00a0\u00a0\u00a0\u00a0\u00a0\u00a0\u00a0\u00a0\u00a0\u00a0\u00a0\u00a0\u00a0\u00a0\u00a0\u00a0\u00a0\u00a0\u00a0\u00a0\u00a0\u00a0\u00a0\u00a0\u00a0\u00a0\u00a0\u00a0\u00a0\u00a0\u00a0\u00a0\u00a0\u00a0\u00a0\u00a0\u00a0\u00a0\u00a0\u00a0\u00a0\u00a0\u00a0\u00a0\u00a0\u00a0\u00a0\u00a0\u00a0 Calosso\u00a0\u00a0\u00a0\u00a0\u00a0\u00a0\u00a0\u00a0\u00a0\u00a0\u00a0\u00a0\u00a0\u00a0\u00a0\u00a0\u00a0\u00a0\u00a0\u00a0\u00a0\u00a0\u00a0\u00a0\u00a0\u00a0\u00a0\u00a0\u00a0\u00a0\u00a0\u00a0\u00a0\u00a0\u00a0\u00a0\u00a0\u00a0\u00a0\u00a0\u00a0\u00a0\u00a0\u00a0\u00a0\u00a0\u00a0\u00a0\u00a0\u00a0\u00a0\u00a0\u00a0\u00a0\u00a0\u00a0\u00a0\u00a0\u00a0\u00a0\u00a0\u00a0\u00a0\u00a0\u00a0\u00a0\u00a0\u00a0\u00a0\u00a0\u00a0\u00a0\u00a0\u00a0\u00a0\u00a0\u00a0\u00a0\u00a0\u00a0\u00a0\u00a0\u00a0\u00a0\u00a0\u00a0\u00a0\u00a0\u00a0\u00a0\u00a0\u00a0\u00a0\u00a0\u00a0\u00a0\u00a0\u00a0\u00a0\u00a0\u00a0\u00a0\u00a0\u00a0\u00a0\u00a0\u00a0\u00a0 Macrelli\u00a0\u00a0\u00a0\u00a0\u00a0\u00a0\u00a0\u00a0\u00a0\u00a0\u00a0\u00a0\u00a0\u00a0\u00a0\u00a0\u00a0\u00a0\u00a0\u00a0\u00a0\u00a0\u00a0\u00a0\u00a0\u00a0\u00a0\u00a0\u00a0\u00a0\u00a0\u00a0\u00a0\u00a0\u00a0\u00a0\u00a0\u00a0\u00a0\u00a0\u00a0\u00a0\u00a0\u00a0\u00a0\u00a0\u00a0\u00a0\u00a0\u00a0\u00a0\u00a0\u00a0\u00a0\u00a0\u00a0\u00a0\u00a0\u00a0\u00a0\u00a0\u00a0\u00a0\u00a0\u00a0\u00a0\u00a0\u00a0\u00a0\u00a0\u00a0\u00a0\u00a0\u00a0\u00a0\u00a0\u00a0\u00a0\u00a0\u00a0\u00a0\u00a0\u00a0\u00a0\u00a0\u00a0\u00a0\u00a0\u00a0\u00a0\u00a0\u00a0\u00a0\u00a0\u00a0\u00a0\u00a0\u00a0\u00a0\u00a0\u00a0\u00a0\u00a0\u00a0\u00a0\u00a0 Corsi\u00a0\u00a0\u00a0\u00a0\u00a0\u00a0\u00a0\u00a0\u00a0\u00a0\u00a0\u00a0\u00a0\u00a0\u00a0\u00a0\u00a0\u00a0\u00a0\u00a0\u00a0\u00a0\u00a0\u00a0\u00a0\u00a0\u00a0\u00a0\u00a0\u00a0\u00a0\u00a0\u00a0\u00a0\u00a0\u00a0\u00a0\u00a0\u00a0\u00a0\u00a0\u00a0\u00a0\u00a0\u00a0\u00a0\u00a0\u00a0\u00a0\u00a0\u00a0\u00a0\u00a0\u00a0\u00a0\u00a0\u00a0\u00a0\u00a0\u00a0\u00a0\u00a0\u00a0\u00a0\u00a0\u00a0\u00a0\u00a0\u00a0\u00a0\u00a0\u00a0\u00a0\u00a0\u00a0\u00a0\u00a0\u00a0\u00a0\u00a0\u00a0\u00a0\u00a0\u00a0\u00a0\u00a0\u00a0\u00a0\u00a0\u00a0\u00a0\u00a0\u00a0\u00a0\u00a0\u00a0\u00a0\u00a0\u00a0\u00a0\u00a0\u00a0\u00a0\u00a0\u00a0\u00a0\u00a0\u00a0\u00a0\u00a0\u00a0\u00a0\u00a0 Colitto\u00a0\u00a0\u00a0\u00a0\u00a0\u00a0\u00a0\u00a0\u00a0\u00a0\u00a0\u00a0\u00a0\u00a0\u00a0\u00a0\u00a0\u00a0\u00a0\u00a0\u00a0\u00a0\u00a0\u00a0\u00a0\u00a0\u00a0\u00a0\u00a0\u00a0\u00a0\u00a0\u00a0\u00a0\u00a0\u00a0\u00a0\u00a0\u00a0\u00a0\u00a0\u00a0\u00a0\u00a0\u00a0\u00a0\u00a0\u00a0\u00a0\u00a0\u00a0\u00a0\u00a0\u00a0\u00a0\u00a0\u00a0\u00a0\u00a0\u00a0\u00a0\u00a0\u00a0\u00a0\u00a0\u00a0\u00a0\u00a0\u00a0\u00a0\u00a0\u00a0\u00a0\u00a0\u00a0\u00a0\u00a0\u00a0\u00a0\u00a0\u00a0\u00a0\u00a0\u00a0\u00a0\u00a0\u00a0\u00a0\u00a0\u00a0\u00a0\u00a0\u00a0\u00a0\u00a0\u00a0\u00a0\u00a0\u00a0\u00a0\u00a0\u00a0\u00a0\u00a0\u00a0\u00a0\u00a0\u00a0\u00a0 [&hellip;]<\/p>\n","protected":false},"author":1,"featured_media":0,"comment_status":"closed","ping_status":"closed","sticky":false,"template":"","format":"standard","meta":{"_relevanssi_hide_post":"","_relevanssi_hide_content":"","_relevanssi_pin_for_all":"","_relevanssi_pin_keywords":"","_relevanssi_unpin_keywords":"","_relevanssi_related_keywords":"","_relevanssi_related_include_ids":"","_relevanssi_related_exclude_ids":"","_relevanssi_related_no_append":"","_relevanssi_related_not_related":"","_relevanssi_related_posts":"2017,2364,2042,2036,1970,2046","_relevanssi_noindex_reason":"","_monsterinsights_skip_tracking":false,"_monsterinsights_sitenote_active":false,"_monsterinsights_sitenote_note":"","_monsterinsights_sitenote_category":0,"footnotes":""},"categories":[47,7],"tags":[],"post_folder":[46],"class_list":["post-1818","post","type-post","status-publish","format-standard","hentry","category-1947-04","category-assemblea"],"aioseo_notices":[],"_links":{"self":[{"href":"https:\/\/comenascelacostituzione.it\/index.php?rest_route=\/wp\/v2\/posts\/1818","targetHints":{"allow":["GET"]}}],"collection":[{"href":"https:\/\/comenascelacostituzione.it\/index.php?rest_route=\/wp\/v2\/posts"}],"about":[{"href":"https:\/\/comenascelacostituzione.it\/index.php?rest_route=\/wp\/v2\/types\/post"}],"author":[{"embeddable":true,"href":"https:\/\/comenascelacostituzione.it\/index.php?rest_route=\/wp\/v2\/users\/1"}],"replies":[{"embeddable":true,"href":"https:\/\/comenascelacostituzione.it\/index.php?rest_route=%2Fwp%2Fv2%2Fcomments&post=1818"}],"version-history":[{"count":5,"href":"https:\/\/comenascelacostituzione.it\/index.php?rest_route=\/wp\/v2\/posts\/1818\/revisions"}],"predecessor-version":[{"id":7173,"href":"https:\/\/comenascelacostituzione.it\/index.php?rest_route=\/wp\/v2\/posts\/1818\/revisions\/7173"}],"wp:attachment":[{"href":"https:\/\/comenascelacostituzione.it\/index.php?rest_route=%2Fwp%2Fv2%2Fmedia&parent=1818"}],"wp:term":[{"taxonomy":"category","embeddable":true,"href":"https:\/\/comenascelacostituzione.it\/index.php?rest_route=%2Fwp%2Fv2%2Fcategories&post=1818"},{"taxonomy":"post_tag","embeddable":true,"href":"https:\/\/comenascelacostituzione.it\/index.php?rest_route=%2Fwp%2Fv2%2Ftags&post=1818"},{"taxonomy":"post_folder","embeddable":true,"href":"https:\/\/comenascelacostituzione.it\/index.php?rest_route=%2Fwp%2Fv2%2Fpost_folder&post=1818"}],"curies":[{"name":"wp","href":"https:\/\/api.w.org\/{rel}","templated":true}]}}